{"id":42209,"date":"2024-09-14T14:39:15","date_gmt":"2024-09-14T14:39:15","guid":{"rendered":"http:\/\/historiografija.hr\/?p=42209"},"modified":"2024-09-14T14:41:37","modified_gmt":"2024-09-14T14:41:37","slug":"u-potrazi-za-drugim-misljenjem-izjave-nadbiskupa-mate-uzinica-o-rodnim-studijima","status":"publish","type":"post","link":"https:\/\/historiografija.hr\/?p=42209","title":{"rendered":"U potrazi za \u201edrugim mi\u0161ljenjem\u201c \u2013 izjave nadbiskupa Mate Uzini\u0107a o rodnim studijima"},"content":{"rendered":"\n<p>Nakon \u0161to su dosad prevladavali pozivi na osudu, zabranu i ostavke, izjave nadbiskupa Mate Uzini\u0107a da \u201enije mogu\u0107e staviti (\u2026) znak jednakosti izme\u0111u rodne teorije i rodne ideologije dodaju\u0107i pri tom kako olako padamo pod utjecaj razli\u010ditih teorija zavjera\u201c te da bi se katoli\u010dki fakulteti trebali baviti rodnim studijima jasno pokazuju da je o tome itekako mogu\u0107e imati &#8211; <a href=\"https:\/\/historiografija.hr\/?p=41960\">toliko zazivano<\/a> &#8211; druga\u010dije mi\u0161ljenje i me\u0111u predstavnicima Katoli\u010dke crkve u Hrvatskoj. Nadamo se da \u0107e se izricanje razli\u010ditih mi\u0161ljenja nastaviti i potaknuti dijalog, javnu raspravu ili polemike o rodnim studijima i me\u0111u njima.<\/p>\n\n\n\n<hr class=\"wp-block-separator\"\/>\n\n\n\n<p>Izjave Mate Uzini\u0107a<\/p>\n\n\n\n<p><a href=\"https:\/\/radio.hrt.hr\/prvi-program\/zivot\/crkvi-nisu-potrebne-zakulisne-igre-11747571\">https:\/\/radio.hrt.hr\/prvi-program\/zivot\/crkvi-nisu-potrebne-zakulisne-igre-11747571<\/a><\/p>\n\n\n\n<hr class=\"wp-block-separator\"\/>\n\n\n\n<p>Medijski odjeci:<\/p>\n\n\n\n<figure class=\"wp-block-embed-wordpress wp-block-embed is-type-wp-embed is-provider-ika\"><div class=\"wp-block-embed__wrapper\">\n<iframe loading=\"lazy\" class=\"wp-embedded-content\" sandbox=\"allow-scripts\" security=\"restricted\" title=\"&#8220;Nadbiskup Uzini\u0107 gostovao u emisiji \u201eSusret u dijalogu\u201c Hrvatskoga radija&#8221; &#8212; IKA\" src=\"https:\/\/ika.hkm.hr\/novosti\/nadbiskup-uzinic-gostovao-u-emisiji-susret-u-dijalogu-hrvatskoga-radija\/embed\/#?secret=wRbSIwmEeR\" data-secret=\"wRbSIwmEeR\" width=\"600\" height=\"338\" frameborder=\"0\" marginwidth=\"0\" marginheight=\"0\" scrolling=\"no\"><\/iframe>\n<\/div><\/figure>\n\n\n\n<figure class=\"wp-block-embed-wordpress wp-block-embed is-type-wp-embed is-provider-dijalog-hr\"><div class=\"wp-block-embed__wrapper\">\n<blockquote class=\"wp-embedded-content\" data-secret=\"2o72aArzaa\"><a href=\"https:\/\/dijalog.hr\/kolumne\/rodna-afera-izazvala-podjelu-u-crkvi-skupini-od-petero-katolickih-profesora-prikljucio-se-i-jedan-biskup\/55948\/\">Rodna afera izazvala podjelu u Crkvi: Skupini od petero katoli\u010dkih profesora priklju\u010dio se i jedan biskup<\/a><\/blockquote><iframe loading=\"lazy\" class=\"wp-embedded-content\" sandbox=\"allow-scripts\" security=\"restricted\" style=\"position: absolute; clip: rect(1px, 1px, 1px, 1px);\" title=\"&#8220;Rodna afera izazvala podjelu u Crkvi: Skupini od petero katoli\u010dkih profesora priklju\u010dio se i jedan biskup&#8221; &#8212; Dijalog.hr\" src=\"https:\/\/dijalog.hr\/kolumne\/rodna-afera-izazvala-podjelu-u-crkvi-skupini-od-petero-katolickih-profesora-prikljucio-se-i-jedan-biskup\/55948\/embed\/#?secret=9TT4ge2ozc#?secret=2o72aArzaa\" data-secret=\"2o72aArzaa\" width=\"600\" height=\"338\" frameborder=\"0\" marginwidth=\"0\" marginheight=\"0\" scrolling=\"no\"><\/iframe>\n<\/div><\/figure>\n\n\n\n<p><a href=\"https:\/\/www.telegram.hr\/politika-kriminal\/nadbiskup-uzinic-opet-protiv-struje-olako-padamo-pod-utjecaj-teorija-zavjera-rodni-studiji-nam-trebaju-i-na-katolickim-fakultetima\/\">https:\/\/www.telegram.hr\/politika-kriminal\/nadbiskup-uzinic-opet-protiv-struje-olako-padamo-pod-utjecaj-teorija-zavjera-rodni-studiji-nam-trebaju-i-na-katolickim-fakultetima\/<\/a><\/p>\n\n\n\n<hr class=\"wp-block-separator\"\/>\n\n\n\n<p>Prethodni prilozi na portalu Historiografija.hr:<\/p>\n\n\n\n<figure class=\"wp-block-embed-wordpress wp-block-embed is-type-wp-embed is-provider-historiografija-hr\"><div class=\"wp-block-embed__wrapper\">\n<blockquote class=\"wp-embedded-content\" data-secret=\"a6x5byRXSU\"><a href=\"https:\/\/historiografija.hr\/?p=41960\">U potrazi za \u201edrugim mi\u0161ljenjem\u201c \u2013 povodom davanja mandata na raspolaganje dekana KBF-a i FFRZ-a zbog \u201epogre\u0161nog\u201c glasanja o rodnim studijima<\/a><\/blockquote><iframe loading=\"lazy\" class=\"wp-embedded-content\" sandbox=\"allow-scripts\" security=\"restricted\" style=\"position: absolute; clip: rect(1px, 1px, 1px, 1px);\" title=\"&#8220;U potrazi za \u201edrugim mi\u0161ljenjem\u201c \u2013 povodom davanja mandata na raspolaganje dekana KBF-a i FFRZ-a zbog \u201epogre\u0161nog\u201c glasanja o rodnim studijima&#8221; &#8212; Historiografija.hr\" src=\"https:\/\/historiografija.hr\/?p=41960&#038;embed=true#?secret=a6x5byRXSU\" data-secret=\"a6x5byRXSU\" width=\"600\" height=\"338\" frameborder=\"0\" marginwidth=\"0\" marginheight=\"0\" scrolling=\"no\"><\/iframe>\n<\/div><\/figure>\n\n\n\n<hr class=\"wp-block-separator\"\/>\n","protected":false},"excerpt":{"rendered":"","protected":false},"author":2,"featured_media":41506,"comment_status":"open","ping_status":"open","sticky":false,"template":"","format":"standard","meta":{"_acf_changed":false,"jetpack_post_was_ever_published":false,"_jetpack_newsletter_access":"","_jetpack_dont_email_post_to_subs":false,"_jetpack_newsletter_tier_id":0,"_jetpack_memberships_contains_paywalled_content":false,"_jetpack_memberships_contains_paid_content":false,"footnotes":"","jetpack_publicize_message":"","jetpack_publicize_feature_enabled":true,"jetpack_social_post_already_shared":true,"jetpack_social_options":{"image_generator_settings":{"template":"highway","default_image_id":0,"font":"","enabled":false},"version":2}},"categories":[3,17],"tags":[],"class_list":["post-42209","post","type-post","status-publish","format-standard","has-post-thumbnail","hentry","category-novosti","category-rasprave"],"acf":{"facebook_opis":""},"jetpack_publicize_connections":[],"jetpack_featured_media_url":"https:\/\/i0.wp.com\/historiografija.hr\/wp-content\/uploads\/2024\/07\/Rodna_povijest-1.jpg?fit=765%2C325&ssl=1","jetpack_sharing_enabled":true,"jetpack-related-posts":[],"_links":{"self":[{"href":"https:\/\/historiografija.hr\/index.php?rest_route=\/wp\/v2\/posts\/42209","targetHints":{"allow":["GET"]}}],"collection":[{"href":"https:\/\/historiografija.hr\/index.php?rest_route=\/wp\/v2\/posts"}],"about":[{"href":"https:\/\/historiografija.hr\/index.php?rest_route=\/wp\/v2\/types\/post"}],"author":[{"embeddable":true,"href":"https:\/\/historiografija.hr\/index.php?rest_route=\/wp\/v2\/users\/2"}],"replies":[{"embeddable":true,"href":"https:\/\/historiografija.hr\/index.php?rest_route=%2Fwp%2Fv2%2Fcomments&post=42209"}],"version-history":[{"count":3,"href":"https:\/\/historiografija.hr\/index.php?rest_route=\/wp\/v2\/posts\/42209\/revisions"}],"predecessor-version":[{"id":42212,"href":"https:\/\/historiografija.hr\/index.php?rest_route=\/wp\/v2\/posts\/42209\/revisions\/42212"}],"wp:featuredmedia":[{"embeddable":true,"href":"https:\/\/historiografija.hr\/index.php?rest_route=\/wp\/v2\/media\/41506"}],"wp:attachment":[{"href":"https:\/\/historiografija.hr\/index.php?rest_route=%2Fwp%2Fv2%2Fmedia&parent=42209"}],"wp:term":[{"taxonomy":"category","embeddable":true,"href":"https:\/\/historiografija.hr\/index.php?rest_route=%2Fwp%2Fv2%2Fcategories&post=42209"},{"taxonomy":"post_tag","embeddable":true,"href":"https:\/\/historiografija.hr\/index.php?rest_route=%2Fwp%2Fv2%2Ftags&post=42209"}],"curies":[{"name":"wp","href":"https:\/\/api.w.org\/{rel}","templated":true}]}}