{"id":42206,"date":"2024-09-14T14:06:35","date_gmt":"2024-09-14T14:06:35","guid":{"rendered":"http:\/\/historiografija.hr\/?p=42206"},"modified":"2024-09-14T14:06:35","modified_gmt":"2024-09-14T14:06:35","slug":"caponeu-poziv-za-prijave-na-drugu-sezone-feministicke-citaonice-u-zagrebackoj-booksi","status":"publish","type":"post","link":"https:\/\/historiografija.hr\/?p=42206","title":{"rendered":"(CAPONEU) Poziv za prijave na drugu sezone Feministi\u010dke \u010ditaonice u zagreba\u010dkoj Booksi"},"content":{"rendered":"\n<p><strong>Feministi\u010dka \u010ditaonica prima nove \u010dlanice i \u010dlanove!<\/strong><\/p>\n\n\n\n<p>Feministi\u010dka \u010ditaonica ove jeseni ponovno se okuplja u Booksi i prima nove \u010dlanice i \u010dlanove!<\/p>\n\n\n\n<p>Sastanci ovog \u010ditateljskog kluba odr\u017eavat \u0107e se jednom mjese\u010dno (planirano drugi \u010detvrtak u mjesecu) u&nbsp;<strong>18 sati<\/strong> u <strong>Booksi<\/strong>, a prvi susret imat \u0107emo <strong>10. listopada 2024<\/strong>.<\/p>\n\n\n\n<p>Voditeljica <strong>Mirela Daki\u0107<\/strong> ovako najavljuje novu sezonu: &#8220;U drugoj sezoni \u010ditaonice istra\u017eivat \u0107emo klasike politi\u010dkog romana i mogu\u0107nosti njihova feministi\u010dkog \u010ditanja. Iz mjeseca u mjesec \u010dlanice i \u010dlanovi kluba birat \u0107e naslove uglavnom iz manjih europskih knji\u017eevnosti, a sezonu \u0107emo prigodno otvoriti doma\u0107im naslovom. Na prvom sastanku razgovarat \u0107emo o <strong><em>Forsiranju romana-reke<\/em><\/strong> Dubravke Ugre\u0161i\u0107 (1988). Prate\u0107i me\u0111unarodni susret pisaca u sredi\u0161tu Zagreba osamdesetih godina, ovaj roman iznosi dru\u0161tveno-politi\u010dku i kulturnu dijagnozu uz poigravanje \u017eanrovima, spisateljsku refleksiju i humor specifi\u010dan za autori\u010dinu ranu poetiku. Budu\u0107i da se rje\u0111e \u010dita i spominje me\u0111u ostalim autori\u010dinim djelima, mogao bi iznenaditi \u010dak i poznavatelje njezina opusa, kao i one koji ga tek otkrivaju.&#8221;<\/p>\n\n\n\n<p>Ako ste zainteresirani za sudjelovanje, prijavu za \u010ditaonicu s kratkim motivacijskim pismom potrebno je poslati na <strong><u><a href=\"mailto:booksa@booksa.hr\">booksa@booksa.hr<\/a><\/u><\/strong> i <strong><u><a href=\"mailto:mdakic2@m.ffzg.hr\">mdakic2@m.ffzg.hr<\/a><\/u><\/strong> do <strong>20. rujna 2024.<\/strong><\/p>\n\n\n\n<p>Voditeljica \u010citaonice, Mirela Daki\u0107, knji\u017eevna je teoreti\u010darka i vi\u0161a asistentica na Filozofskom fakultetu u Zagrebu.<\/p>\n\n\n\n<p><strong>Jo\u0161 par informacija o Feministi\u010dkoj \u010ditaonici<\/strong><\/p>\n\n\n\n<p>Za sudjelovanje u klubu nije potrebno predznanje o temi i nema gornje dobne granice. Ako volite i \u017eelite \u010ditati, a pritom i u dobrom dru\u0161tvu razgovarati o knjizi, Feministi\u010dka \u010ditaonica mogla bi postati va\u0161 novi omiljeni hobi! Veselimo se va\u0161im prijavama!<\/p>\n\n\n\n<p>\u0160to smo \u010ditali i o \u010demu smo diskutirali u prvoj godini \u010ditaonice, doznajte <a href=\"https:\/\/booksa.eu\/kritike\/feministicka-citaonica-pogled-unatrag-i-preporuke\">u izvje\u0161taju<\/a>.<\/p>\n\n\n\n<p>Feministi\u010dka \u010ditaonica organizirana je u suradnji Bookse i zagreba\u010dkog Filozofskog fakulteta u okviru Horizon Europe projekta <em>Kartografija politi\u010dkog romana u Europi<\/em> (<em>The Cartography of the Political Novel in Europe<\/em>). Vi\u0161e detalja o projektu mo\u017eete prona\u0107i <a href=\"https:\/\/www.caponeu.eu\/\">na stranici projekta<\/a> i dru\u0161tvenim mre\u017eama: <a href=\"https:\/\/www.facebook.com\/profile.php?id=100089829465487\">Facebook<\/a> i <a href=\"https:\/\/www.instagram.com\/politicalnovel\/\">Instagram<\/a>.<\/p>\n\n\n\n<hr class=\"wp-block-separator\"\/>\n\n\n\n<p>Izvor:<\/p>\n\n\n\n<p><a href=\"https:\/\/booksa.hr\/vijesti\/vijesti\/feministicka-citaonica-prima-nove-clanice-i-clanove\">https:\/\/booksa.hr\/vijesti\/vijesti\/feministicka-citaonica-prima-nove-clanice-i-clanove<\/a><\/p>\n\n\n\n<hr class=\"wp-block-separator\"\/>\n","protected":false},"excerpt":{"rendered":"","protected":false},"author":2,"featured_media":42207,"comment_status":"open","ping_status":"open","sticky":false,"template":"","format":"standard","meta":{"_acf_changed":false,"jetpack_post_was_ever_published":false,"_jetpack_newsletter_access":"","_jetpack_dont_email_post_to_subs":false,"_jetpack_newsletter_tier_id":0,"_jetpack_memberships_contains_paywalled_content":false,"_jetpack_memberships_contains_paid_content":false,"footnotes":"","jetpack_publicize_message":"","jetpack_publicize_feature_enabled":true,"jetpack_social_post_already_shared":true,"jetpack_social_options":{"image_generator_settings":{"template":"highway","default_image_id":0,"font":"","enabled":false},"version":2}},"categories":[3,12],"tags":[],"class_list":["post-42206","post","type-post","status-publish","format-standard","has-post-thumbnail","hentry","category-novosti","category-knjizevnost"],"acf":{"facebook_opis":""},"jetpack_publicize_connections":[],"jetpack_featured_media_url":"https:\/\/i0.wp.com\/historiografija.hr\/wp-content\/uploads\/2024\/09\/Citaonica.jpg?fit=576%2C447&ssl=1","jetpack_sharing_enabled":true,"jetpack-related-posts":[],"_links":{"self":[{"href":"https:\/\/historiografija.hr\/index.php?rest_route=\/wp\/v2\/posts\/42206","targetHints":{"allow":["GET"]}}],"collection":[{"href":"https:\/\/historiografija.hr\/index.php?rest_route=\/wp\/v2\/posts"}],"about":[{"href":"https:\/\/historiografija.hr\/index.php?rest_route=\/wp\/v2\/types\/post"}],"author":[{"embeddable":true,"href":"https:\/\/historiografija.hr\/index.php?rest_route=\/wp\/v2\/users\/2"}],"replies":[{"embeddable":true,"href":"https:\/\/historiografija.hr\/index.php?rest_route=%2Fwp%2Fv2%2Fcomments&post=42206"}],"version-history":[{"count":1,"href":"https:\/\/historiografija.hr\/index.php?rest_route=\/wp\/v2\/posts\/42206\/revisions"}],"predecessor-version":[{"id":42208,"href":"https:\/\/historiografija.hr\/index.php?rest_route=\/wp\/v2\/posts\/42206\/revisions\/42208"}],"wp:featuredmedia":[{"embeddable":true,"href":"https:\/\/historiografija.hr\/index.php?rest_route=\/wp\/v2\/media\/42207"}],"wp:attachment":[{"href":"https:\/\/historiografija.hr\/index.php?rest_route=%2Fwp%2Fv2%2Fmedia&parent=42206"}],"wp:term":[{"taxonomy":"category","embeddable":true,"href":"https:\/\/historiografija.hr\/index.php?rest_route=%2Fwp%2Fv2%2Fcategories&post=42206"},{"taxonomy":"post_tag","embeddable":true,"href":"https:\/\/historiografija.hr\/index.php?rest_route=%2Fwp%2Fv2%2Ftags&post=42206"}],"curies":[{"name":"wp","href":"https:\/\/api.w.org\/{rel}","templated":true}]}}