{"id":42203,"date":"2024-09-14T13:54:26","date_gmt":"2024-09-14T13:54:26","guid":{"rendered":"http:\/\/historiografija.hr\/?p=42203"},"modified":"2024-09-14T13:54:26","modified_gmt":"2024-09-14T13:54:26","slug":"17-vrisak-rijecki-sajam-knjiga-i-festival-autora","status":"publish","type":"post","link":"https:\/\/historiografija.hr\/?p=42203","title":{"rendered":"17. Vrisak \u2013 rije\u010dki sajam knjiga i festival autora"},"content":{"rendered":"\n<p>U Rijeci se od 14. do 21. rujna 2024. odr\u017eava 17. Vrisak \u2013 rije\u010dki sajam knjiga i festival autora, \u010diji program sadr\u017ei, izme\u0111u ostalog, razgovor o knjizi Marka Stri\u010devi\u0107a \u201eTito u Rusiji\u201c, povijesnim kriminalisti\u010dkim romanima Borisa Akunina \u010dija je radnja smje\u0161tena u Carskoj Rusiji, romanu \u201ePripovjeda\u010d\u201c Mirane Likar koji tematizira povijest 20. stolje\u0107a, panel \u201eRijeka ili smrt: svi \u017eivoti prijestolnica kulture na granici\u201c i dr.<\/p>\n\n\n\n<hr class=\"wp-block-separator\"\/>\n\n\n\n<p>Program:<\/p>\n\n\n\n<figure class=\"wp-block-embed-wordpress wp-block-embed is-type-wp-embed is-provider-vrisak\"><div class=\"wp-block-embed__wrapper\">\n<blockquote class=\"wp-embedded-content\" data-secret=\"LHdsn388z8\"><a href=\"https:\/\/vrisak.vbz.hr\/program-2024\/\">Program 2024<\/a><\/blockquote><iframe loading=\"lazy\" class=\"wp-embedded-content\" sandbox=\"allow-scripts\" security=\"restricted\" style=\"position: absolute; clip: rect(1px, 1px, 1px, 1px);\" title=\"&#8220;Program 2024&#8221; &#8212; vRIsak\" src=\"https:\/\/vrisak.vbz.hr\/program-2024\/embed\/#?secret=sLBZJTYXwC#?secret=LHdsn388z8\" data-secret=\"LHdsn388z8\" width=\"600\" height=\"338\" frameborder=\"0\" marginwidth=\"0\" marginheight=\"0\" scrolling=\"no\"><\/iframe>\n<\/div><\/figure>\n\n\n\n<hr class=\"wp-block-separator\"\/>\n","protected":false},"excerpt":{"rendered":"","protected":false},"author":2,"featured_media":42204,"comment_status":"open","ping_status":"open","sticky":false,"template":"","format":"standard","meta":{"_acf_changed":false,"jetpack_post_was_ever_published":false,"_jetpack_newsletter_access":"","_jetpack_dont_email_post_to_subs":false,"_jetpack_newsletter_tier_id":0,"_jetpack_memberships_contains_paywalled_content":false,"_jetpack_memberships_contains_paid_content":false,"footnotes":"","jetpack_publicize_message":"","jetpack_publicize_feature_enabled":true,"jetpack_social_post_already_shared":true,"jetpack_social_options":{"image_generator_settings":{"template":"highway","default_image_id":0,"font":"","enabled":false},"version":2}},"categories":[3,12],"tags":[],"class_list":["post-42203","post","type-post","status-publish","format-standard","has-post-thumbnail","hentry","category-novosti","category-knjizevnost"],"acf":{"facebook_opis":""},"jetpack_publicize_connections":[],"jetpack_featured_media_url":"https:\/\/i0.wp.com\/historiografija.hr\/wp-content\/uploads\/2024\/09\/Vrisak_2024.jpg?fit=2560%2C933&ssl=1","jetpack_sharing_enabled":true,"jetpack-related-posts":[],"_links":{"self":[{"href":"https:\/\/historiografija.hr\/index.php?rest_route=\/wp\/v2\/posts\/42203","targetHints":{"allow":["GET"]}}],"collection":[{"href":"https:\/\/historiografija.hr\/index.php?rest_route=\/wp\/v2\/posts"}],"about":[{"href":"https:\/\/historiografija.hr\/index.php?rest_route=\/wp\/v2\/types\/post"}],"author":[{"embeddable":true,"href":"https:\/\/historiografija.hr\/index.php?rest_route=\/wp\/v2\/users\/2"}],"replies":[{"embeddable":true,"href":"https:\/\/historiografija.hr\/index.php?rest_route=%2Fwp%2Fv2%2Fcomments&post=42203"}],"version-history":[{"count":1,"href":"https:\/\/historiografija.hr\/index.php?rest_route=\/wp\/v2\/posts\/42203\/revisions"}],"predecessor-version":[{"id":42205,"href":"https:\/\/historiografija.hr\/index.php?rest_route=\/wp\/v2\/posts\/42203\/revisions\/42205"}],"wp:featuredmedia":[{"embeddable":true,"href":"https:\/\/historiografija.hr\/index.php?rest_route=\/wp\/v2\/media\/42204"}],"wp:attachment":[{"href":"https:\/\/historiografija.hr\/index.php?rest_route=%2Fwp%2Fv2%2Fmedia&parent=42203"}],"wp:term":[{"taxonomy":"category","embeddable":true,"href":"https:\/\/historiografija.hr\/index.php?rest_route=%2Fwp%2Fv2%2Fcategories&post=42203"},{"taxonomy":"post_tag","embeddable":true,"href":"https:\/\/historiografija.hr\/index.php?rest_route=%2Fwp%2Fv2%2Ftags&post=42203"}],"curies":[{"name":"wp","href":"https:\/\/api.w.org\/{rel}","templated":true}]}}