{"id":42200,"date":"2024-09-14T13:50:36","date_gmt":"2024-09-14T13:50:36","guid":{"rendered":"http:\/\/historiografija.hr\/?p=42200"},"modified":"2024-09-14T13:50:36","modified_gmt":"2024-09-14T13:50:36","slug":"mirana-likar-pripovjedac","status":"publish","type":"post","link":"https:\/\/historiografija.hr\/?p=42200","title":{"rendered":"Mirana Likar, \u201ePripovjeda\u010d\u201c"},"content":{"rendered":"\n<p>Koliko smo kova\u010di vlastite sre\u0107e, a koliko sudbinom poslovi\u010dno malog \u010dovjeka upravljaju neposredne okolnosti, porijeklo, pamet, svjetski doga\u0111aji koje poslije zovemo povijest?<\/p>\n\n\n\n<p>\u017divot Nikolaja \u0160turma ogledni je primjer odnosa tih silnica u dvadesetom stolje\u0107u: mladi\u0107 iz proleterske obitelji promijenio je sedam uniformi tijekom Drugog svjetskog rata, nebrojeno puta bio na rubu smrti, u okovima, u gladi, osu\u0111en na smrt. Pre\u017eivio je ratne strahote, vratio se u Jugoslaviju kao ruski vojnik, \u0161to mu je ponovno ugro\u017eavalo \u017eivot, usprkos skojevskoj i partizanskoj pro\u0161losti. No, Nikolaj kao da je bio predodre\u0111en da postane svjedok povijesti: iznadprosje\u010dne pameti, visok, zgodan, spretan, neuobi\u010dajeno sretno odgojen zahvaljuju\u0107i iznimnoj majci, s iznimno sna\u017enom voljom za \u017eivotom, onkraj biolo\u0161kog nagona.<\/p>\n\n\n\n<p>Slovenski partizan, \u201edobrovoljac\u201d kralja Petra II., vojnik Wermachta, ukrajinski partizan, osu\u0111enik na smrt, ruski vojni zarobljenik, o\u010devidac kanibalizma i nepojmljive neljudskosti, funkcionar u sovjetskom logoru, sovjetski \u0161pijun u njema\u010dkoj uniformi, vojnik Crvene armije, izdajnik, ro\u010dnik JNA po kazni, uspje\u0161an graditelj industrijskih postrojenja. Ali, cijenu je platio: uvijek sam, neprestano na oprezu, zatvoren i \u0161utljiv, ni o\u017eenio se nije.<\/p>\n\n\n\n<p>Nikolaj \u0160turm, 92-godi\u0161njak, pripovijeda svoju za\u010dudnu \u017eivotnu pri\u010du njegovateljici Sandri u luksuznom stara\u010dkom domu. Dobrostoje\u0107i i dobrodr\u017ee\u0107i Nikolaj vrbovao je Sandru na \u0161anku gostionice: isprva da mu donosi obroke, a potom da ga slu\u0161a i bri\u017eno otpravi u onostrano, a zauzvrat naslijedit \u0107e sve njegovo, pa i pozama\u0161nu mirovinu. Umije on vrbovati, sam je to iskusio. Sandra pomnjivo slu\u0161a pri\u010du \u2013 jer njegova je nada da \u0107e je ona prenijeti drugima. Povremeno se gubi, povremeno ne \u017eeli re\u0107i podrobnosti jer ni s jednom nogom u grobu nikoga ne \u017eeli povrijediti, uniziti.<\/p>\n\n\n\n<p>Temeljen na stvarnoj \u017eivotnoj pri\u010di, ovaj je roman zapanjuju\u0107e svjedo\u010danstvo o iznimnoj snazi ljudskog bi\u0107a da se odupre zlu, sa\u010duva dostojanstvo, identitet i integritet, a da sve to nikome drugome ne oduzme.<\/p>\n\n\n\n<p><strong>O autorici<\/strong><\/p>\n\n\n\n<p>Mirana Likar (1961.) diplomirala je slovenski i bibliotekarstvo na Filozofskom fakultetu u Ljubljani. Na sceni se pojavila s tri zbirke kratkih pri\u010da zaredom i odmah bila zapa\u017eena i nagra\u0111ivana. Za zbirku Sobotne zgodbe (2009.) bila je u u\u017eem izboru za nagradu Fabula i prvijenac godine. Iz druge knjige kratkih pri\u010da, Sedem besed (2012.), jedna, Nadin stolnjak, uvr\u0161tena je 2013. u antologiju Best European Fiction, u izdanju Dalkey Archive Pressa u SAD-u, koju je uredio Aleksandar Hemon. U novinama Delo knjiga je uvr\u0161tena me\u0111u pet najva\u017enijih te godine u Sloveniji. Roman Babu\u0161kin kov\u010dek (2017.) imao je sjajnu \u010ditateljsku recepciju. Kratak roman Bibavica (2019.) govori o zaboravljenoj kiparici talijansko-slovenskog porijekla. Drugi roman Pripovedovalec (Zalo\u017eba Goga, 2020.) bio je u u\u017eem izboru za Cankarevu nagradu i nagradu za roman Kresnik. Objavljen je 2024. na makedonskom. \u010cetvrta zbirka kratkih pri\u010da \u017denska hi\u0161a (Goga 2022.) bila je u naju\u017eem izboru za Cankarovu nagradu. Mnoge su pri\u010de nagra\u0111ivane na natje\u010dajima, objavljene na 3. programu nacionalnog radija te uvr\u0161tene u razne antologije, me\u0111u kojima se isti\u010du: Ereignis in der Stadt (Residenz Verlag, 2023.), It s Already the Morning of the Last Day (Sandorf Passage, 2023.), Brez milosti (Goga 2023.), Winzige Anomalien (LUD Literatura, Klingenberg 2022.), 16 Short Stories, Anthology of the Contemporary Slovene Short Story (Slovene Writers Association 2023.). Na hrvatski su joj prevedene pri\u010de u \u010dasopisu Fantom slobode, br.1\/2022. i 1\/2023.<\/p>\n\n\n\n<p>Mirana Likar \u017eivi i radi u Ljubljani.<\/p>\n\n\n\n<hr class=\"wp-block-separator\"\/>\n\n\n\n<p>Izdava\u010d: V.B.Z. d.o.o.<\/p>\n\n\n\n<p>Godina izdanja: 2024<\/p>\n\n\n\n<p>Broj stranica: 244<\/p>\n\n\n\n<hr class=\"wp-block-separator\"\/>\n\n\n\n<p>Izvor:<\/p>\n\n\n\n<p><a href=\"https:\/\/www.vbz.hr\/book\/pripovjedac\/\">https:\/\/www.vbz.hr\/book\/pripovjedac\/<\/a><\/p>\n\n\n\n<hr class=\"wp-block-separator\"\/>\n","protected":false},"excerpt":{"rendered":"","protected":false},"author":2,"featured_media":42201,"comment_status":"open","ping_status":"open","sticky":false,"template":"","format":"standard","meta":{"_acf_changed":false,"jetpack_post_was_ever_published":false,"_jetpack_newsletter_access":"","_jetpack_dont_email_post_to_subs":false,"_jetpack_newsletter_tier_id":0,"_jetpack_memberships_contains_paywalled_content":false,"_jetpack_memberships_contains_paid_content":false,"footnotes":"","jetpack_publicize_message":"","jetpack_publicize_feature_enabled":true,"jetpack_social_post_already_shared":true,"jetpack_social_options":{"image_generator_settings":{"template":"highway","default_image_id":0,"font":"","enabled":false},"version":2}},"categories":[3,12],"tags":[],"class_list":["post-42200","post","type-post","status-publish","format-standard","has-post-thumbnail","hentry","category-novosti","category-knjizevnost"],"acf":{"facebook_opis":""},"jetpack_publicize_connections":[],"jetpack_featured_media_url":"https:\/\/i0.wp.com\/historiografija.hr\/wp-content\/uploads\/2024\/09\/pripovjedac.jpg?fit=671%2C1000&ssl=1","jetpack_sharing_enabled":true,"jetpack-related-posts":[],"_links":{"self":[{"href":"https:\/\/historiografija.hr\/index.php?rest_route=\/wp\/v2\/posts\/42200","targetHints":{"allow":["GET"]}}],"collection":[{"href":"https:\/\/historiografija.hr\/index.php?rest_route=\/wp\/v2\/posts"}],"about":[{"href":"https:\/\/historiografija.hr\/index.php?rest_route=\/wp\/v2\/types\/post"}],"author":[{"embeddable":true,"href":"https:\/\/historiografija.hr\/index.php?rest_route=\/wp\/v2\/users\/2"}],"replies":[{"embeddable":true,"href":"https:\/\/historiografija.hr\/index.php?rest_route=%2Fwp%2Fv2%2Fcomments&post=42200"}],"version-history":[{"count":1,"href":"https:\/\/historiografija.hr\/index.php?rest_route=\/wp\/v2\/posts\/42200\/revisions"}],"predecessor-version":[{"id":42202,"href":"https:\/\/historiografija.hr\/index.php?rest_route=\/wp\/v2\/posts\/42200\/revisions\/42202"}],"wp:featuredmedia":[{"embeddable":true,"href":"https:\/\/historiografija.hr\/index.php?rest_route=\/wp\/v2\/media\/42201"}],"wp:attachment":[{"href":"https:\/\/historiografija.hr\/index.php?rest_route=%2Fwp%2Fv2%2Fmedia&parent=42200"}],"wp:term":[{"taxonomy":"category","embeddable":true,"href":"https:\/\/historiografija.hr\/index.php?rest_route=%2Fwp%2Fv2%2Fcategories&post=42200"},{"taxonomy":"post_tag","embeddable":true,"href":"https:\/\/historiografija.hr\/index.php?rest_route=%2Fwp%2Fv2%2Ftags&post=42200"}],"curies":[{"name":"wp","href":"https:\/\/api.w.org\/{rel}","templated":true}]}}