{"id":42196,"date":"2024-09-11T10:50:15","date_gmt":"2024-09-11T10:50:15","guid":{"rendered":"http:\/\/historiografija.hr\/?p=42196"},"modified":"2024-09-11T10:50:15","modified_gmt":"2024-09-11T10:50:15","slug":"priopcenje-hrvatskog-etnoloskog-drustva-povodom-zabrane-izlozbe-susret-na-tromedi-u-sinju","status":"publish","type":"post","link":"https:\/\/historiografija.hr\/?p=42196","title":{"rendered":"Priop\u0107enje Hrvatskog etnolo\u0161kog dru\u0161tva povodom zabrane izlo\u017ebe ,,Susret na trome\u0111i\u201c u Sinju"},"content":{"rendered":"\n<p><strong>Pismo podr\u0161ke<\/strong><\/p>\n\n\n\n<p>Upravni odbor Hrvatskog etnolo\u0161kog dru\u0161tva, potaknut zabranom otvaranja izlo\u017ebe Inije Heren\u010di\u0107 ,,Susret na trome\u0111i\u201c u sinjskoj Galeriji Sikirica, ovim pismom iskazuje podr\u0161ku ravnateljici Galerije Sikirica Dragani Modri\u0107 na profesionalnom stavu koji je iskazala u kontekstu ovakvog, demokratskim dru\u0161tvima neprimjerenog, te\u0161kog oblika pritiska s politi\u010dke pozicije mo\u0107i na kreiranje umjetni\u010dkog programa i na neovisnost rada jedne ustanove u kulturi.<\/p>\n\n\n\n<p>Ovaj je trenutak va\u017ean za djelatnike u kulturi koji svi ovise o odre\u0111enim izvorima financiranja i odre\u0111enim osniva\u010dima. Upravo ovisnost o temeljnom financiranju \u010dini mnoge djelatnike u kulturi, a pogotovo one najodgovornije, izrazito ranjivima, \u010dak i ucijenjenima zbog uplitanja u programsku i stru\u010dnu djelatnost. Ta praksa dugoro\u010dno \u0161teti kulturi, umjetnosti te djelatnicima u kulturi i njihovom kredibilitetu, a u kona\u010dnici i samoj instituciji ukoliko njeno vodstvo zauzme takav podlo\u017eni\u010dki stav. Programski dio djelatnosti ustanova u kulturi trebao bi se odvijati prema muzejskim i umjetni\u010dkim standardima te dozvoljenim na\u010dinima financiranja.<\/p>\n\n\n\n<p>Smatramo da je ovaj trenutak va\u017ean i zbog primjera odgovornog izra\u017eavanja nezadovoljstva zbog uplitanja u neovisnost rada ustanova u kulturi, kakav je kolegica Modri\u0107 ilustrirala, kao i zbog budnog pra\u0107enja mogu\u0107ih posljedica javnoga prokazivanja istog. Zabranjivanje umjetni\u010dkih programa i cenzura svojstveni su nedemokratskim dru\u0161tvima i \u017eelimo vjerovati da je Hrvatska nadi\u0161la tu fazu i da joj se ne\u0107e vratiti.<\/p>\n\n\n\n<p>Ovaj je slu\u010daj odjeknuo u javnosti kroz razli\u010dite medije, ali vjerojatno ne predstavlja izoliran primjer. Hrvatsko etnolo\u0161ko dru\u0161tvo strukovna je udruga koja okuplja brojne znanstvenike i djelatnike u kulturi iz podru\u010dja etnologije i kulturne antropologije, ali i ljubitelje ba\u0161tine. Mnogi na\u0161i \u010dlanovi rade u muzejima i vode zbirke koje obuhva\u0107aju, u naj\u0161irem smislu, heterogenu i bogatu kulturnu ba\u0161tinu Republike Hrvatske i svijeta. Smatramo da je ova podr\u0161ka bitna, jer mi danas moramo ne dozvoliti takve poku\u0161aje kako u budu\u0107nosti u hrvatskim muzejima i galerijama ne bi bio izlo\u017een samo onaj sadr\u017eaj koji lokalni (ili manje lokalni) mo\u0107nici u tom trenutku smatraju \u201cpodobnim\u201c.<\/p>\n\n\n\n<p>Hrvatsko etnolo\u0161ko dru\u0161tvo zala\u017ee se za toleranciju i interkulturni dijalog u kreiranju&nbsp; umjetni\u010dkih sadr\u017eaja. neovisnost rada svih ustanova u kulturi i pru\u017ea podr\u0161ku svim ravnateljima i djelatnicima koji na prvom mjestu zadr\u017eavaju profesionalnost i odgovornost prema struci.<\/p>\n\n\n\n<p>S nadom u to da se ovakve situacije vi\u0161e ne\u0107e ponoviti,<\/p>\n\n\n\n<p>Olga Orli\u0107, predsjednica Hrvatskog etnolo\u0161kog dru\u0161tva, u ime Upravnog odbora Hrvatskog etnolo\u0161kog dru\u0161tva<\/p>\n\n\n\n<hr class=\"wp-block-separator\"\/>\n\n\n\n<p>Izvor:<\/p>\n\n\n\n<figure class=\"wp-block-embed-wordpress wp-block-embed is-type-wp-embed is-provider-hrvatsko-etnolosko-drustvo\"><div class=\"wp-block-embed__wrapper\">\n<blockquote class=\"wp-embedded-content\" data-secret=\"O4jtBxs5Pa\"><a href=\"https:\/\/hrvatskoetnoloskodrustvo.hr\/pismo-podrske\/\">Pismo podr\u0161ke<\/a><\/blockquote><iframe loading=\"lazy\" class=\"wp-embedded-content\" sandbox=\"allow-scripts\" security=\"restricted\" style=\"position: absolute; clip: rect(1px, 1px, 1px, 1px);\" title=\"&#8220;Pismo podr\u0161ke&#8221; &#8212; hrvatsko etnolo\u0161ko dru\u0161tvo\" src=\"https:\/\/hrvatskoetnoloskodrustvo.hr\/pismo-podrske\/embed\/#?secret=CMJFsFTaY9#?secret=O4jtBxs5Pa\" data-secret=\"O4jtBxs5Pa\" width=\"600\" height=\"338\" frameborder=\"0\" marginwidth=\"0\" marginheight=\"0\" scrolling=\"no\"><\/iframe>\n<\/div><\/figure>\n\n\n\n<hr class=\"wp-block-separator\"\/>\n","protected":false},"excerpt":{"rendered":"","protected":false},"author":2,"featured_media":42197,"comment_status":"open","ping_status":"open","sticky":false,"template":"","format":"standard","meta":{"_acf_changed":false,"jetpack_post_was_ever_published":false,"_jetpack_newsletter_access":"","_jetpack_dont_email_post_to_subs":false,"_jetpack_newsletter_tier_id":0,"_jetpack_memberships_contains_paywalled_content":false,"_jetpack_memberships_contains_paid_content":false,"footnotes":"","jetpack_publicize_message":"","jetpack_publicize_feature_enabled":true,"jetpack_social_post_already_shared":true,"jetpack_social_options":{"image_generator_settings":{"template":"highway","default_image_id":0,"font":"","enabled":false},"version":2}},"categories":[3,17],"tags":[],"class_list":["post-42196","post","type-post","status-publish","format-standard","has-post-thumbnail","hentry","category-novosti","category-rasprave"],"acf":{"facebook_opis":""},"jetpack_publicize_connections":[],"jetpack_featured_media_url":"https:\/\/i0.wp.com\/historiografija.hr\/wp-content\/uploads\/2024\/09\/HED.jpg?fit=489%2C405&ssl=1","jetpack_sharing_enabled":true,"jetpack-related-posts":[],"_links":{"self":[{"href":"https:\/\/historiografija.hr\/index.php?rest_route=\/wp\/v2\/posts\/42196","targetHints":{"allow":["GET"]}}],"collection":[{"href":"https:\/\/historiografija.hr\/index.php?rest_route=\/wp\/v2\/posts"}],"about":[{"href":"https:\/\/historiografija.hr\/index.php?rest_route=\/wp\/v2\/types\/post"}],"author":[{"embeddable":true,"href":"https:\/\/historiografija.hr\/index.php?rest_route=\/wp\/v2\/users\/2"}],"replies":[{"embeddable":true,"href":"https:\/\/historiografija.hr\/index.php?rest_route=%2Fwp%2Fv2%2Fcomments&post=42196"}],"version-history":[{"count":1,"href":"https:\/\/historiografija.hr\/index.php?rest_route=\/wp\/v2\/posts\/42196\/revisions"}],"predecessor-version":[{"id":42198,"href":"https:\/\/historiografija.hr\/index.php?rest_route=\/wp\/v2\/posts\/42196\/revisions\/42198"}],"wp:featuredmedia":[{"embeddable":true,"href":"https:\/\/historiografija.hr\/index.php?rest_route=\/wp\/v2\/media\/42197"}],"wp:attachment":[{"href":"https:\/\/historiografija.hr\/index.php?rest_route=%2Fwp%2Fv2%2Fmedia&parent=42196"}],"wp:term":[{"taxonomy":"category","embeddable":true,"href":"https:\/\/historiografija.hr\/index.php?rest_route=%2Fwp%2Fv2%2Fcategories&post=42196"},{"taxonomy":"post_tag","embeddable":true,"href":"https:\/\/historiografija.hr\/index.php?rest_route=%2Fwp%2Fv2%2Ftags&post=42196"}],"curies":[{"name":"wp","href":"https:\/\/api.w.org\/{rel}","templated":true}]}}