{"id":42190,"date":"2024-09-11T09:22:37","date_gmt":"2024-09-11T09:22:37","guid":{"rendered":"http:\/\/historiografija.hr\/?p=42190"},"modified":"2024-09-11T09:22:37","modified_gmt":"2024-09-11T09:22:37","slug":"proslost-varazdina-u-filmskim-zapisima","status":"publish","type":"post","link":"https:\/\/historiografija.hr\/?p=42190","title":{"rendered":"Pro\u0161lost Vara\u017edina u filmskim zapisima"},"content":{"rendered":"\n<p>Nakon ljetne stanke nastavlja se ciklus <strong>\u201eSrijeda u Muzeju\u201c<\/strong>, u sklopu kojeg se <strong>11. rujna<\/strong> u pala\u010di Herzer Gradskog muzeja Vara\u017edin odr\u017eava program pod nazivom <strong>\u201ePro\u0161lost Vara\u017edina u filmskim zapisima\u201c<\/strong>. Rije\u010d je o projekciji kratkih filmova snimljenih na podru\u010dju Vara\u017edina i okolice u razdoblju od kraja Drugoga svjetskog rata do 80-ih godina pro\u0161log stolje\u0107a, nastalih u produkciji Filmskih novosti u Beogradu.<\/p>\n\n\n\n<p>Filmovi su \u0161arolikoga tematskog spektra: od politike, vojske, gospodarstva, sporta, medicine i lovstva pa sve do kulturnih znamenitosti Vara\u017edinske \u017eupanije. Me\u0111u njima je i filmski zapis iz 1959. s prikazom Franje Ko\u0161\u0107eca i njegove zbirke kukaca kao zametka Entomolo\u0161kog, odnosno kasnije Prirodoslovnog odjela GMV-a.<\/p>\n\n\n\n<p>Projekcija ovih filmova svojevrsni je nastavak programa odr\u017eanog u o\u017eujku ove godine, kad su prikazani filmski zapisi nastali od Prvoga svjetskog rata do 1945., za \u0161to je Gradski muzej Vara\u017edin otkupio prava od Jugoslavenske kinoteke u Beogradu.<\/p>\n\n\n\n<p>Program po\u010dinje <strong>u 19 sati<\/strong>, a ulaz je besplatan.<\/p>\n\n\n\n<p>Ovom prigodom Gradski muzej Vara\u017edin (ponovno) poziva sve koji imaju stare filmske zapise vezane uz podru\u010dje Vara\u017edina i okolice da ih donesu u Muzej, gdje \u0107e se kao dragocjeni dokumenti pro\u0161losti digitalizirati i sa\u010duvati za budu\u0107e nara\u0161taje.<\/p>\n\n\n\n<hr class=\"wp-block-separator\"\/>\n\n\n\n<p>Izvor:<\/p>\n\n\n\n<p><a href=\"https:\/\/mdc.hr\/\">https:\/\/mdc.hr\/<\/a><\/p>\n\n\n\n<hr class=\"wp-block-separator\"\/>\n","protected":false},"excerpt":{"rendered":"","protected":false},"author":2,"featured_media":42191,"comment_status":"open","ping_status":"open","sticky":false,"template":"","format":"standard","meta":{"_acf_changed":false,"jetpack_post_was_ever_published":false,"_jetpack_newsletter_access":"","_jetpack_dont_email_post_to_subs":false,"_jetpack_newsletter_tier_id":0,"_jetpack_memberships_contains_paywalled_content":false,"_jetpack_memberships_contains_paid_content":false,"footnotes":"","jetpack_publicize_message":"","jetpack_publicize_feature_enabled":true,"jetpack_social_post_already_shared":true,"jetpack_social_options":{"image_generator_settings":{"template":"highway","default_image_id":0,"font":"","enabled":false},"version":2}},"categories":[13,3],"tags":[],"class_list":["post-42190","post","type-post","status-publish","format-standard","has-post-thumbnail","hentry","category-filmovi-i-serije","category-novosti"],"acf":{"facebook_opis":""},"jetpack_publicize_connections":[],"jetpack_featured_media_url":"https:\/\/i0.wp.com\/historiografija.hr\/wp-content\/uploads\/2024\/09\/GMV_srijeda-u-muzeju.jpg?fit=600%2C334&ssl=1","jetpack_sharing_enabled":true,"jetpack-related-posts":[],"_links":{"self":[{"href":"https:\/\/historiografija.hr\/index.php?rest_route=\/wp\/v2\/posts\/42190","targetHints":{"allow":["GET"]}}],"collection":[{"href":"https:\/\/historiografija.hr\/index.php?rest_route=\/wp\/v2\/posts"}],"about":[{"href":"https:\/\/historiografija.hr\/index.php?rest_route=\/wp\/v2\/types\/post"}],"author":[{"embeddable":true,"href":"https:\/\/historiografija.hr\/index.php?rest_route=\/wp\/v2\/users\/2"}],"replies":[{"embeddable":true,"href":"https:\/\/historiografija.hr\/index.php?rest_route=%2Fwp%2Fv2%2Fcomments&post=42190"}],"version-history":[{"count":1,"href":"https:\/\/historiografija.hr\/index.php?rest_route=\/wp\/v2\/posts\/42190\/revisions"}],"predecessor-version":[{"id":42192,"href":"https:\/\/historiografija.hr\/index.php?rest_route=\/wp\/v2\/posts\/42190\/revisions\/42192"}],"wp:featuredmedia":[{"embeddable":true,"href":"https:\/\/historiografija.hr\/index.php?rest_route=\/wp\/v2\/media\/42191"}],"wp:attachment":[{"href":"https:\/\/historiografija.hr\/index.php?rest_route=%2Fwp%2Fv2%2Fmedia&parent=42190"}],"wp:term":[{"taxonomy":"category","embeddable":true,"href":"https:\/\/historiografija.hr\/index.php?rest_route=%2Fwp%2Fv2%2Fcategories&post=42190"},{"taxonomy":"post_tag","embeddable":true,"href":"https:\/\/historiografija.hr\/index.php?rest_route=%2Fwp%2Fv2%2Ftags&post=42190"}],"curies":[{"name":"wp","href":"https:\/\/api.w.org\/{rel}","templated":true}]}}