{"id":42187,"date":"2024-09-11T09:16:57","date_gmt":"2024-09-11T09:16:57","guid":{"rendered":"http:\/\/historiografija.hr\/?p=42187"},"modified":"2024-09-11T09:16:57","modified_gmt":"2024-09-11T09:16:57","slug":"znanstveno-strucni-skup-otkrica-istrazivanja-prezentacije-u-povodu-105-godisnjice-rodenja-povjesnicarke-umjetnosti-i-konzervatorice-ane-deanovic-1919-1989","status":"publish","type":"post","link":"https:\/\/historiografija.hr\/?p=42187","title":{"rendered":"Znanstveno-stru\u010dni skup \u201eOTKRI\u0106A, ISTRA\u017dIVANJA, PREZENTACIJE. U povodu 105. godi\u0161njice ro\u0111enja povjesni\u010darke umjetnosti i konzervatorice Ane Deanovi\u0107 (1919.\u20131989.)\u201c"},"content":{"rendered":"\n<p><strong>Akademija likovnih umjetnosti<\/strong> i <strong>Institut za povijest umjetnosti<\/strong><br>pozivaju na znanstveno-stru\u010dni skup<\/p>\n\n\n\n<p><strong>OTKRI\u0106A,<br>ISTRA\u017dIVANJA,<br>PREZENTACIJE<\/strong><\/p>\n\n\n\n<p><strong>u povodu 105. godi\u0161njice ro\u0111enja<br>povjesni\u010darke umjetnosti i konzervatorice<br>Ane Deanovi\u0107 (1919.\u20131989.)<\/strong><\/p>\n\n\n\n<p>Skup \u0107e se odr\u017eati u petak, 13. rujna 2024. godine od 9:30 do 17:30 sati u prostorima ALU \u2013 Odsjeka za konzerviranje i restauriranje umjetnina, Zamenhofova 14, Zagreb.<\/p>\n\n\n\n<p>Program i knji\u017eicu sa\u017eetaka mo\u017eete preuzeti <strong><a href=\"https:\/\/www.ipu.hr\/content\/info\/Skup_Ana_Deanovic_2024_program_i_sazeci.pdf\">ovdje<\/a><\/strong>.<\/p>\n\n\n\n<p><strong>Znanstveni i organizacijski odbor skupa:<\/strong><\/p>\n\n\n\n<ul class=\"wp-block-list\"><li>prof. mr. art Suzana Damiani, Akademija likovnih umjetnosti<\/li><li>dr. sc. Martina O\u017eani\u0107, Konzervatorski odjel u Zagrebu Ministarstva kulture i medija RH<\/li><li>dr. sc. Andrej \u017dmega\u010d, Institut za povijest umjetnosti<\/li><\/ul>\n\n\n\n<hr class=\"wp-block-separator\"\/>\n\n\n\n<p>Izvor:<\/p>\n\n\n\n<p><a href=\"https:\/\/www.ipu.hr\/article\/hr\/1777\/otkrica-istrazivanja-prezentacije-\">https:\/\/www.ipu.hr\/article\/hr\/1777\/otkrica-istrazivanja-prezentacije-<\/a><\/p>\n\n\n\n<hr class=\"wp-block-separator\"\/>\n","protected":false},"excerpt":{"rendered":"","protected":false},"author":2,"featured_media":42188,"comment_status":"open","ping_status":"open","sticky":false,"template":"","format":"standard","meta":{"_acf_changed":false,"jetpack_post_was_ever_published":false,"_jetpack_newsletter_access":"","_jetpack_dont_email_post_to_subs":false,"_jetpack_newsletter_tier_id":0,"_jetpack_memberships_contains_paywalled_content":false,"_jetpack_memberships_contains_paid_content":false,"footnotes":"","jetpack_publicize_message":"","jetpack_publicize_feature_enabled":true,"jetpack_social_post_already_shared":true,"jetpack_social_options":{"image_generator_settings":{"template":"highway","default_image_id":0,"font":"","enabled":false},"version":2}},"categories":[3,9],"tags":[],"class_list":["post-42187","post","type-post","status-publish","format-standard","has-post-thumbnail","hentry","category-novosti","category-skupovi"],"acf":{"facebook_opis":""},"jetpack_publicize_connections":[],"jetpack_featured_media_url":"https:\/\/i0.wp.com\/historiografija.hr\/wp-content\/uploads\/2024\/09\/skup-ana-deanovic.jpg?fit=1170%2C731&ssl=1","jetpack_sharing_enabled":true,"jetpack-related-posts":[],"_links":{"self":[{"href":"https:\/\/historiografija.hr\/index.php?rest_route=\/wp\/v2\/posts\/42187","targetHints":{"allow":["GET"]}}],"collection":[{"href":"https:\/\/historiografija.hr\/index.php?rest_route=\/wp\/v2\/posts"}],"about":[{"href":"https:\/\/historiografija.hr\/index.php?rest_route=\/wp\/v2\/types\/post"}],"author":[{"embeddable":true,"href":"https:\/\/historiografija.hr\/index.php?rest_route=\/wp\/v2\/users\/2"}],"replies":[{"embeddable":true,"href":"https:\/\/historiografija.hr\/index.php?rest_route=%2Fwp%2Fv2%2Fcomments&post=42187"}],"version-history":[{"count":1,"href":"https:\/\/historiografija.hr\/index.php?rest_route=\/wp\/v2\/posts\/42187\/revisions"}],"predecessor-version":[{"id":42189,"href":"https:\/\/historiografija.hr\/index.php?rest_route=\/wp\/v2\/posts\/42187\/revisions\/42189"}],"wp:featuredmedia":[{"embeddable":true,"href":"https:\/\/historiografija.hr\/index.php?rest_route=\/wp\/v2\/media\/42188"}],"wp:attachment":[{"href":"https:\/\/historiografija.hr\/index.php?rest_route=%2Fwp%2Fv2%2Fmedia&parent=42187"}],"wp:term":[{"taxonomy":"category","embeddable":true,"href":"https:\/\/historiografija.hr\/index.php?rest_route=%2Fwp%2Fv2%2Fcategories&post=42187"},{"taxonomy":"post_tag","embeddable":true,"href":"https:\/\/historiografija.hr\/index.php?rest_route=%2Fwp%2Fv2%2Ftags&post=42187"}],"curies":[{"name":"wp","href":"https:\/\/api.w.org\/{rel}","templated":true}]}}