{"id":42166,"date":"2024-09-10T10:20:51","date_gmt":"2024-09-10T10:20:51","guid":{"rendered":"http:\/\/historiografija.hr\/?p=42166"},"modified":"2024-09-10T10:20:51","modified_gmt":"2024-09-10T10:20:51","slug":"leidulf-melve-svet-koji-se-menja-globalni-srednji-vek-500-1500","status":"publish","type":"post","link":"https:\/\/historiografija.hr\/?p=42166","title":{"rendered":"Leidulf Melve, \u201eSVET KOJI SE MENJA. Globalni srednji vek: 500\u20131500.&#8221;"},"content":{"rendered":"\n<p>Uloga srednjeg veka u \u0161irem kontekstu istorije i razvitka civilizacija i istorijske promene bitna je tema ove knjige. U tom smislu, ovo je povest o tome kako je srednji vek doprineo nastanku savremenog dru\u0161tva. Ne\u0107u zbog toga re\u0107i da je srednji vek bio moderniji ili inovativniji od nekih drugih istorijskih perioda. Ono \u0161to pak mogu osnovano tvrditi jeste da tih hiljadu godina obuhvataju ogromne promene \u2013 strukturne, institucionalne i ideolo\u0161ke.<\/p>\n\n\n\n<p>Ova knjiga izme\u0161ta pojam srednjeg veka iz \u010disto evropskih okvira tako \u0161to uzima u obzir sedam civilizacija: mezoameri\u010dku, afri\u010dku, evropsku, vizantijsku, islamsku, indijsku i isto\u010dnoazijsku. \u201eCivilizaciju\u201c ovde ne treba shvatiti kao monolitnu i samoodr\u017eivu dimenziju, ve\u0107 kao okvir koji je mogao obuhvatati vi\u0161e naroda i, uz to, biti uklju\u010den u razne vidove me\u0111ukulturne razmene. Unutar takvog geografskog okvira, izlaganje je strukturirano prema \u0161est tema: (1) komunikacija i umre\u017eavanje, (2) ekonomija, (3) religija i religijske institucije, (4) formiranje dr\u017eava i carstava, (5) gradovi i urbanizacija i (6) u\u010denost i nauka.<br>Nije mi bio cilj da poredim srednji vek sa antikom i sa ranim modernim periodom, ve\u0107 da se posvetim samo onim promenama do kojih je do\u0161lo izme\u0111u 500. i 1500. godine. Sa takvim polazi\u0161tem, promene razmatrane u ovoj knjizi prikazuju prili\u010dno ujedna\u010denu podelu na faze. Donekle pojednostavljeno, mogu\u0107e je podeliti srednji vek na tri razdoblja. Od 500. do 1000. godine, u periodu koji se \u010desto naziva ranim srednjim vekom, pojavili su se neki va\u017eni strukturni, institucionalni i ideolo\u0161ki preduslovi. Tek u narednoj fazi, od 1000. do oko 1300. godine, istinski se manifestuju promene vezane za komunikaciju, ekonomiju, religiju, centralizaciju vlasti, urbanizaciju i u\u010denost. Stoga je mogu\u0107e govoriti o tre\u0107oj fazi posle 1300. godine, premda je tu granica manje jasna nego granica izme\u0111u prve (500\u20131000) i druge faze (1000\u20131300).<\/p>\n\n\n\n<p>Naposletku, primereno je osvrnuti se i na definiciju globalizacije na kojoj sam zasnovao ovda\u0161nje izlaganje. Ako se uzme polazi\u0161te u Osterhamelovoj i Petersonovoj ideji da globalizaciju najpre treba shvatiti kao \u201erast i sve ve\u0107i uticaj globalne integracije\u201c, postaje nemogu\u0107e rezervisati taj pojam samo za kasnije periode, bio to XVI ili XIX vek, ili period posle 1945. Izmenjeni svet koji sre\u0107emo oko 1500. godine bio je daleko integrisaniji od sveta na po\u010detku perioda o kojem je ovde bilo re\u010di, nekih hiljadu godina pre toga. Tom izmenjenom svetu, kao proizvodu inovacija na poljima komunikacije, ekonomije, religije, politike, urbanizma i u\u010denosti, globalizacija nije bila jedini uzrok, ali je u\u010destvovala u njegovom oblikovanju.<\/p>\n\n\n\n<p><strong>Lejdulf Melve<\/strong> (Leidulf Melve, ro\u0111. 1972) profesor je istorije na Univerzitetu u Bergenu i bavi se istorijom srednjeg veka. Autor je niza studija, me\u0111u kojima su najistaknutije: <em>Globalna istoriografija. Istorija i istoriografija od najstarijih vremena do danas<\/em> (2015), <em>Istorija: istoriografija od antike do danas<\/em> (2010) i <em>Stvaranje javne sfere. Javna rasprava za vreme borbe za investituru (oko 1030\u20131122)<\/em> (2007). Kod nas mu je objavljena knjiga <em><a href=\"http:\/\/karposbooks.rs\/shop\/minerva\/sta-je-srednji-vek\/\">\u0160ta je srednji vek?<\/a><\/em> (Karpos, 2017).<\/p>\n\n\n\n<hr class=\"wp-block-separator\"\/>\n\n\n\n<p>Prevod: Jelena Loma<\/p>\n\n\n\n<p>Broj strana: 312<\/p>\n\n\n\n<p>Godina izdanja: 2024.<\/p>\n\n\n\n<p>Izvor:<\/p>\n\n\n\n<figure class=\"wp-block-embed-wordpress wp-block-embed is-type-wp-embed is-provider-karpos\"><div class=\"wp-block-embed__wrapper\">\n<blockquote class=\"wp-embedded-content\" data-secret=\"5heJxF6UBv\"><a href=\"http:\/\/karposbooks.rs\/\">Naslovna<\/a><\/blockquote><iframe loading=\"lazy\" class=\"wp-embedded-content\" sandbox=\"allow-scripts\" security=\"restricted\" style=\"position: absolute; clip: rect(1px, 1px, 1px, 1px);\" title=\"&#132;Naslovna&#147; \u2014 Karpos\" src=\"http:\/\/karposbooks.rs\/embed\/#?secret=5heJxF6UBv\" data-secret=\"5heJxF6UBv\" width=\"600\" height=\"338\" frameborder=\"0\" marginwidth=\"0\" marginheight=\"0\" scrolling=\"no\"><\/iframe>\n<\/div><\/figure>\n\n\n\n<hr class=\"wp-block-separator\"\/>\n","protected":false},"excerpt":{"rendered":"","protected":false},"author":2,"featured_media":42167,"comment_status":"open","ping_status":"open","sticky":false,"template":"","format":"standard","meta":{"_acf_changed":false,"jetpack_post_was_ever_published":false,"_jetpack_newsletter_access":"","_jetpack_dont_email_post_to_subs":false,"_jetpack_newsletter_tier_id":0,"_jetpack_memberships_contains_paywalled_content":false,"_jetpack_memberships_contains_paid_content":false,"footnotes":"","jetpack_publicize_message":"","jetpack_publicize_feature_enabled":true,"jetpack_social_post_already_shared":true,"jetpack_social_options":{"image_generator_settings":{"template":"highway","default_image_id":0,"font":"","enabled":false},"version":2}},"categories":[8,3],"tags":[],"class_list":["post-42166","post","type-post","status-publish","format-standard","has-post-thumbnail","hentry","category-knjige","category-novosti"],"acf":{"facebook_opis":""},"jetpack_publicize_connections":[],"jetpack_featured_media_url":"https:\/\/i0.wp.com\/historiografija.hr\/wp-content\/uploads\/2024\/09\/globalni-srednji-vek.jpg?fit=800%2C600&ssl=1","jetpack_sharing_enabled":true,"jetpack-related-posts":[],"_links":{"self":[{"href":"https:\/\/historiografija.hr\/index.php?rest_route=\/wp\/v2\/posts\/42166","targetHints":{"allow":["GET"]}}],"collection":[{"href":"https:\/\/historiografija.hr\/index.php?rest_route=\/wp\/v2\/posts"}],"about":[{"href":"https:\/\/historiografija.hr\/index.php?rest_route=\/wp\/v2\/types\/post"}],"author":[{"embeddable":true,"href":"https:\/\/historiografija.hr\/index.php?rest_route=\/wp\/v2\/users\/2"}],"replies":[{"embeddable":true,"href":"https:\/\/historiografija.hr\/index.php?rest_route=%2Fwp%2Fv2%2Fcomments&post=42166"}],"version-history":[{"count":1,"href":"https:\/\/historiografija.hr\/index.php?rest_route=\/wp\/v2\/posts\/42166\/revisions"}],"predecessor-version":[{"id":42168,"href":"https:\/\/historiografija.hr\/index.php?rest_route=\/wp\/v2\/posts\/42166\/revisions\/42168"}],"wp:featuredmedia":[{"embeddable":true,"href":"https:\/\/historiografija.hr\/index.php?rest_route=\/wp\/v2\/media\/42167"}],"wp:attachment":[{"href":"https:\/\/historiografija.hr\/index.php?rest_route=%2Fwp%2Fv2%2Fmedia&parent=42166"}],"wp:term":[{"taxonomy":"category","embeddable":true,"href":"https:\/\/historiografija.hr\/index.php?rest_route=%2Fwp%2Fv2%2Fcategories&post=42166"},{"taxonomy":"post_tag","embeddable":true,"href":"https:\/\/historiografija.hr\/index.php?rest_route=%2Fwp%2Fv2%2Ftags&post=42166"}],"curies":[{"name":"wp","href":"https:\/\/api.w.org\/{rel}","templated":true}]}}