{"id":42160,"date":"2024-09-09T14:55:03","date_gmt":"2024-09-09T14:55:03","guid":{"rendered":"http:\/\/historiografija.hr\/?p=42160"},"modified":"2024-09-09T14:55:03","modified_gmt":"2024-09-09T14:55:03","slug":"osmi-hrvatski-slavisticki-kongres-slavonski-brod-11-14-rujna-2024","status":"publish","type":"post","link":"https:\/\/historiografija.hr\/?p=42160","title":{"rendered":"Osmi hrvatski slavisti\u010dki kongres (Slavonski Brod, 11.\u201314. rujna 2024.)"},"content":{"rendered":"\n<p><strong>Od 11. do 14. rujna<\/strong> 2024. u Slavonskom Brodu odr\u017eat \u0107e se <strong>Osmi hrvatski slavisti\u010dki kongres<\/strong>, koji organiziraju Hrvatski slavisti\u010dki odbor Hrvatskoga filolo\u0161kog dru\u0161tva, Filozofski fakultet u Zagrebu i Sveu\u010dili\u0161te u Slavonskom Brodu.<\/p>\n\n\n\n<p>Rije\u010d je o me\u0111unarodnome kongresu koji je prvi put odr\u017ean u rujnu 1994. u Puli, a potom, svake \u010detiri ili svakih pet godina, u Osijeku, Zadru, Vara\u017edinu i \u010cakovcu, Rijeci, Vukovaru i Vinkovcima te u \u0160ibeniku. Svi su kongresi dosad imali izrazito dobar odjek u me\u0111unarodnoj slavisti\u010dkoj zajednici te su njihovi u\u010dinci dalekose\u017eni i u smislu znanstvenih doprinosa, i povezivanja doma\u0107ih i stranih kroatista i slavista, kao i promicanja hrvatskoga jezika, knji\u017eevnosti i kulture u dr\u017eavama iz kojih strani slavisti dolaze.<\/p>\n\n\n\n<p>Na Kongresu \u0107e se, kao \u0161to je uobi\u010dajeno, prigodom sve\u010danoga otvaranja dodijeliti nagrade laureatima, istaknutim slavistima koje na prijedloge niza hrvatskih znanstvenih institucija izabire Organizacijski odbor kongresa. To su Medalja Antuna Barca (za podru\u010dje znanosti o knji\u017eevnosti), Medalja Stjepana Iv\u0161i\u0107a (za podru\u010dje jezikoslovlja) i Medalja Vatroslava Jagi\u0107a (za stranoga slavista). Ovogodi\u0161nji su laureati akademik Milivoj Solar, akademik Stjepan Damjanovi\u0107 i profesorica Renate Lachmann.<\/p>\n\n\n\n<p>U radu Kongresa sudjelovat \u0107e tri plenarna predava\u010da i oko 150 izlaga\u010da iz 13 zemalja (Austrija, Bosna i Hercegovina, Bugarska, \u010ce\u0161ka, Hrvatska, Italija, Ma\u0111arska, Sjeverna Makedonija, Njema\u010dka, Poljska, Rusija, Slovenija, Ukrajina). Doma\u0107in je Kongresa Sveu\u010dili\u0161te u Slavonskom Brodu, gdje \u0107e se odr\u017eavati sve radne aktivnosti.<\/p>\n\n\n\n<p>Program skupa i knjiga sa\u017eetaka dostupni su na slu\u017ebenim mre\u017enim stranicama Osmoga hrvatskoga slavisti\u010dkog kongresa:<\/p>\n\n\n\n<ul class=\"wp-block-list\"><li><a href=\"https:\/\/hsk.hfiloloskod.hr\/wp-content\/uploads\/2024\/06\/8HSK_PROGRAM.pdf\">program skupa<\/a><\/li><li><a href=\"https:\/\/hsk.hfiloloskod.hr\/wp-content\/uploads\/2024\/07\/8_HSK_Knjiga_sazetaka.pdf\">knjiga sa\u017eetaka<\/a><\/li><\/ul>\n\n\n\n<p>Odr\u017eavanje Kongresa poduprli su Brodsko-posavska \u017eupanija i Turisti\u010dka zajednica Slavonskog Broda. Matica hrvatska donirala je knjige za sve sudionike.<\/p>\n\n\n\n<hr class=\"wp-block-separator\"\/>\n\n\n\n<p>Izvor:<\/p>\n\n\n\n<figure class=\"wp-block-embed-wordpress wp-block-embed is-type-wp-embed is-provider-filozofski-fakultet-sveucilista-u-zagrebu\"><div class=\"wp-block-embed__wrapper\">\n<blockquote class=\"wp-embedded-content\" data-secret=\"YeFmeiTyQt\"><a href=\"https:\/\/web2020.ffzg.unizg.hr\/blog\/2024\/09\/06\/osmi-hrvatski-slavisticki-kongres-slavonski-brod-11-14-rujna-2024\/\">Osmi hrvatski slavisti\u010dki kongres (Slavonski Brod, 11.\u201314. rujna 2024.)<\/a><\/blockquote><iframe loading=\"lazy\" class=\"wp-embedded-content\" sandbox=\"allow-scripts\" security=\"restricted\" style=\"position: absolute; clip: rect(1px, 1px, 1px, 1px);\" title=\"&#8220;Osmi hrvatski slavisti\u010dki kongres (Slavonski Brod, 11.\u201314. rujna 2024.)&#8221; &#8212; Filozofski fakultet Sveu\u010dili\u0161ta u Zagrebu\" src=\"https:\/\/web2020.ffzg.unizg.hr\/blog\/2024\/09\/06\/osmi-hrvatski-slavisticki-kongres-slavonski-brod-11-14-rujna-2024\/embed\/#?secret=YeFmeiTyQt\" data-secret=\"YeFmeiTyQt\" width=\"600\" height=\"338\" frameborder=\"0\" marginwidth=\"0\" marginheight=\"0\" scrolling=\"no\"><\/iframe>\n<\/div><\/figure>\n\n\n\n<hr class=\"wp-block-separator\"\/>\n","protected":false},"excerpt":{"rendered":"","protected":false},"author":2,"featured_media":42161,"comment_status":"open","ping_status":"open","sticky":false,"template":"","format":"standard","meta":{"_acf_changed":false,"jetpack_post_was_ever_published":false,"_jetpack_newsletter_access":"","_jetpack_dont_email_post_to_subs":false,"_jetpack_newsletter_tier_id":0,"_jetpack_memberships_contains_paywalled_content":false,"_jetpack_memberships_contains_paid_content":false,"footnotes":"","jetpack_publicize_message":"","jetpack_publicize_feature_enabled":true,"jetpack_social_post_already_shared":true,"jetpack_social_options":{"image_generator_settings":{"template":"highway","default_image_id":0,"font":"","enabled":false},"version":2}},"categories":[3,9],"tags":[],"class_list":["post-42160","post","type-post","status-publish","format-standard","has-post-thumbnail","hentry","category-novosti","category-skupovi"],"acf":{"facebook_opis":""},"jetpack_publicize_connections":[],"jetpack_featured_media_url":"https:\/\/i0.wp.com\/historiografija.hr\/wp-content\/uploads\/2024\/09\/8_HSK_Knjiga_sazetaka.jpg?fit=600%2C900&ssl=1","jetpack_sharing_enabled":true,"jetpack-related-posts":[],"_links":{"self":[{"href":"https:\/\/historiografija.hr\/index.php?rest_route=\/wp\/v2\/posts\/42160","targetHints":{"allow":["GET"]}}],"collection":[{"href":"https:\/\/historiografija.hr\/index.php?rest_route=\/wp\/v2\/posts"}],"about":[{"href":"https:\/\/historiografija.hr\/index.php?rest_route=\/wp\/v2\/types\/post"}],"author":[{"embeddable":true,"href":"https:\/\/historiografija.hr\/index.php?rest_route=\/wp\/v2\/users\/2"}],"replies":[{"embeddable":true,"href":"https:\/\/historiografija.hr\/index.php?rest_route=%2Fwp%2Fv2%2Fcomments&post=42160"}],"version-history":[{"count":1,"href":"https:\/\/historiografija.hr\/index.php?rest_route=\/wp\/v2\/posts\/42160\/revisions"}],"predecessor-version":[{"id":42162,"href":"https:\/\/historiografija.hr\/index.php?rest_route=\/wp\/v2\/posts\/42160\/revisions\/42162"}],"wp:featuredmedia":[{"embeddable":true,"href":"https:\/\/historiografija.hr\/index.php?rest_route=\/wp\/v2\/media\/42161"}],"wp:attachment":[{"href":"https:\/\/historiografija.hr\/index.php?rest_route=%2Fwp%2Fv2%2Fmedia&parent=42160"}],"wp:term":[{"taxonomy":"category","embeddable":true,"href":"https:\/\/historiografija.hr\/index.php?rest_route=%2Fwp%2Fv2%2Fcategories&post=42160"},{"taxonomy":"post_tag","embeddable":true,"href":"https:\/\/historiografija.hr\/index.php?rest_route=%2Fwp%2Fv2%2Ftags&post=42160"}],"curies":[{"name":"wp","href":"https:\/\/api.w.org\/{rel}","templated":true}]}}