{"id":42153,"date":"2024-09-09T14:33:53","date_gmt":"2024-09-09T14:33:53","guid":{"rendered":"http:\/\/historiografija.hr\/?p=42153"},"modified":"2024-09-09T14:33:53","modified_gmt":"2024-09-09T14:33:53","slug":"caponeu-second-annual-conference-rethinking-the-political-narrative-protest-and-fiction-in-the-21st-century","status":"publish","type":"post","link":"https:\/\/historiografija.hr\/?p=42153","title":{"rendered":"(CAPONEU) Second Annual Conference \u201eRethinking the Political: Narrative, Protest and Fiction in the 21st Century&#8221;"},"content":{"rendered":"\n<p>Na Sveu\u010dili\u0161tu u Brightonu odr\u017eava se od 9. do 11. rujna 2024. druga godi\u0161nja konferencija me\u0111unarodnog projekta \u201eThe Cartography of the Political Novel in Europe\u201c, u \u010dijem radu sudjeluju i povjesni\u010dari.<\/p>\n\n\n\n<hr class=\"wp-block-separator\"\/>\n\n\n\n<p><strong>CAPONEU event<\/strong><\/p>\n\n\n\n<p>09.09.2024 &#8211; 11.09.2024<\/p>\n\n\n\n<p>2nd annual conference<\/p>\n\n\n\n<p>Rethinking the Political: Narrative, Protest and Fiction in the 21st Century<br>Date: 9-11 September<br>Centre for Applied Philosophy, Politics and Ethics,&nbsp;Grand Parade, University of Brighton, UK<br>&nbsp;<br>Keynote Speakers<\/p>\n\n\n\n<ul class=\"wp-block-list\"><li>Professor Moya Lloyd: Radical corporeal politics: Flesh as a locus of political struggle<\/li><li>Professor Alan Finlayson: A Hero\u2019s Journey? Ideological Entrepreneurs&nbsp;and Reactionary Digital Politics<\/li><li>Dr German Primera: Colonial Biopolitics and the Arc of Refusal: rethinking grammars of resistance<\/li><\/ul>\n\n\n\n<p><strong>Program<\/strong><\/p>\n\n\n\n<p><a href=\"https:\/\/www.caponeu.eu\/cdp\/events\/political-philosophy-critique-and-the-novel\">https:\/\/www.caponeu.eu\/cdp\/events\/political-philosophy-critique-and-the-novel<\/a><\/p>\n\n\n\n<figure class=\"wp-block-embed-wordpress wp-block-embed is-type-wp-embed is-provider-cappe\"><div class=\"wp-block-embed__wrapper\">\n<blockquote class=\"wp-embedded-content\" data-secret=\"WdVeIJcVp2\"><a href=\"https:\/\/blogs.brighton.ac.uk\/cappe\/2024\/05\/15\/caponeu-september-conference\/\">CAPONEU | Rethinking Politics | 9-11th September 2024<\/a><\/blockquote><iframe loading=\"lazy\" class=\"wp-embedded-content\" sandbox=\"allow-scripts\" security=\"restricted\" style=\"position: absolute; clip: rect(1px, 1px, 1px, 1px);\" title=\"&#8220;CAPONEU | Rethinking Politics | 9-11th September 2024&#8221; &#8212; CAPPE\" src=\"https:\/\/blogs.brighton.ac.uk\/cappe\/2024\/05\/15\/caponeu-september-conference\/embed\/#?secret=OzwXPKtnut#?secret=WdVeIJcVp2\" data-secret=\"WdVeIJcVp2\" width=\"600\" height=\"338\" frameborder=\"0\" marginwidth=\"0\" marginheight=\"0\" scrolling=\"no\"><\/iframe>\n<\/div><\/figure>\n\n\n\n<hr class=\"wp-block-separator\"\/>\n","protected":false},"excerpt":{"rendered":"","protected":false},"author":2,"featured_media":35439,"comment_status":"open","ping_status":"open","sticky":false,"template":"","format":"standard","meta":{"_acf_changed":false,"jetpack_post_was_ever_published":false,"_jetpack_newsletter_access":"","_jetpack_dont_email_post_to_subs":false,"_jetpack_newsletter_tier_id":0,"_jetpack_memberships_contains_paywalled_content":false,"_jetpack_memberships_contains_paid_content":false,"footnotes":"","jetpack_publicize_message":"","jetpack_publicize_feature_enabled":true,"jetpack_social_post_already_shared":true,"jetpack_social_options":{"image_generator_settings":{"template":"highway","default_image_id":0,"font":"","enabled":false},"version":2}},"categories":[3,9],"tags":[],"class_list":["post-42153","post","type-post","status-publish","format-standard","has-post-thumbnail","hentry","category-novosti","category-skupovi"],"acf":{"facebook_opis":""},"jetpack_publicize_connections":[],"jetpack_featured_media_url":"https:\/\/i0.wp.com\/historiografija.hr\/wp-content\/uploads\/2023\/05\/CAPONEU.jpg?fit=820%2C360&ssl=1","jetpack_sharing_enabled":true,"jetpack-related-posts":[],"_links":{"self":[{"href":"https:\/\/historiografija.hr\/index.php?rest_route=\/wp\/v2\/posts\/42153","targetHints":{"allow":["GET"]}}],"collection":[{"href":"https:\/\/historiografija.hr\/index.php?rest_route=\/wp\/v2\/posts"}],"about":[{"href":"https:\/\/historiografija.hr\/index.php?rest_route=\/wp\/v2\/types\/post"}],"author":[{"embeddable":true,"href":"https:\/\/historiografija.hr\/index.php?rest_route=\/wp\/v2\/users\/2"}],"replies":[{"embeddable":true,"href":"https:\/\/historiografija.hr\/index.php?rest_route=%2Fwp%2Fv2%2Fcomments&post=42153"}],"version-history":[{"count":1,"href":"https:\/\/historiografija.hr\/index.php?rest_route=\/wp\/v2\/posts\/42153\/revisions"}],"predecessor-version":[{"id":42154,"href":"https:\/\/historiografija.hr\/index.php?rest_route=\/wp\/v2\/posts\/42153\/revisions\/42154"}],"wp:featuredmedia":[{"embeddable":true,"href":"https:\/\/historiografija.hr\/index.php?rest_route=\/wp\/v2\/media\/35439"}],"wp:attachment":[{"href":"https:\/\/historiografija.hr\/index.php?rest_route=%2Fwp%2Fv2%2Fmedia&parent=42153"}],"wp:term":[{"taxonomy":"category","embeddable":true,"href":"https:\/\/historiografija.hr\/index.php?rest_route=%2Fwp%2Fv2%2Fcategories&post=42153"},{"taxonomy":"post_tag","embeddable":true,"href":"https:\/\/historiografija.hr\/index.php?rest_route=%2Fwp%2Fv2%2Ftags&post=42153"}],"curies":[{"name":"wp","href":"https:\/\/api.w.org\/{rel}","templated":true}]}}