{"id":42137,"date":"2024-09-06T21:57:01","date_gmt":"2024-09-06T21:57:01","guid":{"rendered":"http:\/\/historiografija.hr\/?p=42137"},"modified":"2024-09-06T21:57:01","modified_gmt":"2024-09-06T21:57:01","slug":"frano-tokic-marin-banovic-aljmas-dalj-i-erdut-u-domovinskom-ratu","status":"publish","type":"post","link":"https:\/\/historiografija.hr\/?p=42137","title":{"rendered":"Frano Toki\u0107 \u2013 Marin Banovi\u0107, \u201eAljma\u0161, Dalj i Erdut u Domovinskom ratu\u201c"},"content":{"rendered":"\n<p>Knjiga Aljma\u0161, Dalj i Erdut u Domovinskom ratu progovara o doga\u0111ajima i ljudima koji su doprinijeli stvaranju i obrani Republike Hrvatske na podru\u010dju dana\u0161nje op\u0107ine Erdut u razdoblju 1990. \u2013 1992. godine. Kroz devet sredi\u0161njih poglavlja knjiga polazi od etnodemografske i geostrategijske kontekstualizacije promatranog prostora u razdoblju koje je prethodilo velikosrpskoj agresiji. Slijedi velik broj uglavnom nepoznatih podataka o doga\u0111ajima iz 1990. i 1991. godine u kontekstu tranzicije iz komunizma u demokraciju. To se u prvom redu odnosi na osnivanje Hrvatske demokratske zajednice i Srpske demokratske stranke uz \u010dije se aktivnosti ve\u017ee glavnina dnevnopoliti\u010dke doga\u0111ajnice u ovom razdoblju. S tim je u uskoj vezi i proces stvaranja parapoliti\u010dkih i paravojnih struktura, odnosno naoru\u017eavanja pobunjenih Srba iz Dalja i Erduta. Sredi\u0161nje mjesto zauzimaju poglavlja o topni\u010dkom napadu Jugoslavenske narodne armije na Bogaljevce 25. srpnja 1991., te zauzimanju Aljma\u0161a, Dalja i Erduta 1. kolovoza 1991. godine od strane pobunjenih Srba iz Dalja, Borova Sela, Bijelog Brda, srbijanskih paravojnih formacija i JNA. Slijedi poglavlje o evakuaciji civilnog stanovni\u0161tva i izvla\u010denju branitelja iz okru\u017eenja. Osobita pa\u017enja dana je rekonstrukciji ratnih zlo\u010dina \u2013 ubojstvima ratnih zarobljenika i civila, protupravnom zatvaranju i mu\u010denju civilnog stanovni\u0161tva, prisilnim radovima, silovanjima, otu\u0111ivanju privatne i javne imovine te ru\u0161enju tri katoli\u010dke crkve. U posljednja dva poglavlja dan je pregled srpskih i hrvatskih snaga. Osim primarnih izvora iz nekoliko hrvatskih arhiva i digitalnog arhiva Me\u0111unarodnog kaznenog suda za biv\u0161u Jugoslaviju u Haagu, knjiga se temelji i na iskazima vi\u0161e od sedamdeset branitelja i civila koji su dali doprinos obrani Aljma\u0161a, Dalja i Erduta.<\/p>\n\n\n\n<hr class=\"wp-block-separator\"\/>\n\n\n\n<p>Izvor:<\/p>\n\n\n\n<figure class=\"wp-block-embed-wordpress wp-block-embed is-type-wp-embed is-provider-hrvatski-memorijalno-dokumentacijski-centar-domovinskog-rata\"><div class=\"wp-block-embed__wrapper\">\n<blockquote class=\"wp-embedded-content\" data-secret=\"G2YV2Af8E2\"><a href=\"https:\/\/centardomovinskograta.hr\/aljmas-dalj-i-erdut-u-domovinskom\/\">Aljma\u0161, Dalj i Erdut u Domovinskom<\/a><\/blockquote><iframe loading=\"lazy\" class=\"wp-embedded-content\" sandbox=\"allow-scripts\" security=\"restricted\" style=\"position: absolute; clip: rect(1px, 1px, 1px, 1px);\" title=\"&#8220;Aljma\u0161, Dalj i Erdut u Domovinskom&#8221; &#8212; HRVATSKI MEMORIJALNO-DOKUMENTACIJSKI CENTAR DOMOVINSKOG RATA\" src=\"https:\/\/centardomovinskograta.hr\/aljmas-dalj-i-erdut-u-domovinskom\/embed\/#?secret=6ugSZD3TFq#?secret=G2YV2Af8E2\" data-secret=\"G2YV2Af8E2\" width=\"600\" height=\"338\" frameborder=\"0\" marginwidth=\"0\" marginheight=\"0\" scrolling=\"no\"><\/iframe>\n<\/div><\/figure>\n\n\n\n<hr class=\"wp-block-separator\"\/>\n","protected":false},"excerpt":{"rendered":"","protected":false},"author":2,"featured_media":42138,"comment_status":"open","ping_status":"open","sticky":false,"template":"","format":"standard","meta":{"_acf_changed":false,"jetpack_post_was_ever_published":false,"_jetpack_newsletter_access":"","_jetpack_dont_email_post_to_subs":false,"_jetpack_newsletter_tier_id":0,"_jetpack_memberships_contains_paywalled_content":false,"_jetpack_memberships_contains_paid_content":false,"footnotes":"","jetpack_publicize_message":"","jetpack_publicize_feature_enabled":true,"jetpack_social_post_already_shared":true,"jetpack_social_options":{"image_generator_settings":{"template":"highway","default_image_id":0,"font":"","enabled":false},"version":2}},"categories":[8,3],"tags":[],"class_list":["post-42137","post","type-post","status-publish","format-standard","has-post-thumbnail","hentry","category-knjige","category-novosti"],"acf":{"facebook_opis":""},"jetpack_publicize_connections":[],"jetpack_featured_media_url":"https:\/\/i0.wp.com\/historiografija.hr\/wp-content\/uploads\/2024\/09\/Aljmas.png?fit=1015%2C507&ssl=1","jetpack_sharing_enabled":true,"jetpack-related-posts":[],"_links":{"self":[{"href":"https:\/\/historiografija.hr\/index.php?rest_route=\/wp\/v2\/posts\/42137","targetHints":{"allow":["GET"]}}],"collection":[{"href":"https:\/\/historiografija.hr\/index.php?rest_route=\/wp\/v2\/posts"}],"about":[{"href":"https:\/\/historiografija.hr\/index.php?rest_route=\/wp\/v2\/types\/post"}],"author":[{"embeddable":true,"href":"https:\/\/historiografija.hr\/index.php?rest_route=\/wp\/v2\/users\/2"}],"replies":[{"embeddable":true,"href":"https:\/\/historiografija.hr\/index.php?rest_route=%2Fwp%2Fv2%2Fcomments&post=42137"}],"version-history":[{"count":1,"href":"https:\/\/historiografija.hr\/index.php?rest_route=\/wp\/v2\/posts\/42137\/revisions"}],"predecessor-version":[{"id":42139,"href":"https:\/\/historiografija.hr\/index.php?rest_route=\/wp\/v2\/posts\/42137\/revisions\/42139"}],"wp:featuredmedia":[{"embeddable":true,"href":"https:\/\/historiografija.hr\/index.php?rest_route=\/wp\/v2\/media\/42138"}],"wp:attachment":[{"href":"https:\/\/historiografija.hr\/index.php?rest_route=%2Fwp%2Fv2%2Fmedia&parent=42137"}],"wp:term":[{"taxonomy":"category","embeddable":true,"href":"https:\/\/historiografija.hr\/index.php?rest_route=%2Fwp%2Fv2%2Fcategories&post=42137"},{"taxonomy":"post_tag","embeddable":true,"href":"https:\/\/historiografija.hr\/index.php?rest_route=%2Fwp%2Fv2%2Ftags&post=42137"}],"curies":[{"name":"wp","href":"https:\/\/api.w.org\/{rel}","templated":true}]}}