{"id":42112,"date":"2024-09-05T17:37:20","date_gmt":"2024-09-05T17:37:20","guid":{"rendered":"http:\/\/historiografija.hr\/?p=42112"},"modified":"2024-09-05T17:37:20","modified_gmt":"2024-09-05T17:37:20","slug":"ivica-mladenovic-sva-nasa-nerazumevanja-francuski-intelektualci-i-ratovi-za-jugoslovensko-naslede-1991-1999","status":"publish","type":"post","link":"https:\/\/historiografija.hr\/?p=42112","title":{"rendered":"Ivica Mladenovi\u0107, \u201eSva na\u0161a (ne)razumevanja. Francuski intelektualci i ratovi za jugoslovensko nasle\u0111e (1991-1999)\u201c"},"content":{"rendered":"\n<p>Portal Historiografija.ba prenio je obavijest da je izdava\u010dka ku\u0107a Slu\u017ebeni glasnik iz Beograda objavila 2023. godine knjigu Ivice Mladenovi\u0107a \u201eSva na\u0161a (ne)razumevanja. Francuski intelektualci i ratovi za jugoslovensko nasle\u0111e (1991-1999)\u201c.<\/p>\n\n\n\n<hr class=\"wp-block-separator\"\/>\n\n\n\n<p>Op\u0161irnije:<\/p>\n\n\n\n<p><a href=\"https:\/\/historiografija.ba\/clanci-i-polemike\/francusko-srpsko-prijateljstvo-od-divljenja-do-neprijateljstva\">https:\/\/historiografija.ba\/clanci-i-polemike\/francusko-srpsko-prijateljstvo-od-divljenja-do-neprijateljstva<\/a><\/p>\n\n\n\n<figure class=\"wp-block-embed-wordpress wp-block-embed is-type-wp-embed is-provider-beopolis\"><div class=\"wp-block-embed__wrapper\">\n<blockquote class=\"wp-embedded-content\" data-secret=\"pGFfExZNim\"><a href=\"https:\/\/www.beopolis.rs\/shop\/sva-nasa-nerazumevanja\/\">Sva na\u0161a (ne)razumevanja<\/a><\/blockquote><iframe loading=\"lazy\" class=\"wp-embedded-content\" sandbox=\"allow-scripts\" security=\"restricted\" style=\"position: absolute; clip: rect(1px, 1px, 1px, 1px);\" title=\"&#132;Sva na\u0161a (ne)razumevanja&#147; &#8212; Beopolis\" src=\"https:\/\/www.beopolis.rs\/shop\/sva-nasa-nerazumevanja\/embed\/#?secret=v6ON5DmkcT#?secret=pGFfExZNim\" data-secret=\"pGFfExZNim\" width=\"600\" height=\"338\" frameborder=\"0\" marginwidth=\"0\" marginheight=\"0\" scrolling=\"no\"><\/iframe>\n<\/div><\/figure>\n\n\n\n<p><a href=\"https:\/\/bg.academia.edu\/IvicaMLADENOVIC\">https:\/\/bg.academia.edu\/IvicaMLADENOVIC<\/a><\/p>\n\n\n\n<hr class=\"wp-block-separator\"\/>\n","protected":false},"excerpt":{"rendered":"","protected":false},"author":2,"featured_media":42113,"comment_status":"open","ping_status":"open","sticky":false,"template":"","format":"standard","meta":{"_acf_changed":false,"jetpack_post_was_ever_published":false,"_jetpack_newsletter_access":"","_jetpack_dont_email_post_to_subs":false,"_jetpack_newsletter_tier_id":0,"_jetpack_memberships_contains_paywalled_content":false,"_jetpack_memberships_contains_paid_content":false,"footnotes":"","jetpack_publicize_message":"","jetpack_publicize_feature_enabled":true,"jetpack_social_post_already_shared":true,"jetpack_social_options":{"image_generator_settings":{"template":"highway","default_image_id":0,"font":"","enabled":false},"version":2}},"categories":[8,3],"tags":[],"class_list":["post-42112","post","type-post","status-publish","format-standard","has-post-thumbnail","hentry","category-knjige","category-novosti"],"acf":{"facebook_opis":""},"jetpack_publicize_connections":[],"jetpack_featured_media_url":"https:\/\/i0.wp.com\/historiografija.hr\/wp-content\/uploads\/2024\/09\/Mladenovic.png?fit=400%2C640&ssl=1","jetpack_sharing_enabled":true,"jetpack-related-posts":[],"_links":{"self":[{"href":"https:\/\/historiografija.hr\/index.php?rest_route=\/wp\/v2\/posts\/42112","targetHints":{"allow":["GET"]}}],"collection":[{"href":"https:\/\/historiografija.hr\/index.php?rest_route=\/wp\/v2\/posts"}],"about":[{"href":"https:\/\/historiografija.hr\/index.php?rest_route=\/wp\/v2\/types\/post"}],"author":[{"embeddable":true,"href":"https:\/\/historiografija.hr\/index.php?rest_route=\/wp\/v2\/users\/2"}],"replies":[{"embeddable":true,"href":"https:\/\/historiografija.hr\/index.php?rest_route=%2Fwp%2Fv2%2Fcomments&post=42112"}],"version-history":[{"count":1,"href":"https:\/\/historiografija.hr\/index.php?rest_route=\/wp\/v2\/posts\/42112\/revisions"}],"predecessor-version":[{"id":42114,"href":"https:\/\/historiografija.hr\/index.php?rest_route=\/wp\/v2\/posts\/42112\/revisions\/42114"}],"wp:featuredmedia":[{"embeddable":true,"href":"https:\/\/historiografija.hr\/index.php?rest_route=\/wp\/v2\/media\/42113"}],"wp:attachment":[{"href":"https:\/\/historiografija.hr\/index.php?rest_route=%2Fwp%2Fv2%2Fmedia&parent=42112"}],"wp:term":[{"taxonomy":"category","embeddable":true,"href":"https:\/\/historiografija.hr\/index.php?rest_route=%2Fwp%2Fv2%2Fcategories&post=42112"},{"taxonomy":"post_tag","embeddable":true,"href":"https:\/\/historiografija.hr\/index.php?rest_route=%2Fwp%2Fv2%2Ftags&post=42112"}],"curies":[{"name":"wp","href":"https:\/\/api.w.org\/{rel}","templated":true}]}}