{"id":42101,"date":"2024-09-05T17:02:03","date_gmt":"2024-09-05T17:02:03","guid":{"rendered":"http:\/\/historiografija.hr\/?p=42101"},"modified":"2024-09-05T17:02:55","modified_gmt":"2024-09-05T17:02:55","slug":"izlozba-ususret-150-godisnjici-matija-mesic-prvi-rektor-sveucilista-u-zagrebu-u-kutini","status":"publish","type":"post","link":"https:\/\/historiografija.hr\/?p=42101","title":{"rendered":"Izlo\u017eba \u201dUsusret 150. godi\u0161njici \u2013 Matija Mesi\u0107, prvi rektor Sveu\u010dili\u0161ta u Zagrebu\u201d u Kutini"},"content":{"rendered":"\n<p>Nakon Zagreba, izlo\u017eba o Matiji Mesi\u0107u bit \u0107e postavljena u Galeriji Muzeja Moslavine Kutina (Trg kralja Tomislava 8). Na otvorenju izlo\u017ebe koje \u0107e se odr\u017eati u ponedjeljak, 9. rujna 2024. u 19 sati govorit \u0107e autorice Stela Kos i dr. sc. Silvija Pisk te autor dizajna Ante Lepur.<\/p>\n\n\n\n<hr class=\"wp-block-separator\"\/>\n","protected":false},"excerpt":{"rendered":"","protected":false},"author":2,"featured_media":42102,"comment_status":"open","ping_status":"open","sticky":false,"template":"","format":"standard","meta":{"_acf_changed":false,"jetpack_post_was_ever_published":false,"_jetpack_newsletter_access":"","_jetpack_dont_email_post_to_subs":false,"_jetpack_newsletter_tier_id":0,"_jetpack_memberships_contains_paywalled_content":false,"_jetpack_memberships_contains_paid_content":false,"footnotes":"","jetpack_publicize_message":"","jetpack_publicize_feature_enabled":true,"jetpack_social_post_already_shared":true,"jetpack_social_options":{"image_generator_settings":{"template":"highway","default_image_id":0,"font":"","enabled":false},"version":2}},"categories":[10,3],"tags":[],"class_list":["post-42101","post","type-post","status-publish","format-standard","has-post-thumbnail","hentry","category-izlozbe","category-novosti"],"acf":{"facebook_opis":""},"jetpack_publicize_connections":[],"jetpack_featured_media_url":"https:\/\/i0.wp.com\/historiografija.hr\/wp-content\/uploads\/2024\/09\/Kutina-Matija-pozivnica.jpg?fit=1574%2C579&ssl=1","jetpack_sharing_enabled":true,"jetpack-related-posts":[],"_links":{"self":[{"href":"https:\/\/historiografija.hr\/index.php?rest_route=\/wp\/v2\/posts\/42101","targetHints":{"allow":["GET"]}}],"collection":[{"href":"https:\/\/historiografija.hr\/index.php?rest_route=\/wp\/v2\/posts"}],"about":[{"href":"https:\/\/historiografija.hr\/index.php?rest_route=\/wp\/v2\/types\/post"}],"author":[{"embeddable":true,"href":"https:\/\/historiografija.hr\/index.php?rest_route=\/wp\/v2\/users\/2"}],"replies":[{"embeddable":true,"href":"https:\/\/historiografija.hr\/index.php?rest_route=%2Fwp%2Fv2%2Fcomments&post=42101"}],"version-history":[{"count":3,"href":"https:\/\/historiografija.hr\/index.php?rest_route=\/wp\/v2\/posts\/42101\/revisions"}],"predecessor-version":[{"id":42105,"href":"https:\/\/historiografija.hr\/index.php?rest_route=\/wp\/v2\/posts\/42101\/revisions\/42105"}],"wp:featuredmedia":[{"embeddable":true,"href":"https:\/\/historiografija.hr\/index.php?rest_route=\/wp\/v2\/media\/42102"}],"wp:attachment":[{"href":"https:\/\/historiografija.hr\/index.php?rest_route=%2Fwp%2Fv2%2Fmedia&parent=42101"}],"wp:term":[{"taxonomy":"category","embeddable":true,"href":"https:\/\/historiografija.hr\/index.php?rest_route=%2Fwp%2Fv2%2Fcategories&post=42101"},{"taxonomy":"post_tag","embeddable":true,"href":"https:\/\/historiografija.hr\/index.php?rest_route=%2Fwp%2Fv2%2Ftags&post=42101"}],"curies":[{"name":"wp","href":"https:\/\/api.w.org\/{rel}","templated":true}]}}