{"id":42094,"date":"2024-09-04T08:57:42","date_gmt":"2024-09-04T08:57:42","guid":{"rendered":"http:\/\/historiografija.hr\/?p=42094"},"modified":"2024-09-04T08:57:42","modified_gmt":"2024-09-04T08:57:42","slug":"sesti-dani-matije-petra-katancica","status":"publish","type":"post","link":"https:\/\/historiografija.hr\/?p=42094","title":{"rendered":"\u0160esti dani Matije Petra Katan\u010di\u0107a"},"content":{"rendered":"\n<p>Valpovo, Edukacijsko-interpretacijski centar Matije Petra Katan\u010di\u0107a, 6.-7. rujna 2024.<\/p>\n\n\n\n<hr class=\"wp-block-separator\"\/>\n\n\n\n<p>Matija Petar Katan\u010di\u0107 (1750-1825) najistaknutiji je hrvatski erudit s kraja 18. i po\u010detka 19. stolje\u0107a koji je svojim znanstvenim i stru\u010dnim radom pokrivao \u0161iroko polje tada\u0161njih humanisti\u010dkih znanosti. Grad Valpovo i Hrvatski institut za povijest \u2013 Podru\u017enica Slavonski Brod u zajedni\u010dkoj organizaciji ve\u0107 \u0161estu godinu zaredom organiziraju kulturno-znanstvenu manifestaciju Dani Matije Petra Katan\u010di\u0107a. \u0160esti Katan\u010di\u0107evi dani po\u010dinju 6. rujna (petak) u 19 sati s predavanjem \u201ePovijest \u0161kolstva u Valpovu u dugom 19. stolje\u0107u\u201c dr. sc. Dinka \u017dupana, vi\u0161eg znanstvenog suradnika s Hrvatskog instituta za povijest \u2013 Podru\u017enica za povijest Slavonije, Srijema i Baranje. Predavanje \u0107e biti odr\u017eano u Edukacijsko-interpretacijskom centru Matije Petra Katan\u010di\u0107a (stara \u0161kola, Trg Kralja Tomislava) i posve\u0107eno je obilje\u017eavanju 250 godina \u0161kolstva u Valpovu. Program \u0161estih Katan\u010di\u0107evih dana nastavlja se u subotu sa sajmom knjiga koji po\u010dinje u 10 sati i na kojem \u0107e gra\u0111ani sve do 12,30 mo\u0107i kupiti knjige po prigodnim cijenama. Sajam \u0107e se odr\u017eati ispred Edukacijsko-interpretacijskog centra na Trgu kralja Tomislava. \u0160esti Dani Matije Petra Katan\u010di\u0107a zavr\u0161avaju u 11 sati otvaranjem izlo\u017ebe \u201ePovijest \u0161kolstva u Valpov\u0161tini u dugom 19. stolje\u0107u\u201c. Izlo\u017eba \u0107e biti postavljena u potkrovlju Edukacijsko-interpretacijskog centra i bit \u0107e otvorena za javnost sve do kraja 2024. godine u sklopu obilje\u017eavanja 250 godina \u0161kolstva u Valpovu.<\/p>\n\n\n\n<hr class=\"wp-block-separator\"\/>\n\n\n\n<p><strong>Program<\/strong><\/p>\n\n\n\n<p><strong>6. rujna 2024. (petak)<\/strong><\/p>\n\n\n\n<p>Predavanje dr. sc. Dinko \u017dupan, \u201ePovijest \u0161kolstva u Valpovu u dugom 19. stolje\u0107u\u201c<\/p>\n\n\n\n<p><strong>19:00 sati<\/strong> (Edukacijsko-interpretacijski centar Matije Petra Katan\u010di\u0107a)<\/p>\n\n\n\n<p><strong>7. rujna 2024. (subota)&nbsp;&nbsp;&nbsp;&nbsp;&nbsp;&nbsp;&nbsp;&nbsp;&nbsp;&nbsp;&nbsp;&nbsp;&nbsp;&nbsp;&nbsp;&nbsp;&nbsp;&nbsp;&nbsp;&nbsp;&nbsp;&nbsp;&nbsp;&nbsp;&nbsp;&nbsp;&nbsp;&nbsp;&nbsp;&nbsp;&nbsp;&nbsp;&nbsp;&nbsp;&nbsp;&nbsp;&nbsp;&nbsp;&nbsp;&nbsp;&nbsp;&nbsp;&nbsp;&nbsp;&nbsp;&nbsp;&nbsp;&nbsp;&nbsp;&nbsp;&nbsp;&nbsp;&nbsp;&nbsp;&nbsp;&nbsp;&nbsp;&nbsp;&nbsp;<\/strong><\/p>\n\n\n\n<p>Otvorenje izlo\u017ebe \u201ePovijest \u0161kolstva u Valpov\u0161tini u dugom 19. stolje\u0107u\u201c<\/p>\n\n\n\n<p><strong>11:00 sati<\/strong> (Edukacijsko-interpretacijski centar Matije Petra Katan\u010di\u0107a, potkrovlje)<\/p>\n\n\n\n<p><strong>7. rujna 2024. (subota)<\/strong> Sajam knjiga od <strong>10:00 do 12:30 sati<\/strong> (Trg kralja Tomislava, ispred Edukacijsko-interpretacijskog centra Matije Petra Katan\u010di\u0107a)<\/p>\n\n\n\n<p><a href=\"https:\/\/hipsb.hr\/wp-content\/uploads\/2024\/09\/Dani-MPK-deplijan-2024.pdf\"><strong>Dani-MPK-deplijan-2024<\/strong><\/a><a href=\"https:\/\/hipsb.hr\/wp-content\/uploads\/2024\/09\/Dani-MPK-deplijan-2024.pdf\"><strong>Preuzmi<\/strong><\/a><\/p>\n\n\n\n<p><a href=\"https:\/\/hipsb.hr\/wp-content\/uploads\/2024\/09\/Dani-MPK-pozivnica-2024.pdf\"><strong>Dani-MPK-pozivnica-2024Preuzmi<\/strong><\/a><\/p>\n\n\n\n<hr class=\"wp-block-separator\"\/>\n\n\n\n<p>Izvor:<\/p>\n\n\n\n<figure class=\"wp-block-embed-wordpress wp-block-embed is-type-wp-embed is-provider-hrvatski-institut-za-povijest\"><div class=\"wp-block-embed__wrapper\">\n<blockquote class=\"wp-embedded-content\" data-secret=\"wFo4L7xAQm\"><a href=\"https:\/\/hipsb.hr\/najava-sesti-dani-matije-petra-katancica\/\">NAJAVA: \u0160esti dani Matije Petra Katan\u010di\u0107a<\/a><\/blockquote><iframe loading=\"lazy\" class=\"wp-embedded-content\" sandbox=\"allow-scripts\" security=\"restricted\" style=\"position: absolute; clip: rect(1px, 1px, 1px, 1px);\" title=\"&#8220;NAJAVA: \u0160esti dani Matije Petra Katan\u010di\u0107a&#8221; &#8212; Hrvatski institut za povijest\" src=\"https:\/\/hipsb.hr\/najava-sesti-dani-matije-petra-katancica\/embed\/#?secret=wFo4L7xAQm\" data-secret=\"wFo4L7xAQm\" width=\"600\" height=\"338\" frameborder=\"0\" marginwidth=\"0\" marginheight=\"0\" scrolling=\"no\"><\/iframe>\n<\/div><\/figure>\n\n\n\n<hr class=\"wp-block-separator\"\/>\n","protected":false},"excerpt":{"rendered":"","protected":false},"author":2,"featured_media":42095,"comment_status":"open","ping_status":"open","sticky":false,"template":"","format":"standard","meta":{"_acf_changed":false,"jetpack_post_was_ever_published":false,"_jetpack_newsletter_access":"","_jetpack_dont_email_post_to_subs":false,"_jetpack_newsletter_tier_id":0,"_jetpack_memberships_contains_paywalled_content":false,"_jetpack_memberships_contains_paid_content":false,"footnotes":"","jetpack_publicize_message":"","jetpack_publicize_feature_enabled":true,"jetpack_social_post_already_shared":true,"jetpack_social_options":{"image_generator_settings":{"template":"highway","default_image_id":0,"font":"","enabled":false},"version":2}},"categories":[3],"tags":[],"class_list":["post-42094","post","type-post","status-publish","format-standard","has-post-thumbnail","hentry","category-novosti"],"acf":{"facebook_opis":""},"jetpack_publicize_connections":[],"jetpack_featured_media_url":"https:\/\/i0.wp.com\/historiografija.hr\/wp-content\/uploads\/2024\/09\/Dani-MPK-plakat-2024.jpg?fit=1803%2C2560&ssl=1","jetpack_sharing_enabled":true,"jetpack-related-posts":[],"_links":{"self":[{"href":"https:\/\/historiografija.hr\/index.php?rest_route=\/wp\/v2\/posts\/42094","targetHints":{"allow":["GET"]}}],"collection":[{"href":"https:\/\/historiografija.hr\/index.php?rest_route=\/wp\/v2\/posts"}],"about":[{"href":"https:\/\/historiografija.hr\/index.php?rest_route=\/wp\/v2\/types\/post"}],"author":[{"embeddable":true,"href":"https:\/\/historiografija.hr\/index.php?rest_route=\/wp\/v2\/users\/2"}],"replies":[{"embeddable":true,"href":"https:\/\/historiografija.hr\/index.php?rest_route=%2Fwp%2Fv2%2Fcomments&post=42094"}],"version-history":[{"count":1,"href":"https:\/\/historiografija.hr\/index.php?rest_route=\/wp\/v2\/posts\/42094\/revisions"}],"predecessor-version":[{"id":42096,"href":"https:\/\/historiografija.hr\/index.php?rest_route=\/wp\/v2\/posts\/42094\/revisions\/42096"}],"wp:featuredmedia":[{"embeddable":true,"href":"https:\/\/historiografija.hr\/index.php?rest_route=\/wp\/v2\/media\/42095"}],"wp:attachment":[{"href":"https:\/\/historiografija.hr\/index.php?rest_route=%2Fwp%2Fv2%2Fmedia&parent=42094"}],"wp:term":[{"taxonomy":"category","embeddable":true,"href":"https:\/\/historiografija.hr\/index.php?rest_route=%2Fwp%2Fv2%2Fcategories&post=42094"},{"taxonomy":"post_tag","embeddable":true,"href":"https:\/\/historiografija.hr\/index.php?rest_route=%2Fwp%2Fv2%2Ftags&post=42094"}],"curies":[{"name":"wp","href":"https:\/\/api.w.org\/{rel}","templated":true}]}}