{"id":42091,"date":"2024-09-04T08:54:32","date_gmt":"2024-09-04T08:54:32","guid":{"rendered":"http:\/\/historiografija.hr\/?p=42091"},"modified":"2024-09-04T08:54:32","modified_gmt":"2024-09-04T08:54:32","slug":"izlozba-izblijedjela-povijest-tvornica-kovcega-i-kozne-galanterije-sljeme","status":"publish","type":"post","link":"https:\/\/historiografija.hr\/?p=42091","title":{"rendered":"Izlo\u017eba &#8220;Izblijedjela povijest \u2013 tvornica kov\u010dega i ko\u017ene galanterije Sljeme&#8221;"},"content":{"rendered":"\n<p>Muzej grada Zagreba, 5. rujna \u2013 3. studenoga 2024.<br><strong>Autorica izlo\u017ebe:<\/strong> Maja Ar\u010dabi\u0107<br><strong>Vizualni identitet i oblikovanje izlo\u017ebe:<\/strong> Bili\u0107_M\u00fcller Design Studio<\/p>\n\n\n\n<p>U \u010detvrtak, 5. rujna 2024. u 19 sati, u Muzeju grada Zagreba bit \u0107e otvorena izlo\u017eba<em> Izblijedjela povijest \u2013 tvornica kov\u010dega i ko\u017ene galanterije Sljeme<\/em>.<\/p>\n\n\n\n<p>Izlo\u017eba se temelji na istra\u017eivanju \u017eivotnog i profesionalnog puta kov\u010dezara Samuela Gatija, koji je 1921. u Zagrebu utemeljio obrtni\u010dku radionicu Sljeme &#8211; tvornicu kov\u010dega i ko\u017ene galanterije. Gatijeva znanja te vje\u0161tine zaposlenika \u2013 kvalificiranih kov\u010dezarskih, torbarskih i remenarskih radnika \u2013 izdvojili su Sljeme kao jednu od prvih tvrtki u Zagrebu koja je izra\u0111ivala kov\u010dege, torbice i ko\u017enu galanteriju vrhunske kvalitete.<\/p>\n\n\n\n<p>U tvornici djeluju majstori koji proizvode ko\u017ene, drvene, lakirane i platnene kov\u010dege te svu torbarsku, galanterijsku i sportsku ko\u017enu robu. Zahvaljuju\u0107i Gatijevu znanju i ambicijama, Sljeme brzo napreduje. Uz obrtni\u010dku radionicu u Meduli\u0107evoj ulici 12 i trgovinu u Ilici 26 te trgovinu otvorenu uo\u010di Drugog svjetskog rata na glavnom gradskom trgu, tvrtka Sljeme sredinom 1930-ih imala je poslovnice i na Zrinjevcu 16 te u Beogradu na adresi Poenkareova 2.<\/p>\n\n\n\n<p>Sljeme izla\u017ee na svjetskim izlo\u017ebama (Pariz 1925. i 1937., Barcelona 1929.), a po\u010detkom 1930-ih stje\u010de simboli\u010dku titulu \u201ekraljevskog dvorskog dobavlja\u010da\u201d koju isti\u010de na svojim proizvodima.<\/p>\n\n\n\n<p>Gatijevo ime malo je poznato stru\u010dnoj, a potpuno nepoznato \u0161iroj javnosti. Intrigantan i tegoban \u017eivotni put \u017didova ro\u0111enog u ma\u0111arskom Sigetu, koji se po potpisivanju Trianonskog mirovnog ugovora iz egzistencijalnih razloga preselio s obitelji iz Pe\u010duha u Zagreb, okon\u010dala je tragedija holokausta. Nakon Drugog svjetskog rata Gatijeva je obrtni\u010dka radionica nacionalizirana te je krajem 1960-ih sjedinjena s ko\u017earskim poduze\u0107em Almeria.<\/p>\n\n\n\n<p>Istra\u017euju\u0107i dostupno arhivsko gradivo u Hrvatskoj i inozemstvu o povijesti tvrtke Sljeme, nastojali smo rekonstruirati i detalje iz \u017eivota njezina osniva\u010da, koji je tragi\u010dno skon\u010dao u koncentracijskom logoru Auschwitz-Birkenau. Unato\u010d ulo\u017eenim naporima nismo uspjeli nabaviti fotografiju Samuela Gatija. Upravo ta \u010dinjenica, kao i saznanje da u Zagrebu ne \u017eive Gatijevi izravni potomci, bili su nadahnu\u0107e za naslov izlo\u017ebe.<\/p>\n\n\n\n<p>Jedini trag djelovanja obrtni\u010dke radionice Sljeme, utemeljene prije vi\u0161e od stolje\u0107a, kov\u010dezi su i torbe ba\u0161tinskih obilje\u017eja koji se \u010duvaju u muzejskim institucijama te privatnim kolekcijama i ostav\u0161tinama.<\/p>\n\n\n\n<hr class=\"wp-block-separator\"\/>\n\n\n\n<p>Izvor:<\/p>\n\n\n\n<p><a href=\"https:\/\/www.mgz.hr\/hr\/izlozbe\/izlozba\/izlozba-izblijedjela-povijest---tvornica-kov%c4%8dega-i-kozne-galanterije-sljeme,3661.html\">https:\/\/www.mgz.hr\/hr\/izlozbe\/izlozba\/izlozba-izblijedjela-povijest&#8212;tvornica-kov%c4%8dega-i-kozne-galanterije-sljeme,3661.html<\/a><\/p>\n\n\n\n<hr class=\"wp-block-separator\"\/>\n","protected":false},"excerpt":{"rendered":"","protected":false},"author":2,"featured_media":42092,"comment_status":"open","ping_status":"open","sticky":false,"template":"","format":"standard","meta":{"_acf_changed":false,"jetpack_post_was_ever_published":false,"_jetpack_newsletter_access":"","_jetpack_dont_email_post_to_subs":false,"_jetpack_newsletter_tier_id":0,"_jetpack_memberships_contains_paywalled_content":false,"_jetpack_memberships_contains_paid_content":false,"footnotes":"","jetpack_publicize_message":"","jetpack_publicize_feature_enabled":true,"jetpack_social_post_already_shared":true,"jetpack_social_options":{"image_generator_settings":{"template":"highway","default_image_id":0,"font":"","enabled":false},"version":2}},"categories":[10,3],"tags":[],"class_list":["post-42091","post","type-post","status-publish","format-standard","has-post-thumbnail","hentry","category-izlozbe","category-novosti"],"acf":{"facebook_opis":""},"jetpack_publicize_connections":[],"jetpack_featured_media_url":"https:\/\/i0.wp.com\/historiografija.hr\/wp-content\/uploads\/2024\/09\/SLJEME_e-pozivnica.jpg?fit=856%2C551&ssl=1","jetpack_sharing_enabled":true,"jetpack-related-posts":[],"_links":{"self":[{"href":"https:\/\/historiografija.hr\/index.php?rest_route=\/wp\/v2\/posts\/42091","targetHints":{"allow":["GET"]}}],"collection":[{"href":"https:\/\/historiografija.hr\/index.php?rest_route=\/wp\/v2\/posts"}],"about":[{"href":"https:\/\/historiografija.hr\/index.php?rest_route=\/wp\/v2\/types\/post"}],"author":[{"embeddable":true,"href":"https:\/\/historiografija.hr\/index.php?rest_route=\/wp\/v2\/users\/2"}],"replies":[{"embeddable":true,"href":"https:\/\/historiografija.hr\/index.php?rest_route=%2Fwp%2Fv2%2Fcomments&post=42091"}],"version-history":[{"count":1,"href":"https:\/\/historiografija.hr\/index.php?rest_route=\/wp\/v2\/posts\/42091\/revisions"}],"predecessor-version":[{"id":42093,"href":"https:\/\/historiografija.hr\/index.php?rest_route=\/wp\/v2\/posts\/42091\/revisions\/42093"}],"wp:featuredmedia":[{"embeddable":true,"href":"https:\/\/historiografija.hr\/index.php?rest_route=\/wp\/v2\/media\/42092"}],"wp:attachment":[{"href":"https:\/\/historiografija.hr\/index.php?rest_route=%2Fwp%2Fv2%2Fmedia&parent=42091"}],"wp:term":[{"taxonomy":"category","embeddable":true,"href":"https:\/\/historiografija.hr\/index.php?rest_route=%2Fwp%2Fv2%2Fcategories&post=42091"},{"taxonomy":"post_tag","embeddable":true,"href":"https:\/\/historiografija.hr\/index.php?rest_route=%2Fwp%2Fv2%2Ftags&post=42091"}],"curies":[{"name":"wp","href":"https:\/\/api.w.org\/{rel}","templated":true}]}}