{"id":42085,"date":"2024-09-04T08:46:48","date_gmt":"2024-09-04T08:46:48","guid":{"rendered":"http:\/\/historiografija.hr\/?p=42085"},"modified":"2024-09-04T08:46:48","modified_gmt":"2024-09-04T08:46:48","slug":"ivan-ivanji-bilo-jednom-u-jugoslaviji","status":"publish","type":"post","link":"https:\/\/historiografija.hr\/?p=42085","title":{"rendered":"Ivan Ivanji, \u201eBilo jednom u Jugoslaviji\u201c"},"content":{"rendered":"\n<p>Objavljena je 2024. godine memoarska knjiga Ivana Ivanjija (1929-2024) \u201eBilo jednom u Jugoslaviji\u201c. Tom prilikom upu\u0107ujemo i na dio nekrologa objavljenih povodom njegove smrti.<\/p>\n\n\n\n<hr class=\"wp-block-separator\"\/>\n\n\n\n<p><strong><em>Testamentarna knjiga svedoka jednog vremena<\/em><\/strong><br><br>Mislim da nema \u010doveka u Srbiji koji je bio prisutan na toliko popri\u0161ta kao Ivan Ivanji. Mo\u017eda nema ni u Evropi. Stvarno prisustvo pru\u017ea \u0161ansu da se stvarnost vidi van obrazaca. Ne koristi svako tu \u0161ansu. Ivanji je koristi.<br><br>Ako \u010ditamo njegovu ispovest, vidimo i to da stvarnost i logika nisu uvek pod istim krovom. Prvih desetak godina svog \u017eivota Ivanji je proveo u Be\u010dkereku\/Zrenjaninu, u gra\u0111anskoj porodici u kojoj je guvernanta bila Austrijanka iz Slovenije. Ispostavilo se da ona radi za Gestapo, ali ba\u0161 zahvaljuju\u0107i njoj Ivanji je dostigao takav stepen poznavanja nema\u010dkog jezika da je mogao postati Titov prevodilac.<br><br>Ivanji zna \u0161ta je jednom bilo u Jugoslaviji. Zna, jer je stanovao u Francuskoj 7, poznavao je Ota Bihaljija Merina, Branka \u0106opi\u0107a, Ivu Andri\u0107a, sretao je Ivana Stamboli\u0107a i mnoge druge znamenite li\u010dnosti. Ta imena su i nama poznata, ali preko Ivanjija saznajemo mnogo vi\u0161e nego \u0161to je poznato. Saznajemo recimo za razgovor sa Titom na Brdu kod Kranja \u010dija tema nije bila ni Jugoslavija ni nesvrstanost, ve\u0107 Titov pudlan Bil, kao i za\u0161to Krle\u017ea nije hteo da se kupa kod Opatije&#8230; I jo\u0161 mnogo toga \u0161to stvara upe\u010datljivu sliku o Jugoslaviji, zemlji koja je nekada bila na mestu na kojem se danas i mi nalazimo. Ako nas zanima gde smo zapravo, mislim da treba \u010ditati Ivanjija.<br>\u2013 Tibor Varadi<\/p>\n\n\n\n<hr class=\"wp-block-separator\"\/>\n\n\n\n<p>Nakladnik: Laguna<\/p>\n\n\n\n<p>Broj strana: 264<\/p>\n\n\n\n<p>Pismo: Latinica<\/p>\n\n\n\n<p>Godina izdanja: 2024.<\/p>\n\n\n\n<p>Odlomak:<\/p>\n\n\n\n<p><a href=\"https:\/\/laguna.rs\/n6357_knjiga_bilo_jednom_u_jugoslaviji_laguna.html\">https:\/\/laguna.rs\/n6357_knjiga_bilo_jednom_u_jugoslaviji_laguna.html<\/a><\/p>\n\n\n\n<hr class=\"wp-block-separator\"\/>\n\n\n\n<p>Obavijest je objavljena i na portalu Historiografija.ba:<\/p>\n\n\n\n<p><a href=\"https:\/\/historiografija.ba\/knjige\/jugoistocna-evropa\/bilo-jednom-u-jugoslaviji\">https:\/\/historiografija.ba\/knjige\/jugoistocna-evropa\/bilo-jednom-u-jugoslaviji<\/a><\/p>\n\n\n\n<hr class=\"wp-block-separator\"\/>\n\n\n\n<p>Nekrolozi<\/p>\n\n\n\n<p><a href=\"https:\/\/www.jutarnji.hr\/kultura\/knjizevnost\/umro-je-posljednji-titov-prevoditelj-u-96-godini-imao-je-nevjerojatan-zivot-15460494\">https:\/\/www.jutarnji.hr\/kultura\/knjizevnost\/umro-je-posljednji-titov-prevoditelj-u-96-godini-imao-je-nevjerojatan-zivot-15460494<\/a><\/p>\n\n\n\n<p><a href=\"https:\/\/historiografija.ba\/historija-u-javnosti\/dogadjaji\/umro-je-ivan-ivanji\">https:\/\/historiografija.ba\/historija-u-javnosti\/dogadjaji\/umro-je-ivan-ivanji<\/a><\/p>\n\n\n\n<p><a href=\"https:\/\/www.portalnovosti.com\/odlaskom-ivana-ivanjija-zavrsava-citava-jedna-era\">https:\/\/www.portalnovosti.com\/odlaskom-ivana-ivanjija-zavrsava-citava-jedna-era<\/a><\/p>\n\n\n\n<figure class=\"wp-block-embed-wordpress wp-block-embed is-type-wp-embed is-provider-kritika-hdp\"><div class=\"wp-block-embed__wrapper\">\n<blockquote class=\"wp-embedded-content\" data-secret=\"q8ancAJKt8\"><a href=\"https:\/\/kritika-hdp.hr\/ivan-ivanji-dozivotno-osuden-na-buchenwald\/\">Ivan Ivanji: Do\u017eivotno osu\u0111en na Buchenwald<\/a><\/blockquote><iframe loading=\"lazy\" class=\"wp-embedded-content\" sandbox=\"allow-scripts\" security=\"restricted\" style=\"position: absolute; clip: rect(1px, 1px, 1px, 1px);\" title=\"&#8220;Ivan Ivanji: Do\u017eivotno osu\u0111en na Buchenwald&#8221; &#8212; Kritika HDP\" src=\"https:\/\/kritika-hdp.hr\/ivan-ivanji-dozivotno-osuden-na-buchenwald\/embed\/#?secret=dOn3ixLQZ7#?secret=q8ancAJKt8\" data-secret=\"q8ancAJKt8\" width=\"600\" height=\"338\" frameborder=\"0\" marginwidth=\"0\" marginheight=\"0\" scrolling=\"no\"><\/iframe>\n<\/div><\/figure>\n\n\n\n<p><a href=\"https:\/\/www.dw.com\/bs\/ivan-ivanji-smrt-u-weimaru\/a-69044938\">https:\/\/www.dw.com\/bs\/ivan-ivanji-smrt-u-weimaru\/a-69044938<\/a><\/p>\n\n\n\n<figure class=\"wp-block-embed-wordpress wp-block-embed is-type-wp-embed is-provider-respublica\"><div class=\"wp-block-embed__wrapper\">\n<blockquote class=\"wp-embedded-content\" data-secret=\"ICTsSI83rg\"><a href=\"https:\/\/respublicacasopis.net\/2024\/05\/13\/in-memoriam-ivan-ivanji-1929-2024\/\">In memoriam. Ivan Ivanji (1929-2024)<\/a><\/blockquote><iframe loading=\"lazy\" class=\"wp-embedded-content\" sandbox=\"allow-scripts\" security=\"restricted\" style=\"position: absolute; clip: rect(1px, 1px, 1px, 1px);\" title=\"&#132;In memoriam. Ivan Ivanji (1929-2024)&#147; \u2014 ResPublica\" src=\"https:\/\/respublicacasopis.net\/2024\/05\/13\/in-memoriam-ivan-ivanji-1929-2024\/embed\/#?secret=rZqn3CYaKK#?secret=ICTsSI83rg\" data-secret=\"ICTsSI83rg\" width=\"600\" height=\"338\" frameborder=\"0\" marginwidth=\"0\" marginheight=\"0\" scrolling=\"no\"><\/iframe>\n<\/div><\/figure>\n\n\n\n<hr class=\"wp-block-separator\"\/>\n","protected":false},"excerpt":{"rendered":"","protected":false},"author":2,"featured_media":42086,"comment_status":"open","ping_status":"open","sticky":false,"template":"","format":"standard","meta":{"_acf_changed":false,"jetpack_post_was_ever_published":false,"_jetpack_newsletter_access":"","_jetpack_dont_email_post_to_subs":false,"_jetpack_newsletter_tier_id":0,"_jetpack_memberships_contains_paywalled_content":false,"_jetpack_memberships_contains_paid_content":false,"footnotes":"","jetpack_publicize_message":"","jetpack_publicize_feature_enabled":true,"jetpack_social_post_already_shared":true,"jetpack_social_options":{"image_generator_settings":{"template":"highway","default_image_id":0,"font":"","enabled":false},"version":2}},"categories":[8,3,20],"tags":[],"class_list":["post-42085","post","type-post","status-publish","format-standard","has-post-thumbnail","hentry","category-knjige","category-novosti","category-obavijesti-o-smrti-i-nekrolozi"],"acf":{"facebook_opis":""},"jetpack_publicize_connections":[],"jetpack_featured_media_url":"https:\/\/i0.wp.com\/historiografija.hr\/wp-content\/uploads\/2024\/09\/bilo_jednom_u_jugoslaviji.jpg?fit=310%2C477&ssl=1","jetpack_sharing_enabled":true,"jetpack-related-posts":[],"_links":{"self":[{"href":"https:\/\/historiografija.hr\/index.php?rest_route=\/wp\/v2\/posts\/42085","targetHints":{"allow":["GET"]}}],"collection":[{"href":"https:\/\/historiografija.hr\/index.php?rest_route=\/wp\/v2\/posts"}],"about":[{"href":"https:\/\/historiografija.hr\/index.php?rest_route=\/wp\/v2\/types\/post"}],"author":[{"embeddable":true,"href":"https:\/\/historiografija.hr\/index.php?rest_route=\/wp\/v2\/users\/2"}],"replies":[{"embeddable":true,"href":"https:\/\/historiografija.hr\/index.php?rest_route=%2Fwp%2Fv2%2Fcomments&post=42085"}],"version-history":[{"count":1,"href":"https:\/\/historiografija.hr\/index.php?rest_route=\/wp\/v2\/posts\/42085\/revisions"}],"predecessor-version":[{"id":42087,"href":"https:\/\/historiografija.hr\/index.php?rest_route=\/wp\/v2\/posts\/42085\/revisions\/42087"}],"wp:featuredmedia":[{"embeddable":true,"href":"https:\/\/historiografija.hr\/index.php?rest_route=\/wp\/v2\/media\/42086"}],"wp:attachment":[{"href":"https:\/\/historiografija.hr\/index.php?rest_route=%2Fwp%2Fv2%2Fmedia&parent=42085"}],"wp:term":[{"taxonomy":"category","embeddable":true,"href":"https:\/\/historiografija.hr\/index.php?rest_route=%2Fwp%2Fv2%2Fcategories&post=42085"},{"taxonomy":"post_tag","embeddable":true,"href":"https:\/\/historiografija.hr\/index.php?rest_route=%2Fwp%2Fv2%2Ftags&post=42085"}],"curies":[{"name":"wp","href":"https:\/\/api.w.org\/{rel}","templated":true}]}}