{"id":42082,"date":"2024-09-04T08:42:12","date_gmt":"2024-09-04T08:42:12","guid":{"rendered":"http:\/\/historiografija.hr\/?p=42082"},"modified":"2024-09-06T22:32:59","modified_gmt":"2024-09-06T22:32:59","slug":"medijski-prilozi-povodom-smrti-budimira-loncara","status":"publish","type":"post","link":"https:\/\/historiografija.hr\/?p=42082","title":{"rendered":"Medijski prilozi povodom smrti Budimira Lon\u010dara"},"content":{"rendered":"\n<p>Povodom smrti Budimira Lon\u010dara (1924-2024) objavljeno je mnogo komentara u medijima, koji su uglavnom na tragu polemi\u010dkih priloga objavljenih povodom njegova 100. ro\u0111endana, o \u010demu smo ve\u0107 obavje\u0161tavali.<\/p>\n\n\n\n<hr class=\"wp-block-separator\"\/>\n\n\n\n<p>Iz medija:<\/p>\n\n\n\n<p><a href=\"https:\/\/vijesti.hrt.hr\/hrvatska\/preminuo-bivsi-diplomat-budimir-loncar-11734969\">https:\/\/vijesti.hrt.hr\/hrvatska\/preminuo-bivsi-diplomat-budimir-loncar-11734969<\/a><\/p>\n\n\n\n<p><a href=\"https:\/\/www.telegram.hr\/velike-price\/budimir-loncar-danas-slavi-stoti-rodendan-njegov-biograf-donosi-dosad-nepoznate-detalje-iz-epskog-zivota-naseg-najveceg-diplomata\/\">https:\/\/www.telegram.hr\/velike-price\/budimir-loncar-danas-slavi-stoti-rodendan-njegov-biograf-donosi-dosad-nepoznate-detalje-iz-epskog-zivota-naseg-najveceg-diplomata\/<\/a><\/p>\n\n\n\n<p><a href=\"https:\/\/magazin.fraktura.hr\/hr\/preminuo-je-budimir-loncar-odlazak-barda-svjetske-diplomacije\">https:\/\/magazin.fraktura.hr\/hr\/preminuo-je-budimir-loncar-odlazak-barda-svjetske-diplomacije<\/a><\/p>\n\n\n\n<p><a href=\"https:\/\/www.jutarnji.hr\/vijesti\/hrvatska\/tko-je-bio-budo-loncar-briljantan-diplomat-ciju-su-karijeru-obiljezile-kontroverze-a-mnogi-mu-i-danas-zamjeraju-jednu-stvar-15497839\">https:\/\/www.jutarnji.hr\/vijesti\/hrvatska\/tko-je-bio-budo-loncar-briljantan-diplomat-ciju-su-karijeru-obiljezile-kontroverze-a-mnogi-mu-i-danas-zamjeraju-jednu-stvar-15497839<\/a><\/p>\n\n\n\n<p><a href=\"https:\/\/www.jutarnji.hr\/vijesti\/hrvatska\/budimir-loncar-pripremio-je-jedan-od-najvecih-uspjeha-neovisne-hrvatske-a-pogledajte-i-s-kojim-se-velikim-drzavnicima-druzio-15498187\">https:\/\/www.jutarnji.hr\/vijesti\/hrvatska\/budimir-loncar-pripremio-je-jedan-od-najvecih-uspjeha-neovisne-hrvatske-a-pogledajte-i-s-kojim-se-velikim-drzavnicima-druzio-15498187<\/a><\/p>\n\n\n\n<p><a href=\"https:\/\/www.vecernji.hr\/vijesti\/brojne-kontroverze-budimira-loncara-za-desnicu-je-embargom-na-uvoz-oruzja-bio-ubojica-hrvatske-1796854\">https:\/\/www.vecernji.hr\/vijesti\/brojne-kontroverze-budimira-loncara-za-desnicu-je-embargom-na-uvoz-oruzja-bio-ubojica-hrvatske-1796854<\/a><\/p>\n\n\n\n<p><a href=\"https:\/\/www.vecernji.hr\/vijesti\/tko-je-bio-budimir-loncar-istaknuo-se-u-partizanima-a-tudmana-je-upoznao-u-new-yorku-1796820\">https:\/\/www.vecernji.hr\/vijesti\/tko-je-bio-budimir-loncar-istaknuo-se-u-partizanima-a-tudmana-je-upoznao-u-new-yorku-1796820<\/a><\/p>\n\n\n\n<p><a href=\"https:\/\/balkans.aljazeera.net\/teme\/2024\/9\/3\/odlazak-budimira-loncara-otisao-kao-sto-je-i-zivio-povezan-sa-cijelim-svijetom\">https:\/\/balkans.aljazeera.net\/teme\/2024\/9\/3\/odlazak-budimira-loncara-otisao-kao-sto-je-i-zivio-povezan-sa-cijelim-svijetom<\/a><\/p>\n\n\n\n<p><a href=\"https:\/\/historiografija.ba\/historija-u-javnosti\/dogadjaji\/umro-je-budimir-loncar-1924-2024\">https:\/\/historiografija.ba\/historija-u-javnosti\/dogadjaji\/umro-je-budimir-loncar-1924-2024<\/a><\/p>\n\n\n\n<p><a href=\"https:\/\/www.portalnovosti.com\/otisao-je-veteran-svjetske-politike\">https:\/\/www.portalnovosti.com\/otisao-je-veteran-svjetske-politike<\/a><\/p>\n\n\n\n<p><a href=\"https:\/\/portalnovosti.com\/u-vrtlogu-stoljeca-obuhvatio-planet\">https:\/\/portalnovosti.com\/u-vrtlogu-stoljeca-obuhvatio-planet<\/a><\/p>\n\n\n\n<p><a href=\"https:\/\/express.24sata.hr\/top-news\/kada-bi-igrao-hajduk-noge-bi-mu-drhtale-morao-je-popiti-valijum-da-se-smiri-27453\">https:\/\/express.24sata.hr\/top-news\/kada-bi-igrao-hajduk-noge-bi-mu-drhtale-morao-je-popiti-valijum-da-se-smiri-27453<\/a><\/p>\n\n\n\n<p><a href=\"https:\/\/www.tportal.hr\/vijesti\/clanak\/tko-je-bio-budimir-loncar-odbio-bandicevu-medalju-a-ovako-je-o-njemu-govorio-tudman-foto-20240902\">https:\/\/www.tportal.hr\/vijesti\/clanak\/tko-je-bio-budimir-loncar-odbio-bandicevu-medalju-a-ovako-je-o-njemu-govorio-tudman-foto-20240902<\/a><\/p>\n\n\n\n<figure class=\"wp-block-embed-wordpress wp-block-embed is-type-wp-embed is-provider-zadarski-list\"><div class=\"wp-block-embed__wrapper\">\n<blockquote class=\"wp-embedded-content\" data-secret=\"9dluseSd2j\"><a href=\"https:\/\/zadarskilist.novilist.hr\/zadar-zupanija\/zupanija\/ivica-mastruko-o-preminulom-diplomatu-budimiru-loncaru-lobirao-je-za-hrvatske-interese\/\">Ivica Ma\u0161truko o preminulom diplomatu Budimiru Lon\u010daru: &#8220;Lobirao je za hrvatske interese&#8221;<\/a><\/blockquote><iframe loading=\"lazy\" class=\"wp-embedded-content\" sandbox=\"allow-scripts\" security=\"restricted\" style=\"position: absolute; clip: rect(1px, 1px, 1px, 1px);\" title=\"&#8220;Ivica Ma\u0161truko o preminulom diplomatu Budimiru Lon\u010daru: &#8220;Lobirao je za hrvatske interese&#8221;&#8221; &#8212; Zadarski list\" src=\"https:\/\/zadarskilist.novilist.hr\/zadar-zupanija\/zupanija\/ivica-mastruko-o-preminulom-diplomatu-budimiru-loncaru-lobirao-je-za-hrvatske-interese\/embed\/#?secret=csJVrdAPns#?secret=9dluseSd2j\" data-secret=\"9dluseSd2j\" width=\"600\" height=\"338\" frameborder=\"0\" marginwidth=\"0\" marginheight=\"0\" scrolling=\"no\"><\/iframe>\n<\/div><\/figure>\n\n\n\n<figure class=\"wp-block-embed-wordpress wp-block-embed is-type-wp-embed is-provider-autograf-hr\"><div class=\"wp-block-embed__wrapper\">\n<blockquote class=\"wp-embedded-content\" data-secret=\"ogO5HMBYwO\"><a href=\"https:\/\/autograf.hr\/ovo-je-istina-budimir-loncar-je-omogucio-hrvatsku-neovisnost-2\/\">Ovo je istina: Budimir Lon\u010dar je omogu\u0107io hrvatsku neovisnost!<\/a><\/blockquote><iframe loading=\"lazy\" class=\"wp-embedded-content\" sandbox=\"allow-scripts\" security=\"restricted\" style=\"position: absolute; clip: rect(1px, 1px, 1px, 1px);\" title=\"&#8220;Ovo je istina: Budimir Lon\u010dar je omogu\u0107io hrvatsku neovisnost!&#8221; &#8212; Autograf.hr\" src=\"https:\/\/autograf.hr\/ovo-je-istina-budimir-loncar-je-omogucio-hrvatsku-neovisnost-2\/embed\/#?secret=Woc8uLXJJX#?secret=ogO5HMBYwO\" data-secret=\"ogO5HMBYwO\" width=\"600\" height=\"338\" frameborder=\"0\" marginwidth=\"0\" marginheight=\"0\" scrolling=\"no\"><\/iframe>\n<\/div><\/figure>\n\n\n\n<p><a href=\"https:\/\/dalmatinskiportal.hr\/hrvatska\/kukavica--treba-reci-istinu--budimir-loncar-je-najzasluzniji-za-uvodenje-embarga-na-oruzje-hrvatskoj\/213394\">https:\/\/dalmatinskiportal.hr\/hrvatska\/kukavica&#8211;treba-reci-istinu&#8211;budimir-loncar-je-najzasluzniji-za-uvodenje-embarga-na-oruzje-hrvatskoj\/213394<\/a><\/p>\n\n\n\n<figure class=\"wp-block-embed-wordpress wp-block-embed is-type-wp-embed is-provider-narod-hr\"><div class=\"wp-block-embed__wrapper\">\n<blockquote class=\"wp-embedded-content\" data-secret=\"vfO43iO2gu\"><a href=\"https:\/\/narod.hr\/hrvatska\/preminuo-budimir-loncar-sef-jugoslavenske-diplomacije-koji-je-sprjecavao-naoruzavanje-hrvatske\">Preminuo Budimir Lon\u010dar, \u0161ef jugoslavenske diplomacije koji je sprje\u010davao naoru\u017eavanje Hrvatske<\/a><\/blockquote><iframe loading=\"lazy\" class=\"wp-embedded-content\" sandbox=\"allow-scripts\" security=\"restricted\" style=\"position: absolute; clip: rect(1px, 1px, 1px, 1px);\" title=\"&#8220;Preminuo Budimir Lon\u010dar, \u0161ef jugoslavenske diplomacije koji je sprje\u010davao naoru\u017eavanje Hrvatske&#8221; &#8212; narod.hr\" src=\"https:\/\/narod.hr\/hrvatska\/preminuo-budimir-loncar-sef-jugoslavenske-diplomacije-koji-je-sprjecavao-naoruzavanje-hrvatske\/embed#?secret=Je77ilqiTb#?secret=vfO43iO2gu\" data-secret=\"vfO43iO2gu\" width=\"600\" height=\"338\" frameborder=\"0\" marginwidth=\"0\" marginheight=\"0\" scrolling=\"no\"><\/iframe>\n<\/div><\/figure>\n\n\n\n<hr class=\"wp-block-separator\"\/>\n\n\n\n<p><strong>Prethodne obavijesti na portalu Historiografija.hr:<\/strong><\/p>\n\n\n\n<figure class=\"wp-block-embed-wordpress wp-block-embed is-type-wp-embed is-provider-historiografija-hr\"><div class=\"wp-block-embed__wrapper\">\n<blockquote class=\"wp-embedded-content\" data-secret=\"zUUqYGy4CW\"><a href=\"https:\/\/historiografija.hr\/?p=40336\">Polemi\u010dki prilozi o Budimiru Lon\u010daru povodom stotog ro\u0111endana<\/a><\/blockquote><iframe loading=\"lazy\" class=\"wp-embedded-content\" sandbox=\"allow-scripts\" security=\"restricted\" style=\"position: absolute; clip: rect(1px, 1px, 1px, 1px);\" title=\"&#8220;Polemi\u010dki prilozi o Budimiru Lon\u010daru povodom stotog ro\u0111endana&#8221; &#8212; Historiografija.hr\" src=\"https:\/\/historiografija.hr\/?p=40336&#038;embed=true#?secret=zUUqYGy4CW\" data-secret=\"zUUqYGy4CW\" width=\"600\" height=\"338\" frameborder=\"0\" marginwidth=\"0\" marginheight=\"0\" scrolling=\"no\"><\/iframe>\n<\/div><\/figure>\n\n\n\n<hr class=\"wp-block-separator\"\/>\n","protected":false},"excerpt":{"rendered":"","protected":false},"author":2,"featured_media":42083,"comment_status":"open","ping_status":"open","sticky":false,"template":"","format":"standard","meta":{"_acf_changed":false,"jetpack_post_was_ever_published":false,"_jetpack_newsletter_access":"","_jetpack_dont_email_post_to_subs":false,"_jetpack_newsletter_tier_id":0,"_jetpack_memberships_contains_paywalled_content":false,"_jetpack_memberships_contains_paid_content":false,"footnotes":"","jetpack_publicize_message":"","jetpack_publicize_feature_enabled":true,"jetpack_social_post_already_shared":true,"jetpack_social_options":{"image_generator_settings":{"template":"highway","default_image_id":0,"font":"","enabled":false},"version":2}},"categories":[3,20,17],"tags":[],"class_list":["post-42082","post","type-post","status-publish","format-standard","has-post-thumbnail","hentry","category-novosti","category-obavijesti-o-smrti-i-nekrolozi","category-rasprave"],"acf":{"facebook_opis":""},"jetpack_publicize_connections":[],"jetpack_featured_media_url":"https:\/\/i0.wp.com\/historiografija.hr\/wp-content\/uploads\/2024\/09\/Lon%C4%8Dar.jpg?fit=606%2C492&ssl=1","jetpack_sharing_enabled":true,"jetpack-related-posts":[],"_links":{"self":[{"href":"https:\/\/historiografija.hr\/index.php?rest_route=\/wp\/v2\/posts\/42082","targetHints":{"allow":["GET"]}}],"collection":[{"href":"https:\/\/historiografija.hr\/index.php?rest_route=\/wp\/v2\/posts"}],"about":[{"href":"https:\/\/historiografija.hr\/index.php?rest_route=\/wp\/v2\/types\/post"}],"author":[{"embeddable":true,"href":"https:\/\/historiografija.hr\/index.php?rest_route=\/wp\/v2\/users\/2"}],"replies":[{"embeddable":true,"href":"https:\/\/historiografija.hr\/index.php?rest_route=%2Fwp%2Fv2%2Fcomments&post=42082"}],"version-history":[{"count":2,"href":"https:\/\/historiografija.hr\/index.php?rest_route=\/wp\/v2\/posts\/42082\/revisions"}],"predecessor-version":[{"id":42150,"href":"https:\/\/historiografija.hr\/index.php?rest_route=\/wp\/v2\/posts\/42082\/revisions\/42150"}],"wp:featuredmedia":[{"embeddable":true,"href":"https:\/\/historiografija.hr\/index.php?rest_route=\/wp\/v2\/media\/42083"}],"wp:attachment":[{"href":"https:\/\/historiografija.hr\/index.php?rest_route=%2Fwp%2Fv2%2Fmedia&parent=42082"}],"wp:term":[{"taxonomy":"category","embeddable":true,"href":"https:\/\/historiografija.hr\/index.php?rest_route=%2Fwp%2Fv2%2Fcategories&post=42082"},{"taxonomy":"post_tag","embeddable":true,"href":"https:\/\/historiografija.hr\/index.php?rest_route=%2Fwp%2Fv2%2Ftags&post=42082"}],"curies":[{"name":"wp","href":"https:\/\/api.w.org\/{rel}","templated":true}]}}