{"id":42070,"date":"2024-09-03T16:43:05","date_gmt":"2024-09-03T16:43:05","guid":{"rendered":"http:\/\/historiografija.hr\/?p=42070"},"modified":"2024-09-03T16:43:42","modified_gmt":"2024-09-03T16:43:42","slug":"tribina-portali-i-e-casopisi-za-knjizevnost-spasavanje-struke-u-medijima","status":"publish","type":"post","link":"https:\/\/historiografija.hr\/?p=42070","title":{"rendered":"Tribina \u201ePortali i e-\u010dasopisi za knji\u017eevnost \u2013 spa\u0161avanje struke u medijima\u201c"},"content":{"rendered":"\n<p>U <a rel=\"noreferrer noopener\" href=\"http:\/\/dhk.hr\" target=\"_blank\">Dru\u0161tvu hrvatskih knji\u017eevnika<\/a> u \u010detvrtak, <strong>5. rujna<\/strong> u <strong>18 sati<\/strong>, odr\u017eat \u0107e se polemi\u010dka tribina <em>Bez cenzure<\/em> pod nazivom <strong>\u201ePortali i e-\u010dasopisi za knji\u017eevnost \u2013 spa\u0161avanje struke u medijima\u201c<\/strong>.\u00a0Na tribini \u0107e biti rije\u010di o nu\u017enosti knji\u017eevnih portala i e-\u010dasopisa koji, izme\u0111u ostalog, kontinuirano najavljuju knji\u017eevne doga\u0111aje, \u0161to dnevne novine ve\u0107 desetlje\u0107ima ne rade.<\/p>\n\n\n\n<p>Ova tribina bit \u0107e i potpora elektroni\u010dkim knji\u017eevnim medijima (kao \u0161to su <a href=\"http:\/\/mvinfo.hr\" target=\"_blank\" rel=\"noreferrer noopener\">Moderna vremena<\/a>, <a href=\"http:\/\/booksa.hr\" target=\"_blank\" rel=\"noreferrer noopener\">Booksa<\/a>, <a href=\"https:\/\/www.casopiskvaka.com.hr\/\" target=\"_blank\" rel=\"noreferrer noopener\">\u010casopis Kvaka<\/a> itd.) bez kojih ne bismo imali orijentaciju u knji\u017eevnom \u017eivotu, a ne bismo imali gdje objaviti i va\u017ene stru\u010dne priloge. Kako funkcioniraju portali, kako se dr\u017eava odnosi prema njima i koliko poma\u017eu u prezentaciji dobre knji\u017eevnosti \u2013 bit \u0107e neka od pitanja na tribini.&nbsp;&nbsp;<\/p>\n\n\n\n<p>O tome i o raznim drugim problemima na tribini \u0107e raspravljati:\u00a0<strong>Nenad Bartol\u010di\u0107<\/strong>,\u00a0<strong>Bo\u017eica Brkan<\/strong>,\u00a0<strong>Sonja Smolec<\/strong>, urednica i voditeljica\u00a0<strong>Lada \u017digo \u0160pani\u0107<\/strong>\u00a0te publika koja je pozvana uklju\u010diti se u raspravu.<\/p>\n\n\n\n<hr class=\"wp-block-separator\"\/>\n\n\n\n<p>Izvori:<\/p>\n\n\n\n<p><a href=\"https:\/\/mvinfo.hr\/clanak\/tribina-bez-cenzure-portali-i-e-casopisi-za-knjizevnost-spasavanje-struke-u-medijima\">https:\/\/mvinfo.hr\/clanak\/tribina-bez-cenzure-portali-i-e-casopisi-za-knjizevnost-spasavanje-struke-u-medijima<\/a><\/p>\n\n\n\n<p><a href=\"http:\/\/dhk.hr\/tribina-dogadanja\/hrvatska\/bez-cenzure-dhk-cetvrtak-5.-rujna-18-sati\">http:\/\/dhk.hr\/tribina-dogadanja\/hrvatska\/bez-cenzure-dhk-cetvrtak-5.-rujna-18-sati<\/a><\/p>\n\n\n\n<hr class=\"wp-block-separator\"\/>\n","protected":false},"excerpt":{"rendered":"","protected":false},"author":2,"featured_media":42071,"comment_status":"open","ping_status":"open","sticky":false,"template":"","format":"standard","meta":{"_acf_changed":false,"jetpack_post_was_ever_published":false,"_jetpack_newsletter_access":"","_jetpack_dont_email_post_to_subs":false,"_jetpack_newsletter_tier_id":0,"_jetpack_memberships_contains_paywalled_content":false,"_jetpack_memberships_contains_paid_content":false,"footnotes":"","jetpack_publicize_message":"","jetpack_publicize_feature_enabled":true,"jetpack_social_post_already_shared":true,"jetpack_social_options":{"image_generator_settings":{"template":"highway","default_image_id":0,"font":"","enabled":false},"version":2}},"categories":[3,12],"tags":[],"class_list":["post-42070","post","type-post","status-publish","format-standard","has-post-thumbnail","hentry","category-novosti","category-knjizevnost"],"acf":{"facebook_opis":""},"jetpack_publicize_connections":[],"jetpack_featured_media_url":"https:\/\/i0.wp.com\/historiografija.hr\/wp-content\/uploads\/2024\/09\/Bez-cenzure.jpg?fit=1200%2C800&ssl=1","jetpack_sharing_enabled":true,"jetpack-related-posts":[],"_links":{"self":[{"href":"https:\/\/historiografija.hr\/index.php?rest_route=\/wp\/v2\/posts\/42070","targetHints":{"allow":["GET"]}}],"collection":[{"href":"https:\/\/historiografija.hr\/index.php?rest_route=\/wp\/v2\/posts"}],"about":[{"href":"https:\/\/historiografija.hr\/index.php?rest_route=\/wp\/v2\/types\/post"}],"author":[{"embeddable":true,"href":"https:\/\/historiografija.hr\/index.php?rest_route=\/wp\/v2\/users\/2"}],"replies":[{"embeddable":true,"href":"https:\/\/historiografija.hr\/index.php?rest_route=%2Fwp%2Fv2%2Fcomments&post=42070"}],"version-history":[{"count":2,"href":"https:\/\/historiografija.hr\/index.php?rest_route=\/wp\/v2\/posts\/42070\/revisions"}],"predecessor-version":[{"id":42073,"href":"https:\/\/historiografija.hr\/index.php?rest_route=\/wp\/v2\/posts\/42070\/revisions\/42073"}],"wp:featuredmedia":[{"embeddable":true,"href":"https:\/\/historiografija.hr\/index.php?rest_route=\/wp\/v2\/media\/42071"}],"wp:attachment":[{"href":"https:\/\/historiografija.hr\/index.php?rest_route=%2Fwp%2Fv2%2Fmedia&parent=42070"}],"wp:term":[{"taxonomy":"category","embeddable":true,"href":"https:\/\/historiografija.hr\/index.php?rest_route=%2Fwp%2Fv2%2Fcategories&post=42070"},{"taxonomy":"post_tag","embeddable":true,"href":"https:\/\/historiografija.hr\/index.php?rest_route=%2Fwp%2Fv2%2Ftags&post=42070"}],"curies":[{"name":"wp","href":"https:\/\/api.w.org\/{rel}","templated":true}]}}