{"id":42064,"date":"2024-09-02T21:56:03","date_gmt":"2024-09-02T21:56:03","guid":{"rendered":"http:\/\/historiografija.hr\/?p=42064"},"modified":"2024-09-02T21:56:03","modified_gmt":"2024-09-02T21:56:03","slug":"amos-oz-pozdrav-fanaticima","status":"publish","type":"post","link":"https:\/\/historiografija.hr\/?p=42064","title":{"rendered":"Amos Oz, \u201ePozdrav fanaticima\u201c"},"content":{"rendered":"\n<p>Nakon odlaska Amosa Oza, jednog od najzna\u010dajnijih pisaca i intelektualaca na\u0161eg vremena, njegova knjiga <em>Pozdrav fanaticima\u00a0<\/em>mo\u017ee se \u010ditati kao oporuka svijetu koji i dalje, i to sve glasnije i sve pogubnije, njeguje svoje fanatizme po cijenu tisu\u0107a izgubljenih \u017eivota i novih nesmiljenih razaranja. Iako je u tri eseja otisnuta u ovoj knjizi izraelsko-palestinski sukob sredi\u0161nja tema na kojoj Amos Oz obrazla\u017ee kobne posljedice vjerske, teritorijalne i politi\u010dke isklju\u010divosti, on istovremeno, s dozom humora i zdrave samoironije, precizno secira fanatizam svake vrste, uklju\u010duju\u0107i i na\u0161e naizgled nedu\u017ene, svakodnevne fanatizme koje zastupamo opravdavaju\u0107i ih gordo\u0161\u0107u, ispravno\u0161\u0107u i nepokolebljivim idealizmom. Ova nas knjiga u\u010di da u svakoj uvjerenosti da smo u pravu i da je na\u0161a istina apsolutna \u010du\u010di mali fanatik nespreman na dijalog i kompromis, a odabrati kompromis, odabrati sposobnost za suosje\u0107anje i znati\u017eelju prema tu\u0111oj perspektivi, zna\u010di odabrati \u017eivot i mir \u2013 bez obzira radi li se o obiteljskom, dobrosusjedskom ili nacionalnom su\u017eivotu. Zato nam je <em>Pozdrav fanaticima <\/em>Amosa Oza danas potrebniji nego ikad.<\/p>\n\n\n\n<hr class=\"wp-block-separator\"\/>\n\n\n\n<p>Jezik izvornika: hebrejski<\/p>\n\n\n\n<p>Prijevod: Andrea Weiss Sadeh<\/p>\n\n\n\n<p>Broj stranica: 128<\/p>\n\n\n\n<p>Datum izdanja: lipanj 2024.<\/p>\n\n\n\n<p>Naslov izvornika: Shalom La\u2019kana\u2019im<\/p>\n\n\n\n<hr class=\"wp-block-separator\"\/>\n\n\n\n<p>Izvor:<\/p>\n\n\n\n<p><a href=\"https:\/\/fraktura.hr\/pozdrav-fanaticima.html\">https:\/\/fraktura.hr\/pozdrav-fanaticima.html<\/a><\/p>\n\n\n\n<hr class=\"wp-block-separator\"\/>\n","protected":false},"excerpt":{"rendered":"","protected":false},"author":2,"featured_media":42065,"comment_status":"open","ping_status":"open","sticky":false,"template":"","format":"standard","meta":{"_acf_changed":false,"jetpack_post_was_ever_published":false,"_jetpack_newsletter_access":"","_jetpack_dont_email_post_to_subs":false,"_jetpack_newsletter_tier_id":0,"_jetpack_memberships_contains_paywalled_content":false,"_jetpack_memberships_contains_paid_content":false,"footnotes":"","jetpack_publicize_message":"","jetpack_publicize_feature_enabled":true,"jetpack_social_post_already_shared":true,"jetpack_social_options":{"image_generator_settings":{"template":"highway","default_image_id":0,"font":"","enabled":false},"version":2}},"categories":[8,3],"tags":[],"class_list":["post-42064","post","type-post","status-publish","format-standard","has-post-thumbnail","hentry","category-knjige","category-novosti"],"acf":{"facebook_opis":""},"jetpack_publicize_connections":[],"jetpack_featured_media_url":"https:\/\/i0.wp.com\/historiografija.hr\/wp-content\/uploads\/2024\/09\/pozdrav_fanaticima.jpg?fit=364%2C610&ssl=1","jetpack_sharing_enabled":true,"jetpack-related-posts":[],"_links":{"self":[{"href":"https:\/\/historiografija.hr\/index.php?rest_route=\/wp\/v2\/posts\/42064","targetHints":{"allow":["GET"]}}],"collection":[{"href":"https:\/\/historiografija.hr\/index.php?rest_route=\/wp\/v2\/posts"}],"about":[{"href":"https:\/\/historiografija.hr\/index.php?rest_route=\/wp\/v2\/types\/post"}],"author":[{"embeddable":true,"href":"https:\/\/historiografija.hr\/index.php?rest_route=\/wp\/v2\/users\/2"}],"replies":[{"embeddable":true,"href":"https:\/\/historiografija.hr\/index.php?rest_route=%2Fwp%2Fv2%2Fcomments&post=42064"}],"version-history":[{"count":1,"href":"https:\/\/historiografija.hr\/index.php?rest_route=\/wp\/v2\/posts\/42064\/revisions"}],"predecessor-version":[{"id":42066,"href":"https:\/\/historiografija.hr\/index.php?rest_route=\/wp\/v2\/posts\/42064\/revisions\/42066"}],"wp:featuredmedia":[{"embeddable":true,"href":"https:\/\/historiografija.hr\/index.php?rest_route=\/wp\/v2\/media\/42065"}],"wp:attachment":[{"href":"https:\/\/historiografija.hr\/index.php?rest_route=%2Fwp%2Fv2%2Fmedia&parent=42064"}],"wp:term":[{"taxonomy":"category","embeddable":true,"href":"https:\/\/historiografija.hr\/index.php?rest_route=%2Fwp%2Fv2%2Fcategories&post=42064"},{"taxonomy":"post_tag","embeddable":true,"href":"https:\/\/historiografija.hr\/index.php?rest_route=%2Fwp%2Fv2%2Ftags&post=42064"}],"curies":[{"name":"wp","href":"https:\/\/api.w.org\/{rel}","templated":true}]}}