{"id":42061,"date":"2024-09-02T21:50:21","date_gmt":"2024-09-02T21:50:21","guid":{"rendered":"http:\/\/historiografija.hr\/?p=42061"},"modified":"2024-09-02T21:50:21","modified_gmt":"2024-09-02T21:50:21","slug":"florian-illies-ljubav-u-doba-mrznje-umjetnost-i-strast-u-predvecerje-rata-1929-1939","status":"publish","type":"post","link":"https:\/\/historiografija.hr\/?p=42061","title":{"rendered":"Florian Illies, \u201eLjubav u doba mr\u017enje \u2013 Umjetnost i strast u predve\u010derje rata 1929. \u2013 1939.\u201c"},"content":{"rendered":"\n<p>Knjiga Floriana Illiesa <em>Ljubav u doba mr\u017enje \u2013 Umjetnost i strast u predve\u010derje rata 1929. \u2013 1939.<\/em> mogla bi biti naslovljena i kao <em>Sloboda u doba neslobode<\/em>. U vremenskom okviru koji ome\u0111uju Velika depresija i po\u010detak Drugog svjetskog rata, u tom tjeskobnom i opasnom desetlje\u0107u kada se naslu\u0107ivala, ali se nije mogla zamisliti predstoje\u0107a strava, ljudi su se slobodno i strastveno voljeli, patili i \u010deznuli. Koji ljudi? Bilo bi uzaludno nabrojiti sve velike pisce, slikare, umjetnike i ponekog politi\u010dara (spomenimo samo Goebbelsa i Staljina) \u010diji ljubavni i seksualni \u017eivot Illies opisuje u <em>Ljubavi u doba mr\u017enje<\/em>. Rastrgano razdoblje izme\u0111u dva rata \u2013 lude dvadesete i psihoti\u010dne tridesete godine \u2013 bilo je doba velikana, epoha talenata. <em>Ljubav u doba mr\u017enje<\/em> nalikuje na zbirku tra\u010deva, ali so\u010dnih, neodoljivih tra\u010deva \u2013 tra\u010d nije drugo nego primijenjena fenomenologija \u2013 koji svjedo\u010de o snazi ljudske seksualnosti, o toksi\u010dnoj mu\u017eevnosti i hrabrosti \u017eenstva, o tiranskim ta\u0161tinama, o ljubavnim la\u017eima, o nje\u017enosti ljubavi, ali i njezinoj surovosti, srazu dvaju o\u010daja: onog unutarnjeg, individualnog, i vanjskog, po\u00adliti\u010dkog i prijete\u0107eg. Illies dokumentira i tragediju homoseksualaca razdrtih izme\u0111u vlastitih i tu\u0111ih predrasuda, slobode i neslobode, epske hrabrosti i opravdanog kukavi\u010dluka. Kada se okon\u010da zlatno i razuzdano razdoblje Weimarske Republike i kozmopolitskog Berlina, kada nastupi doba mr\u017enje i neslobode, seksualnost prerasta u individualni bunt, bje\u017ei u jo\u0161 uvijek slobodna podru\u010dja, ili biva ubijena \u2013 jer seksualnost je \u017eivot s\u00e2m \u2013 u nacisti\u010dkom logoru. Illiesova <em>Ljubav u doba mr\u017enje<\/em> pri\u010da je o ljudima \u010diji su stvarala\u010dki porivi, a stvarala\u0161tvo je tek emanacija seksualnosti, uspijevali svladati vlastite slabosti, alkohol, drogu, seksualni o\u010daj i, usprkos zastra\u0161uju\u0107im okolnostima, ostavili djela bez kojih su nezamislive na\u0161a kultura i civilizacija. Pritom su bili i zaljubljeni, ponekad \u010dak i sretno.<\/p>\n\n\n\n<hr class=\"wp-block-separator\"\/>\n\n\n\n<p>Jezik izvornika: njema\u010dki<\/p>\n\n\n\n<p>Prijevod: Goran Schmidt<\/p>\n\n\n\n<p>Broj stranica: 344<\/p>\n\n\n\n<p>Datum izdanja: travanj 2024.<\/p>\n\n\n\n<p>Naslov izvornika: Liebe in Zeiten des Hasses: Chronik eines Gefiihls 1929-1939<\/p>\n\n\n\n<hr class=\"wp-block-separator\"\/>\n\n\n\n<p>Izvor:<\/p>\n\n\n\n<p><a href=\"https:\/\/fraktura.hr\/ljubav-u-doba-mrznje.html\">https:\/\/fraktura.hr\/ljubav-u-doba-mrznje.html<\/a><\/p>\n\n\n\n<hr class=\"wp-block-separator\"\/>\n","protected":false},"excerpt":{"rendered":"","protected":false},"author":2,"featured_media":42062,"comment_status":"open","ping_status":"open","sticky":false,"template":"","format":"standard","meta":{"_acf_changed":false,"jetpack_post_was_ever_published":false,"_jetpack_newsletter_access":"","_jetpack_dont_email_post_to_subs":false,"_jetpack_newsletter_tier_id":0,"_jetpack_memberships_contains_paywalled_content":false,"_jetpack_memberships_contains_paid_content":false,"footnotes":"","jetpack_publicize_message":"","jetpack_publicize_feature_enabled":true,"jetpack_social_post_already_shared":true,"jetpack_social_options":{"image_generator_settings":{"template":"highway","default_image_id":0,"font":"","enabled":false},"version":2}},"categories":[8,3],"tags":[],"class_list":["post-42061","post","type-post","status-publish","format-standard","has-post-thumbnail","hentry","category-knjige","category-novosti"],"acf":{"facebook_opis":""},"jetpack_publicize_connections":[],"jetpack_featured_media_url":"https:\/\/i0.wp.com\/historiografija.hr\/wp-content\/uploads\/2024\/09\/ljubav_u_doba_mrznje.jpg?fit=403%2C610&ssl=1","jetpack_sharing_enabled":true,"jetpack-related-posts":[],"_links":{"self":[{"href":"https:\/\/historiografija.hr\/index.php?rest_route=\/wp\/v2\/posts\/42061","targetHints":{"allow":["GET"]}}],"collection":[{"href":"https:\/\/historiografija.hr\/index.php?rest_route=\/wp\/v2\/posts"}],"about":[{"href":"https:\/\/historiografija.hr\/index.php?rest_route=\/wp\/v2\/types\/post"}],"author":[{"embeddable":true,"href":"https:\/\/historiografija.hr\/index.php?rest_route=\/wp\/v2\/users\/2"}],"replies":[{"embeddable":true,"href":"https:\/\/historiografija.hr\/index.php?rest_route=%2Fwp%2Fv2%2Fcomments&post=42061"}],"version-history":[{"count":1,"href":"https:\/\/historiografija.hr\/index.php?rest_route=\/wp\/v2\/posts\/42061\/revisions"}],"predecessor-version":[{"id":42063,"href":"https:\/\/historiografija.hr\/index.php?rest_route=\/wp\/v2\/posts\/42061\/revisions\/42063"}],"wp:featuredmedia":[{"embeddable":true,"href":"https:\/\/historiografija.hr\/index.php?rest_route=\/wp\/v2\/media\/42062"}],"wp:attachment":[{"href":"https:\/\/historiografija.hr\/index.php?rest_route=%2Fwp%2Fv2%2Fmedia&parent=42061"}],"wp:term":[{"taxonomy":"category","embeddable":true,"href":"https:\/\/historiografija.hr\/index.php?rest_route=%2Fwp%2Fv2%2Fcategories&post=42061"},{"taxonomy":"post_tag","embeddable":true,"href":"https:\/\/historiografija.hr\/index.php?rest_route=%2Fwp%2Fv2%2Ftags&post=42061"}],"curies":[{"name":"wp","href":"https:\/\/api.w.org\/{rel}","templated":true}]}}