{"id":42052,"date":"2024-08-30T14:27:58","date_gmt":"2024-08-30T14:27:58","guid":{"rendered":"http:\/\/historiografija.hr\/?p=42052"},"modified":"2024-08-30T14:27:58","modified_gmt":"2024-08-30T14:27:58","slug":"jovana-karaulic-kulturalne-izvedbe-jugoslovenstva","status":"publish","type":"post","link":"https:\/\/historiografija.hr\/?p=42052","title":{"rendered":"Jovana Karauli\u0107, \u201eKulturalne izvedbe jugoslovenstva\u201c"},"content":{"rendered":"\n<p>Knjiga <strong><em>Kulturalne izvedbe jugoslovenstva<\/em><\/strong>predstavlja zna\u010dajan doprinos prou\u010davanju Jugoslavije \u2013 i Kraljevine SHS\/Jugoslavije, i socijalisti\u010dke Jugoslavije \u2013 kroz analizu javnih politika i uloga kulturalnih izvedbi kao instrumenata ideolo\u0161kog aparata. Precizno i sofisticirano, ona pokazuje kako kroz kulturne i ceremonijalne performanse ideja jednog socijalno-politi\u010dkog i kulturnog prostora po\u010dinje da se formira kao (nad)nacionalni dr\u017eavni identitet i pripadnost.<\/p>\n\n\n\n<p>Povezuju\u0107i istoriografski, sociolo\u0161ki i kulturolo\u0161ki metod sa studijama performansa, menad\u017ementom u umetnosti i kulturnom politikom, delo jasno pokazuje kako kulturne izvedbe razli\u010ditih formata funkcioni\u0161u kao instrument javne politike u odnosu na kompleksna dru\u0161tvena pitanja: od dr\u017eavnih ven\u010danja (Kralja Aleksandra) do sahrana (Tita), od sletova iz 1930. do Dana mladosti. Autorka posebno isti\u010de uloge organizacija Soko Kraljevine Jugoslavije i Socijalisti\u010dki savez radnog naroda Jugoslavije kao klju\u010dne za kulturnu politiku jugoslovenstva u dva razli\u010dita razdoblja u istoriji Jugoslavije. Posebna istra\u017eiva\u010dka pa\u017enja ukazana je formatu sleta kao instrumentu gra\u0111enja ideje \u201enarodnog jedinstva\u201c i dubokoj analizi poslednjeg sleta iz 1988. godine.<\/p>\n\n\n\n<p>Ovo interdisciplinarno, eruditno i analiti\u010dko delo od izuzetnog je zna\u010daja za vi\u0161e istra\u017eiva\u010dkih oblasti, te doprinosi razvoju studija istorije Jugoslavije, scenskog dizajna, izvo\u0111a\u010dkih umetnosti ali pre svega studijama menad\u017ementa u kulturi i razvoju kulturne politike.<\/p>\n\n\n\n<hr class=\"wp-block-separator\"\/>\n\n\n\n<p><strong>Jovana Karauli\u0107<\/strong> docent je na Katedri za menad\u017ement i produkciju pozori\u0161ta, radija i kulture na Fakultetu dramskih umetnosti u Beogradu. Aktivna je \u010dlanica Laboratorije interaktivnih umetnosti, kao i mre\u017ee IETM gde u\u010destvuje u radu grupe koja je usmerna na pitanja \u017eivotne sredine i izvo\u0111a\u010dkih umetnosti. U\u010desnica je u projektima saradnje FDU koje podr\u017eava Kreativna Evropa. Jedan je od osniva\u010da novinskog izdanja \u201eLice ulice\u201d kao i mnogih pozori\u0161nih, medijskih i umetni\u010dkih inicijativa na doma\u0107oj sceni. Objavljivala je \u010dlanke u relevantnim nau\u010dnim \u010dasopisima i zbornicima u izdanju konferencija na kojima je u\u010destvovala. Kourednica je me\u0111unarodne tematske publikacije \u201ePerforming arts between politics and policies: implications and challenges\u201d u izadnju FDU i ADU iz Zagreba, kao i ko-autorka \u00a0publikacije \u201eHow to build network and why\u201d u izdanju organizacije Kooperativa. Jedan od osniva\u010da \u201eGreen Art Incubator\u201c platforme usmerene na zelenu transformaciju u polju umetnosti i kulture.\u00a0<\/p>\n\n\n\n<hr class=\"wp-block-separator\"\/>\n\n\n\n<p>Godina izdanja: 2023.<\/p>\n\n\n\n<p>Broj strana: 203<\/p>\n\n\n\n<p>Pismo: Latinica<\/p>\n\n\n\n<hr class=\"wp-block-separator\"\/>\n\n\n\n<p>Pro\u010ditaj odlomak:<\/p>\n\n\n\n<p><a href=\"https:\/\/clio.rs\/proizvodi\/zajednicka-izdanja\/kulturalne-izvedbe-jugoslovenstva_294487\">https:\/\/clio.rs\/proizvodi\/zajednicka-izdanja\/kulturalne-izvedbe-jugoslovenstva_294487<\/a><\/p>\n\n\n\n<hr class=\"wp-block-separator\"\/>\n\n\n\n<p>Obavijest je objavljena i na portalu <strong>Historiografija.ba<\/strong>:<\/p>\n\n\n\n<p><a href=\"https:\/\/historiografija.ba\/knjige\/jugoistocna-evropa\/kulturalne-izvedbe-jugoslovenstva\">https:\/\/historiografija.ba\/knjige\/jugoistocna-evropa\/kulturalne-izvedbe-jugoslovenstva<\/a><\/p>\n\n\n\n<hr class=\"wp-block-separator\"\/>\n\n\n\n<p>Prikaz knjige:<\/p>\n\n\n\n<p><a href=\"https:\/\/hrcak.srce.hr\/clanak\/460967\">https:\/\/hrcak.srce.hr\/clanak\/460967<\/a><\/p>\n\n\n\n<hr class=\"wp-block-separator\"\/>\n\n\n\n<p>Iz medija:<\/p>\n\n\n\n<figure class=\"wp-block-embed-wordpress wp-block-embed is-type-wp-embed is-provider-vreme\"><div class=\"wp-block-embed__wrapper\">\n<blockquote class=\"wp-embedded-content\" data-secret=\"MQpkVlyFrv\"><a href=\"https:\/\/vreme.com\/mozaik\/kako-se-gradila-jugoslavija\/\">Kako se gradila Jugoslavija<\/a><\/blockquote><iframe loading=\"lazy\" class=\"wp-embedded-content\" sandbox=\"allow-scripts\" security=\"restricted\" style=\"position: absolute; clip: rect(1px, 1px, 1px, 1px);\" title=\"&#132;Kako se gradila Jugoslavija&#147; &#8212; Vreme\" src=\"https:\/\/vreme.com\/mozaik\/kako-se-gradila-jugoslavija\/embed\/#?secret=KCE22UlLzS#?secret=MQpkVlyFrv\" data-secret=\"MQpkVlyFrv\" width=\"600\" height=\"338\" frameborder=\"0\" marginwidth=\"0\" marginheight=\"0\" scrolling=\"no\"><\/iframe>\n<\/div><\/figure>\n\n\n\n<p><a href=\"https:\/\/www.kurir.rs\/zabava\/kultura\/4378827\/knjigajovane-karaulic\">https:\/\/www.kurir.rs\/zabava\/kultura\/4378827\/knjigajovane-karaulic<\/a><\/p>\n\n\n\n<p><a href=\"https:\/\/www.rts.rs\/lat\/radio\/radio-beograd-2\/5448025\/kulturalne-izvedbe-jugoslovenstva-.html\">https:\/\/www.rts.rs\/lat\/radio\/radio-beograd-2\/5448025\/kulturalne-izvedbe-jugoslovenstva-.html<\/a><\/p>\n\n\n\n<hr class=\"wp-block-separator\"\/>\n","protected":false},"excerpt":{"rendered":"","protected":false},"author":2,"featured_media":42053,"comment_status":"open","ping_status":"open","sticky":false,"template":"","format":"standard","meta":{"_acf_changed":false,"jetpack_post_was_ever_published":false,"_jetpack_newsletter_access":"","_jetpack_dont_email_post_to_subs":false,"_jetpack_newsletter_tier_id":0,"_jetpack_memberships_contains_paywalled_content":false,"_jetpack_memberships_contains_paid_content":false,"footnotes":"","jetpack_publicize_message":"","jetpack_publicize_feature_enabled":true,"jetpack_social_post_already_shared":true,"jetpack_social_options":{"image_generator_settings":{"template":"highway","default_image_id":0,"font":"","enabled":false},"version":2}},"categories":[8,3],"tags":[],"class_list":["post-42052","post","type-post","status-publish","format-standard","has-post-thumbnail","hentry","category-knjige","category-novosti"],"acf":{"facebook_opis":""},"jetpack_publicize_connections":[],"jetpack_featured_media_url":"https:\/\/i0.wp.com\/historiografija.hr\/wp-content\/uploads\/2024\/08\/Karauli%C4%87-scaled.jpg?fit=1614%2C2560&ssl=1","jetpack_sharing_enabled":true,"jetpack-related-posts":[],"_links":{"self":[{"href":"https:\/\/historiografija.hr\/index.php?rest_route=\/wp\/v2\/posts\/42052","targetHints":{"allow":["GET"]}}],"collection":[{"href":"https:\/\/historiografija.hr\/index.php?rest_route=\/wp\/v2\/posts"}],"about":[{"href":"https:\/\/historiografija.hr\/index.php?rest_route=\/wp\/v2\/types\/post"}],"author":[{"embeddable":true,"href":"https:\/\/historiografija.hr\/index.php?rest_route=\/wp\/v2\/users\/2"}],"replies":[{"embeddable":true,"href":"https:\/\/historiografija.hr\/index.php?rest_route=%2Fwp%2Fv2%2Fcomments&post=42052"}],"version-history":[{"count":1,"href":"https:\/\/historiografija.hr\/index.php?rest_route=\/wp\/v2\/posts\/42052\/revisions"}],"predecessor-version":[{"id":42054,"href":"https:\/\/historiografija.hr\/index.php?rest_route=\/wp\/v2\/posts\/42052\/revisions\/42054"}],"wp:featuredmedia":[{"embeddable":true,"href":"https:\/\/historiografija.hr\/index.php?rest_route=\/wp\/v2\/media\/42053"}],"wp:attachment":[{"href":"https:\/\/historiografija.hr\/index.php?rest_route=%2Fwp%2Fv2%2Fmedia&parent=42052"}],"wp:term":[{"taxonomy":"category","embeddable":true,"href":"https:\/\/historiografija.hr\/index.php?rest_route=%2Fwp%2Fv2%2Fcategories&post=42052"},{"taxonomy":"post_tag","embeddable":true,"href":"https:\/\/historiografija.hr\/index.php?rest_route=%2Fwp%2Fv2%2Ftags&post=42052"}],"curies":[{"name":"wp","href":"https:\/\/api.w.org\/{rel}","templated":true}]}}