{"id":42022,"date":"2024-08-26T22:37:56","date_gmt":"2024-08-26T22:37:56","guid":{"rendered":"http:\/\/historiografija.hr\/?p=42022"},"modified":"2024-08-26T22:38:50","modified_gmt":"2024-08-26T22:38:50","slug":"east-central-european-crisis-discourses-in-the-twentieth-century-a-never-ending-story","status":"publish","type":"post","link":"https:\/\/historiografija.hr\/?p=42022","title":{"rendered":"East Central European Crisis Discourses in the Twentieth Century: A Never-Ending Story?"},"content":{"rendered":"\n<p>Edited by Bal\u00e1zs Trencs\u00e9nyi, Lucija Baliki\u0107, Una Blagojevi\u0107 and Isidora Gruba\u010dki<\/p>\n\n\n\n<hr class=\"wp-block-separator\"\/>\n\n\n\n<p>440 Pages<\/p>\n\n\n\n<p>Published August 20, 2024 by Routledge<\/p>\n\n\n\n<hr class=\"wp-block-separator\"\/>\n\n\n\n<p>The term \u201ccrisis,\u201d with its complex history, has emerged as one of the pivotal notions of political modernity. As such, reconstructing the ways the discourse of crisis functioned in various contexts and historical moments gives us a unique insight not only into a series of conceptual transformations, but also into the underlying logic of key political and intellectual controversies of the last two centuries. Studying the ways crisis was experienced, conceptualized, and negotiated can contribute to the understanding of how various visions of time and history shape political thinking and, conversely, how political and social reconfigurations frame our assumptions about temporality and spatiality.<\/p>\n\n\n\n<p>A historical region wedged in between various competing imperial centers, East Central Europe has been an area often associated with crisis phenomena by both internal and external observers. Seeking to employ the regional gaze as a vantage point to reflect on issues which are relevant well beyond those countries between the Baltic and the Adriatic, this project is also in dialogue with a number of recent transnational attempts to rethink political and intellectual history with regard to the recurrent epistemological frames that structure the political and cultural debate.<\/p>\n\n\n\n<p>This book will thus be useful both for researchers, from the field of intellectual history and numerous adjacent fields, and graduate university students alike.<\/p>\n\n\n\n<hr class=\"wp-block-separator\"\/>\n\n\n\n<p><strong>Table of Contents<\/strong><\/p>\n\n\n\n<p><strong>Introduction<\/strong><\/p>\n\n\n\n<p><strong>Part I. Interwar Crises of Body and Soul<\/strong><\/p>\n\n\n\n<ol class=\"wp-block-list\" type=\"1\"><li>Bal\u00e1zs Trencs\u00e9nyi: \u201cCrisis without Catharsis? Crisis Discourses and the Problem of Political Modernity in Interwar East Central Europe\u201d<\/li><li>Johannes Bent and Liisi Keedus: \u201cContesting German \u2018Crisis Literature\u2019: Oswald Spengler in Interwar Hungarian and Romanian Reviews<\/li><li>Vilius Kubekas: \u201cConfronting the Spiritual Crisis: The Philosophical and Political Reorientation of Lithuanian Catholicism in the mid-1930s\u201d<\/li><li>Suzana Vuljevi\u0107: \u201cOrder Amid Chaos: The Crisis of Spirit and a Panoply of Pan-Balkan Solutions in Interwar Europe\u201d<\/li><li>Lucija Baliki\u0107: \u201cComing of Age with Crisis: Discourses on the \u2018National Body\u2019 in Youth Organizations of Interwar Yugoslavia and Hungary\u201d<\/li><li>Kristina And\u011blov\u00e1 and Isidora Gruba\u010dki: \u201cCrises of Feminism and Democracy in the Interwar Period. Yugoslav and Czechoslovak Entanglements\u201d<\/li><li>Katherine Lebow: \u201cBodies in Crisis: Women and Unemployment in Polish Sociological Research of the 1930s\u201d<\/li><\/ol>\n\n\n\n<p><strong>Part II. Crises of Transition To and From Socialism<\/strong><\/p>\n\n\n\n<ol class=\"wp-block-list\" type=\"1\"><li>Olga Byrska: \u201cCrisis, Revolution, Reconstruction?\u00a0Immediate Postwar Debates on Social and Political Transformation in Poland, 1944-1946\u201d<\/li><li>Julius Horvath: \u201cMarket Crisis and National Happiness: A Study of the Slovak and Czech Responses to Crisis in the Twentieth Century\u201d<\/li><li>Una Blagojevi\u0107: \u201cThe Cunning of Crisis and Yugoslav Marxist Revisionists\u201d<\/li><li>Stevo \u0110ura\u0161kovi\u0107: \u201cPredrag Matvejevi\u0107: The Crisis of Socialist Yugoslavia as a Crisis of Yugoslav Identity\u201d<\/li><li>Marko Zajc: \u201cThe <em>Nova revija<\/em> Magazine\u2019s 1986 Survey on the Yugoslav crisis\u201d<\/li><li>Benedek P\u00e1l: \u201c\u2018We all talk about crisis, but what do we mean by crisis?\u2019 Polish and Hungarian Intellectuals Negotiating the Crisis of State Socialism in the First Half of the 1980s\u201d<\/li><li>Viola L\u00e1szl\u00f3fi: \u201cThe Crisis of Biopolitics or Biopoliticizing the Crisis? Discourses on the Problems of Socialist Healthcare in Late Socialist Hungary\u201d<\/li><li>Martin Babi\u010dka: \u201cDiscourses of Moral and Ecological Crisis in Czech Post-Socialist Transformation\u201d<\/li><li>Tja\u0161a Konov\u0161ek: \u201cCrisis as Political Criticism: Slovenia, Post-communism, and the Conservative Turn\u201d<\/li><\/ol>\n\n\n\n<hr class=\"wp-block-separator\"\/>\n\n\n\n<p><strong>Editor(s)<\/strong><\/p>\n\n\n\n<p><strong>Biography<\/strong><\/p>\n\n\n\n<p><strong>Bal\u00e1zs Trencs\u00e9nyi <\/strong>is a professor at the Central European University History Department and the director of the CEU Institute for Advanced Study. He is one of the authors of a two-volume<em> History of Modern Political Thought in East Central Europe<\/em> (2016, 2018), alongside numerous other publications on East Central European intellectual history.<\/p>\n\n\n\n<p><strong>Lucija Baliki\u0107 <\/strong>is a PhD candidate at the Department of History, Central European University. Her research interests include intellectual and social history of late Austria-Hungary and interwar Yugoslavia. She published several research articles on history of knowledge production and body-politics in regional and international journals.<\/p>\n\n\n\n<p><strong>Una Blagojevi\u0107<\/strong> is a PhD candidate at the Department of History, Central European University and a research assistant at the Babe\u0219-Bolyai University, Cluj. Her doctoral research focuses on the intellectual history of Marxist Humanism in socialist Yugoslavia, and she is broadly interested in the social, cultural, and gender histories of East Central Europe. She is a member of the ERC project The History of Feminist Political Thought and Women\u2019s Rights Discourses in East Central Europe 1929-2001 (HERESEE), hosted at the University of Vienna.<\/p>\n\n\n\n<p><strong>Isidora Gruba\u010dki <\/strong>is a historian focusing on contemporary European history, specializing in the fields of transnational women\u2019s history and intellectual history of feminism in the interwar period. She works as research assistant at the Institute of Contemporary History in Ljubljana and is currently a member of the ERC project The History of Feminist Political Thought and Women&#8217;s Rights Discourses in East Central Europe 1929\u20132001 (HERESSEE), hosted at the University of Vienna.<\/p>\n\n\n\n<hr class=\"wp-block-separator\"\/>\n\n\n\n<p><a href=\"https:\/\/www.routledge.com\/East-Central-European-Crisis-Discourses-in-the-Twentieth-Century-A-Never-Ending-Story\/Trencsenyi-Balikic-Blagojevic-Grubacki\/p\/book\/9781032572055?srsltid=AfmBOopSIG3qnrgHizCNWyv9iBubyd-EACY5P_iEZxqNhg52e7uXujsH\">https:\/\/www.routledge.com\/East-Central-European-Crisis-Discourses-in-the-Twentieth-Century-A-Never-Ending-Story\/Trencsenyi-Balikic-Blagojevic-Grubacki\/p\/book\/9781032572055<\/a><\/p>\n\n\n\n<hr class=\"wp-block-separator\"\/>\n","protected":false},"excerpt":{"rendered":"","protected":false},"author":2,"featured_media":42023,"comment_status":"open","ping_status":"open","sticky":false,"template":"","format":"standard","meta":{"_acf_changed":false,"jetpack_post_was_ever_published":false,"_jetpack_newsletter_access":"","_jetpack_dont_email_post_to_subs":false,"_jetpack_newsletter_tier_id":0,"_jetpack_memberships_contains_paywalled_content":false,"_jetpack_memberships_contains_paid_content":false,"footnotes":"","jetpack_publicize_message":"","jetpack_publicize_feature_enabled":true,"jetpack_social_post_already_shared":true,"jetpack_social_options":{"image_generator_settings":{"template":"highway","default_image_id":0,"font":"","enabled":false},"version":2}},"categories":[8,3],"tags":[],"class_list":["post-42022","post","type-post","status-publish","format-standard","has-post-thumbnail","hentry","category-knjige","category-novosti"],"acf":{"facebook_opis":""},"jetpack_publicize_connections":[],"jetpack_featured_media_url":"https:\/\/i0.wp.com\/historiografija.hr\/wp-content\/uploads\/2024\/08\/Crisis.jpg?fit=350%2C538&ssl=1","jetpack_sharing_enabled":true,"jetpack-related-posts":[{"id":52516,"url":"https:\/\/historiografija.hr\/?p=52516","url_meta":{"origin":42022,"position":0},"title":"Marko Grde\u0161i\u0107, Mislav \u017ditko, \u201eSocialist Economics in Yugoslavia: A Critical History\u201c","author":"Branimir Jankovi\u0107","date":"17. travnja 2026.","format":false,"excerpt":"This book presents a critical history of Yugoslav socialist economics, from its inception in the late 1940s to its dissolution in the late 1980s. After the dramatic break with the Soviet Union in 1948, Yugoslavia found itself in urgent need of a third way: A socialist trajectory which would not\u2026","rel":"","context":"U &quot;Knjige&quot;","block_context":{"text":"Knjige","link":"https:\/\/historiografija.hr\/?cat=8"},"img":{"alt_text":"","src":"https:\/\/i0.wp.com\/historiografija.hr\/wp-content\/uploads\/2026\/04\/Zitko_Grdesic.jpg?fit=350%2C535&ssl=1&resize=350%2C200","width":350,"height":200},"classes":[]},{"id":52641,"url":"https:\/\/historiografija.hr\/?p=52641","url_meta":{"origin":42022,"position":1},"title":"CfP: WHO OWNS THE PAST? VERNACULAR MEMORY, STATE MEMORY, AND THE POLITICS OF OWNERSHIP","author":"Branimir Jankovi\u0107","date":"24. travnja 2026.","format":false,"excerpt":"VIENNA, 31ST AUGUST\u20133RD SEPTEMBER 2026 (DEADLINE: 24TH APRIL 2026) The Center for Austrian Studies at the European Forum at the Hebrew University and the Austrian Academy of Sciences\/Institute of Culture Studies invite early postdocs, PhD candidates, and advanced Master\u2019s students from the Hebrew University of Jerusalem and universities and academic\u2026","rel":"","context":"U &quot;Novosti&quot;","block_context":{"text":"Novosti","link":"https:\/\/historiografija.hr\/?cat=3"},"img":{"alt_text":"","src":"https:\/\/i0.wp.com\/historiografija.hr\/wp-content\/uploads\/2017\/10\/hsozkult.png?fit=1006%2C241&ssl=1&resize=350%2C200","width":350,"height":200,"srcset":"https:\/\/i0.wp.com\/historiografija.hr\/wp-content\/uploads\/2017\/10\/hsozkult.png?fit=1006%2C241&ssl=1&resize=350%2C200 1x, https:\/\/i0.wp.com\/historiografija.hr\/wp-content\/uploads\/2017\/10\/hsozkult.png?fit=1006%2C241&ssl=1&resize=525%2C300 1.5x, https:\/\/i0.wp.com\/historiografija.hr\/wp-content\/uploads\/2017\/10\/hsozkult.png?fit=1006%2C241&ssl=1&resize=700%2C400 2x"},"classes":[]},{"id":52664,"url":"https:\/\/historiografija.hr\/?p=52664","url_meta":{"origin":42022,"position":2},"title":"CfP: CONFERENCE OF THE HISTORY OF CONCEPTS GROUP, HELSINKI, 19TH\u201321ST AUGUST 2026 (DEADLINE: 30TH APRIL 2026)","author":"Branimir Jankovi\u0107","date":"24. travnja 2026.","format":false,"excerpt":"The annual conference of the History of Concepts Group is held at the University of Helsinki, 19-21 August 2026. Conference of the History of Concepts Group Conceptual history studies the use of concepts and tries to understand how historical actors have linguistically articulated views of the world. Studying concepts from\u2026","rel":"","context":"U &quot;Novosti&quot;","block_context":{"text":"Novosti","link":"https:\/\/historiografija.hr\/?cat=3"},"img":{"alt_text":"","src":"https:\/\/i0.wp.com\/historiografija.hr\/wp-content\/uploads\/2017\/10\/hsozkult.png?fit=1006%2C241&ssl=1&resize=350%2C200","width":350,"height":200,"srcset":"https:\/\/i0.wp.com\/historiografija.hr\/wp-content\/uploads\/2017\/10\/hsozkult.png?fit=1006%2C241&ssl=1&resize=350%2C200 1x, https:\/\/i0.wp.com\/historiografija.hr\/wp-content\/uploads\/2017\/10\/hsozkult.png?fit=1006%2C241&ssl=1&resize=525%2C300 1.5x, https:\/\/i0.wp.com\/historiografija.hr\/wp-content\/uploads\/2017\/10\/hsozkult.png?fit=1006%2C241&ssl=1&resize=700%2C400 2x"},"classes":[]},{"id":52625,"url":"https:\/\/historiografija.hr\/?p=52625","url_meta":{"origin":42022,"position":3},"title":"Omer Bartov, \u201eIsrael: What Went Wrong?\u201c","author":"Branimir Jankovi\u0107","date":"23. travnja 2026.","format":false,"excerpt":"Professor Omer Bartov was born on a kibbutz, grew up in Tel Aviv and served in the Israel Defence Forces during the Yom Kippur War. He went on to become an expert on the German army and the Holocaust, before turning his attention to his native country.In Israel: What Went\u2026","rel":"","context":"U &quot;Knjige&quot;","block_context":{"text":"Knjige","link":"https:\/\/historiografija.hr\/?cat=8"},"img":{"alt_text":"","src":"https:\/\/i0.wp.com\/historiografija.hr\/wp-content\/uploads\/2026\/04\/Bartov.jpeg?fit=320%2C500&ssl=1&resize=350%2C200","width":350,"height":200},"classes":[]},{"id":52531,"url":"https:\/\/historiografija.hr\/?p=52531","url_meta":{"origin":42022,"position":4},"title":"Jonathan G. Leslie, \u201eFear and Insecurity: Israel and the Iran Threat Narrative\u201c","author":"Branimir Jankovi\u0107","date":"17. travnja 2026.","format":false,"excerpt":"Why is Israel\u2019s former ally Iran now perceived as the country\u2019s greatest threat? Description To observers of the Iran-Israel conflict, its vitriolic rhetoric might suggest an ancient hatred between Jews and Muslims\u2013a biblical feud dating back hundreds, or thousands, of years. But this rivalry is a far more modern development.\u2026","rel":"","context":"U &quot;Knjige&quot;","block_context":{"text":"Knjige","link":"https:\/\/historiografija.hr\/?cat=8"},"img":{"alt_text":"","src":"https:\/\/i0.wp.com\/historiografija.hr\/wp-content\/uploads\/2026\/04\/Leslie.jpg?fit=391%2C612&ssl=1&resize=350%2C200","width":350,"height":200},"classes":[]},{"id":52586,"url":"https:\/\/historiografija.hr\/?p=52586","url_meta":{"origin":42022,"position":5},"title":"Aur\u00e9lie Daher, \u201eHezbollah: Mobilisation and Power\u201c","author":"Branimir Jankovi\u0107","date":"22. travnja 2026.","format":false,"excerpt":"Morning Star \u2018Book of the Year\u2019 Social movement, liberation party or terrorist group? With Hezbollah\u2019s growing involvement in the war in Syria, this study of its impact on Lebanon, drawing heavily on first-hand interviews, could not be more timely. Description Almost forty years after its foundation, Hezbollah remains an enigma.\u2026","rel":"","context":"U &quot;Knjige&quot;","block_context":{"text":"Knjige","link":"https:\/\/historiografija.hr\/?cat=8"},"img":{"alt_text":"","src":"https:\/\/i0.wp.com\/historiografija.hr\/wp-content\/uploads\/2026\/04\/Daher-Hezbollah.jpg?fit=600%2C931&ssl=1&resize=350%2C200","width":350,"height":200,"srcset":"https:\/\/i0.wp.com\/historiografija.hr\/wp-content\/uploads\/2026\/04\/Daher-Hezbollah.jpg?fit=600%2C931&ssl=1&resize=350%2C200 1x, https:\/\/i0.wp.com\/historiografija.hr\/wp-content\/uploads\/2026\/04\/Daher-Hezbollah.jpg?fit=600%2C931&ssl=1&resize=525%2C300 1.5x"},"classes":[]}],"_links":{"self":[{"href":"https:\/\/historiografija.hr\/index.php?rest_route=\/wp\/v2\/posts\/42022","targetHints":{"allow":["GET"]}}],"collection":[{"href":"https:\/\/historiografija.hr\/index.php?rest_route=\/wp\/v2\/posts"}],"about":[{"href":"https:\/\/historiografija.hr\/index.php?rest_route=\/wp\/v2\/types\/post"}],"author":[{"embeddable":true,"href":"https:\/\/historiografija.hr\/index.php?rest_route=\/wp\/v2\/users\/2"}],"replies":[{"embeddable":true,"href":"https:\/\/historiografija.hr\/index.php?rest_route=%2Fwp%2Fv2%2Fcomments&post=42022"}],"version-history":[{"count":2,"href":"https:\/\/historiografija.hr\/index.php?rest_route=\/wp\/v2\/posts\/42022\/revisions"}],"predecessor-version":[{"id":42025,"href":"https:\/\/historiografija.hr\/index.php?rest_route=\/wp\/v2\/posts\/42022\/revisions\/42025"}],"wp:featuredmedia":[{"embeddable":true,"href":"https:\/\/historiografija.hr\/index.php?rest_route=\/wp\/v2\/media\/42023"}],"wp:attachment":[{"href":"https:\/\/historiografija.hr\/index.php?rest_route=%2Fwp%2Fv2%2Fmedia&parent=42022"}],"wp:term":[{"taxonomy":"category","embeddable":true,"href":"https:\/\/historiografija.hr\/index.php?rest_route=%2Fwp%2Fv2%2Fcategories&post=42022"},{"taxonomy":"post_tag","embeddable":true,"href":"https:\/\/historiografija.hr\/index.php?rest_route=%2Fwp%2Fv2%2Ftags&post=42022"}],"curies":[{"name":"wp","href":"https:\/\/api.w.org\/{rel}","templated":true}]}}