{"id":42017,"date":"2024-08-26T22:22:57","date_gmt":"2024-08-26T22:22:57","guid":{"rendered":"http:\/\/historiografija.hr\/?p=42017"},"modified":"2024-08-26T22:22:57","modified_gmt":"2024-08-26T22:22:57","slug":"10-doktorska-radionica-pula-28-31-kolovoza-2024","status":"publish","type":"post","link":"https:\/\/historiografija.hr\/?p=42017","title":{"rendered":"10. Doktorska radionica (Pula, 28-31. kolovoza 2024.)"},"content":{"rendered":"\n<p>U organizaciji Centra za kulturolo\u0161ka i povijesna istra\u017eivanja socijalizma i Odsjeka za povijest Filozofskog fakulteta Sveu\u010dili\u0161ta Jurja Dobrile u Puli od 28. do 31. kolovoza 2024. na pulskom se sveu\u010dili\u0161tu odr\u017eava 10. Doktorska radionica. Ovogodi\u0161nja tema je <a href=\"https:\/\/www.unipu.hr\/ckpis\/doktorska_radionica\/2024\" target=\"_blank\" rel=\"noreferrer noopener\">Za\u0161to je socijalizam va\u017ean? Pristupi istra\u017eivanju politi\u010dke ideje i povijesnog razdoblja<\/a> (Why Socialism Matters? Approaches to Research of the Political Idea and the Historical Period). Sa svojim izlaganjima nastupit \u0107e dvadeset doktoranada s brojnih sveu\u010dili\u0161ta (Aalto, Basel, Beograd, Berlin, CEU Be\u010d, Chengchi, Duisburg-Essen, EHESS Paris, Frankfurt, Genova, Halle, Kopar, Prag, Zadar, Zagreb, Z\u00fcrich) te \u010detiri pozvana predava\u010da \u2013 profesorice i profesori Ankica \u010cakardi\u0107 (Filozofski fakultet Sveu\u010dili\u0161ta u Zagrebu), Hannes Grandits (Humboldtovo sveu\u010dili\u0161te u Berlinu), Branimir Jankovi\u0107 (Filozofski fakultet Sveu\u010dili\u0161ta u Zagrebu) i Katarina Peovi\u0107 (Filozofski fakultet Sveu\u010dili\u0161ta u Rijeci). Iako je <a href=\"https:\/\/www.unipu.hr\/images\/50039246\/Doctoral%20Workshop%202024%20PROGRAMME.pdf\">program<\/a> radionice prije svega namijenjen sudionicima doktorandima, predavanja i izlaganja otvorena su i za \u0161iru javnost. Mjesto odr\u017eavanja je FET, Dvorana Soumitra Sharma, Preradovi\u0107eva 1.<\/p>\n\n\n\n<p>Doktorska radionica sveu\u010dili\u0161nog <a href=\"https:\/\/www.unipu.hr\/ckpis\">Centra za kulturolo\u0161ka i povijesna istra\u017eivanja socijalizma<\/a> i <a href=\"https:\/\/ffpu.unipu.hr\/ffpu\/povijest\">Odsjeka za povijest Filozofskog fakulteta<\/a> Sveu\u010dili\u0161ta Jurja Dobrile u Puli spoj je znanstvenog skupa i ljetne \u0161kole koji od 2015., svake godine krajem kolovoza, omogu\u0107uje \u010detverodnevno usavr\u0161avanje doktorandica i doktoranada, polaznika poslijediplomskih studija povijesti te bliskih humanisti\u010dkih i dru\u0161tvenih znanosti. Radionica omogu\u0107uje razmjenu znanja i razmi\u0161ljanja, sudjelovanje u poticajnoj raspravi i povezivanje mladih istra\u017eiva\u010da, kao i mapiranje trendova u istra\u017eivanju, posebno na razini doktorskih studija. Pulskim studentima radionica omogu\u0107uje uvid u poslijediplomsku razinu rada i istra\u017eivanja, a neki potaknuti tim iskustvom upisuju doktorski studij.<\/p>\n\n\n\n<p>Tijekom proteklih deset godina teme radionice bile su usmjerene na suvremenu povijest, povijest socijalisti\u010dke Jugoslavije i \u0161ireg europskog prostora u razdoblju od po\u010detka dvadesetog stolje\u0107a do danas:<\/p>\n\n\n\n<ol class=\"wp-block-list\" type=\"1\"><li><a href=\"https:\/\/www.unipu.hr\/ckpis\/doktorska_radionica\/2015\">Povijest svakodnevice u socijalisti\u010dkoj Jugoslaviji<\/a> (2015.)<\/li><li><a href=\"https:\/\/www.unipu.hr\/ckpis\/doktorska_radionica\/2016\">Jugoslavenski socijalizam: sli\u010dnosti i posebnosti<\/a> (2016.)<\/li><li><a href=\"https:\/\/www.unipu.hr\/ckpis\/doktorska_radionica\/2017\">Novi \u010dovjek za socijalisti\u010dko dru\u0161tvo<\/a> (2017.)<\/li><li><a href=\"https:\/\/www.unipu.hr\/ckpis\/doktorska_radionica\/2018\">Jugoslavija i globalna 1968.: konteksti, perspektive, odjeci<\/a> (2018.)<\/li><li><a href=\"https:\/\/www.unipu.hr\/ckpis\/doktorska_radionica\/2019\">Industrijska dru\u0161tva kasnoga socijalizma: europske usporedbe<\/a> (2019.)<\/li><li><a href=\"https:\/\/www.unipu.hr\/ckpis\/doktorska_radionica\/2020\">Suradnja, razmjena i solidarnost u Europi 1945-1990.<\/a> (2020.)<\/li><li><a href=\"https:\/\/www.unipu.hr\/ckpis\/doktorska_radionica\/2021\">Mikrohistorija socijalizma<\/a> (2021.)<\/li><li><a href=\"https:\/\/www.unipu.hr\/ckpis\/doktorska_radionica\/2022\">Mikrohistorija socijalizma i postsocijalizma<\/a> (2022.)<\/li><li><a href=\"https:\/\/www.unipu.hr\/ckpis\/doktorska_radionica\/2023\">\u0160to je bila Europa? Predod\u017ebe, podjele i integracije od 1940-ih do 2010-ih<\/a> (2023.)<\/li><li><a href=\"https:\/\/www.unipu.hr\/ckpis\/doktorska_radionica\/2024\">Za\u0161to je socijalizam va\u017ean? Pristupi istra\u017eivanju politi\u010dke ideje i povijesnog razdoblja<\/a> (2024.)<\/li><\/ol>\n\n\n\n<p>Teme su \u010desto bile povezane s istra\u017eiva\u010dkim projektima u CKPIS-u, primjerice dvama vi\u0161egodi\u0161njim projektima koje je financirala Hrvatska zaklada za znanost (HRZZ), ili sa suradnjom u okviru mre\u017ee okupljene oko Katedre za povijest jugoisto\u010dne Europe Humboldtova sveu\u010dili\u0161ta u Berlinu, \u0161to je podupirala Njema\u010dka slu\u017eba za akademsku razmjenu (DAAD).<\/p>\n\n\n\n<p>Radionica je bilje\u017eila izvrstan odaziv te su na njoj sudjelovali doktorandi i predava\u010di s brojnih sveu\u010dili\u0161ta i iz drugih ustanova (Be\u010d, Beograd, Berlin, Bielefeld, Birmingham, Bochum, Bologna, Budimpe\u0161ta, Cork, Durham, Firenca, Ghent, Giessen, Glasgow, Graz, Hamburg, Ia\u015fi, K\u00f6ln, Konstanz, Kopar, Lisabon, Ljubljana, Montreal, M\u00fcnchen, North Carolina \u2013 Chapel Hill, Nottingham, Oxford, Pariz, Potsdam, Prag, Princeton, Regensburg, San Diego, Sarajevo, Skopje, Sofija, Split, T\u00fcbingen, Turku, Var\u0161ava, Warwick, Zagreb i Pula). Na 10. Doktorskoj radionici popisu se pridru\u017euje novi niz sveu\u010dili\u0161ta podi\u017eu\u0107i ukupni broj ustanova na vi\u0161e od 50 (Aalto, Basel, Duisburg-Essen, Frankfurt, Genova, Halle, Rim, Zadar, Z\u00fcrich, National Chengchi University).<\/p>\n\n\n\n<p>Programi deset radionica sadr\u017ee oko 130 izlaganja doktoranada i imena oko 40 pozvanih predava\u010da i diskutanata. Me\u0111u predava\u010dima jednako su zastupljeni oni s hrvatskih i inozemnih sveu\u010dili\u0161ta, a me\u0111u doktorandima je oko 90 polaznika studija u inozemstvu. Vi\u0161e se kolegica i kolega vra\u0107alo na radionicu poslije svojeg prvog sudjelovanja. Me\u0111u pozvanim predava\u010dima na deset radionica na\u0161li su se Rory Archer, Chiara Bonfiglioli, Ulf Brunnbauer, Ankica \u010cakardi\u0107, Amir Duranovi\u0107, Hannes Grandits, Tvrtko Jakovina, Branimir Jankovi\u0107, Husnija Kamberovi\u0107, Ana Kladnik, Hrvoje Klasi\u0107, Boris Koroman, Andrea Mato\u0161evi\u0107, Maroje Mrdulja\u0161, Magdalena Najbar-Agi\u010di\u0107, Ivan Obadi\u0107, Katarina Peovi\u0107, Tanja Petrovi\u0107, Nemanja Radonji\u0107, Paul Stubbs, Pieter Troch, Sa\u0161a Vejzagi\u0107, Radina Vu\u010deti\u0107, Dean Vuletic i Marko Zubak, a predavanja su dr\u017eali i sami organizatori.<\/p>\n\n\n\n<p>Radionicu je pokrenuo i od po\u010detaka je vodi prof. dr. sc. <a href=\"https:\/\/ffpu.unipu.hr\/ffpu\/igor.duda\">Igor Duda<\/a> s Odsjeka za povijest i iz CKPIS-a, koji je i suradnik na doktorskom studiju moderne i suvremene povijesti na Filozofskom fakultetu Sveu\u010dili\u0161ta u Zagrebu. Stalna je \u010dlanica Organizacijskog odbora dr. sc. Anita Buhin (sada Sveu\u010dili\u0161te Nova u Lisabonu), a u njemu su se posljednjih godina ustalile Tina Filipovi\u0107 (sada EUI Firenca, sudjeluje u organizaciji 2015. i od 2019.) i Sara \u017deri\u0107 \u0110ulovi\u0107 (sada IOS Regensburg, sudjeluje u organizaciji od 2021.). U prvim godinama \u010dlan je bio Igor Stani\u0107 (2015-2018.), iznimno i drugi.<\/p>\n\n\n\n<p>Doktorsku radionicu podupiru Sveu\u010dili\u0161te u Puli i Filozofski fakultet u Puli, a uspje\u0161na je vi\u0161egodi\u0161nja suradnja sa Studentskim centrom Pula te Povijesnim i pomorskim muzejom Istre. Radio Rojc, Punkt i drugi bili su ili jesu va\u017ena podr\u0161ka. Zahvaljuju\u0107i projektima s nama su bili HRZZ i DAAD, a jedne godine i Ministarstvo znanosti i obrazovanja Republike Hrvatske. Ove godine prostor nam ustupa pulski Fakultet ekonomije i turizma &#8220;Dr. Mijo Mirkovi\u0107&#8221;. Kao organizatori svima zahvaljujemo.<\/p>\n\n\n\n<hr class=\"wp-block-separator\"\/>\n\n\n\n<p>Izvor:<\/p>\n\n\n\n<p><a href=\"https:\/\/www.unipu.hr\/ckpis\/obavijesti?@=2fj7m#news_107528\">https:\/\/www.unipu.hr\/ckpis\/obavijesti?@=2fj7m#news_107528<\/a><\/p>\n\n\n\n<hr class=\"wp-block-separator\"\/>\n","protected":false},"excerpt":{"rendered":"","protected":false},"author":2,"featured_media":40059,"comment_status":"open","ping_status":"open","sticky":false,"template":"","format":"standard","meta":{"_acf_changed":false,"jetpack_post_was_ever_published":false,"_jetpack_newsletter_access":"","_jetpack_dont_email_post_to_subs":false,"_jetpack_newsletter_tier_id":0,"_jetpack_memberships_contains_paywalled_content":false,"_jetpack_memberships_contains_paid_content":false,"footnotes":"","jetpack_publicize_message":"","jetpack_publicize_feature_enabled":true,"jetpack_social_post_already_shared":true,"jetpack_social_options":{"image_generator_settings":{"template":"highway","default_image_id":0,"font":"","enabled":false},"version":2}},"categories":[3,9],"tags":[],"class_list":["post-42017","post","type-post","status-publish","format-standard","has-post-thumbnail","hentry","category-novosti","category-skupovi"],"acf":{"facebook_opis":""},"jetpack_publicize_connections":[],"jetpack_featured_media_url":"https:\/\/i0.wp.com\/historiografija.hr\/wp-content\/uploads\/2024\/03\/radionica24.png?fit=2000%2C1125&ssl=1","jetpack_sharing_enabled":true,"jetpack-related-posts":[],"_links":{"self":[{"href":"https:\/\/historiografija.hr\/index.php?rest_route=\/wp\/v2\/posts\/42017","targetHints":{"allow":["GET"]}}],"collection":[{"href":"https:\/\/historiografija.hr\/index.php?rest_route=\/wp\/v2\/posts"}],"about":[{"href":"https:\/\/historiografija.hr\/index.php?rest_route=\/wp\/v2\/types\/post"}],"author":[{"embeddable":true,"href":"https:\/\/historiografija.hr\/index.php?rest_route=\/wp\/v2\/users\/2"}],"replies":[{"embeddable":true,"href":"https:\/\/historiografija.hr\/index.php?rest_route=%2Fwp%2Fv2%2Fcomments&post=42017"}],"version-history":[{"count":1,"href":"https:\/\/historiografija.hr\/index.php?rest_route=\/wp\/v2\/posts\/42017\/revisions"}],"predecessor-version":[{"id":42018,"href":"https:\/\/historiografija.hr\/index.php?rest_route=\/wp\/v2\/posts\/42017\/revisions\/42018"}],"wp:featuredmedia":[{"embeddable":true,"href":"https:\/\/historiografija.hr\/index.php?rest_route=\/wp\/v2\/media\/40059"}],"wp:attachment":[{"href":"https:\/\/historiografija.hr\/index.php?rest_route=%2Fwp%2Fv2%2Fmedia&parent=42017"}],"wp:term":[{"taxonomy":"category","embeddable":true,"href":"https:\/\/historiografija.hr\/index.php?rest_route=%2Fwp%2Fv2%2Fcategories&post=42017"},{"taxonomy":"post_tag","embeddable":true,"href":"https:\/\/historiografija.hr\/index.php?rest_route=%2Fwp%2Fv2%2Ftags&post=42017"}],"curies":[{"name":"wp","href":"https:\/\/api.w.org\/{rel}","templated":true}]}}