{"id":41998,"date":"2024-08-23T13:57:08","date_gmt":"2024-08-23T13:57:08","guid":{"rendered":"http:\/\/historiografija.hr\/?p=41998"},"modified":"2024-08-23T13:57:08","modified_gmt":"2024-08-23T13:57:08","slug":"hans-blumenberg-prefiguracija-rad-na-politickom-mitu","status":"publish","type":"post","link":"https:\/\/historiografija.hr\/?p=41998","title":{"rendered":"Hans Blumenberg, \u201ePrefiguracija: rad na politi\u010dkom mitu\u201c"},"content":{"rendered":"\n<p>Hans Blumenberg objavio je 1979. godine velebnu studiju Rad na mitu, u kojoj se uhvatio u ko\u0161tac s pitanjem o va\u017enosti mitskog mi\u0161ljenja u osmi\u0161ljavanju ljudske egzistencije. No njegovi su \u010ditatelji zarana zamijetili izostanak problematizacije suvremenog politi\u010dkog mita. Prefiguracija. Rad na politi\u010dkom mitu izostavljeno je poglavlje iz Rada na mitu koje nudi odgovor na to \u0161to je Hans Blumenberg mislio o mitu danas. Ovo izdanje uklju\u010duje i kratko poglavlje iz ostav\u0161tine Zaobilazni put koje daje naslutiti razloge Blumenbergove zadr\u0161ke pred tom temom, kao i prepisku s germanistom G\u00f6tzom M\u00fcllerom povodom njegove recenzije Rada na mitu, koja je tako\u0111er ovdje uklju\u010dena. Sve to popra\u0107eno je pogovorom urednika njema\u010dkog izdanja Angusa Nichollsa i Felixa Heidenreicha, koji Blumenbergovu misao smje\u0161taju u kontekst njema\u010dkih poslijeratnih rasprava o mitskom mi\u0161ljenju i uzrocima nacizma.<\/p>\n\n\n\n<hr class=\"wp-block-separator\"\/>\n\n\n\n<p>Godina izdanja: 2023<\/p>\n\n\n\n<p>Broj stranica: 112<\/p>\n\n\n\n<hr class=\"wp-block-separator\"\/>\n\n\n\n<p>Izvor:<\/p>\n\n\n\n<figure class=\"wp-block-embed-wordpress wp-block-embed is-type-wp-embed is-provider-mizantrop\"><div class=\"wp-block-embed__wrapper\">\n<blockquote class=\"wp-embedded-content\" data-secret=\"cZLiJndUfv\"><a href=\"https:\/\/mizantrop.hr\/product\/prefiguracija-rad-na-politickom-mitu-blumenberg-hans\/\">Prefiguracija: rad na politi\u010dkom mitu &#8211; Blumenberg, Hans<\/a><\/blockquote><iframe loading=\"lazy\" class=\"wp-embedded-content\" sandbox=\"allow-scripts\" security=\"restricted\" style=\"position: absolute; clip: rect(1px, 1px, 1px, 1px);\" title=\"&#8220;Prefiguracija: rad na politi\u010dkom mitu &#8211; Blumenberg, Hans&#8221; &#8212; Mizantrop\" src=\"https:\/\/mizantrop.hr\/product\/prefiguracija-rad-na-politickom-mitu-blumenberg-hans\/embed\/#?secret=Ybm2yBYhQY#?secret=cZLiJndUfv\" data-secret=\"cZLiJndUfv\" width=\"600\" height=\"338\" frameborder=\"0\" marginwidth=\"0\" marginheight=\"0\" scrolling=\"no\"><\/iframe>\n<\/div><\/figure>\n\n\n\n<hr class=\"wp-block-separator\"\/>\n","protected":false},"excerpt":{"rendered":"","protected":false},"author":2,"featured_media":41999,"comment_status":"open","ping_status":"open","sticky":false,"template":"","format":"standard","meta":{"_acf_changed":false,"jetpack_post_was_ever_published":false,"_jetpack_newsletter_access":"","_jetpack_dont_email_post_to_subs":false,"_jetpack_newsletter_tier_id":0,"_jetpack_memberships_contains_paywalled_content":false,"_jetpack_memberships_contains_paid_content":false,"footnotes":"","jetpack_publicize_message":"","jetpack_publicize_feature_enabled":true,"jetpack_social_post_already_shared":true,"jetpack_social_options":{"image_generator_settings":{"template":"highway","default_image_id":0,"font":"","enabled":false},"version":2}},"categories":[8,3],"tags":[],"class_list":["post-41998","post","type-post","status-publish","format-standard","has-post-thumbnail","hentry","category-knjige","category-novosti"],"acf":{"facebook_opis":""},"jetpack_publicize_connections":[],"jetpack_featured_media_url":"https:\/\/i0.wp.com\/historiografija.hr\/wp-content\/uploads\/2024\/08\/PREFIGURACIJA.jpg?fit=1216%2C1836&ssl=1","jetpack_sharing_enabled":true,"jetpack-related-posts":[],"_links":{"self":[{"href":"https:\/\/historiografija.hr\/index.php?rest_route=\/wp\/v2\/posts\/41998","targetHints":{"allow":["GET"]}}],"collection":[{"href":"https:\/\/historiografija.hr\/index.php?rest_route=\/wp\/v2\/posts"}],"about":[{"href":"https:\/\/historiografija.hr\/index.php?rest_route=\/wp\/v2\/types\/post"}],"author":[{"embeddable":true,"href":"https:\/\/historiografija.hr\/index.php?rest_route=\/wp\/v2\/users\/2"}],"replies":[{"embeddable":true,"href":"https:\/\/historiografija.hr\/index.php?rest_route=%2Fwp%2Fv2%2Fcomments&post=41998"}],"version-history":[{"count":1,"href":"https:\/\/historiografija.hr\/index.php?rest_route=\/wp\/v2\/posts\/41998\/revisions"}],"predecessor-version":[{"id":42000,"href":"https:\/\/historiografija.hr\/index.php?rest_route=\/wp\/v2\/posts\/41998\/revisions\/42000"}],"wp:featuredmedia":[{"embeddable":true,"href":"https:\/\/historiografija.hr\/index.php?rest_route=\/wp\/v2\/media\/41999"}],"wp:attachment":[{"href":"https:\/\/historiografija.hr\/index.php?rest_route=%2Fwp%2Fv2%2Fmedia&parent=41998"}],"wp:term":[{"taxonomy":"category","embeddable":true,"href":"https:\/\/historiografija.hr\/index.php?rest_route=%2Fwp%2Fv2%2Fcategories&post=41998"},{"taxonomy":"post_tag","embeddable":true,"href":"https:\/\/historiografija.hr\/index.php?rest_route=%2Fwp%2Fv2%2Ftags&post=41998"}],"curies":[{"name":"wp","href":"https:\/\/api.w.org\/{rel}","templated":true}]}}