{"id":41988,"date":"2024-08-23T13:28:19","date_gmt":"2024-08-23T13:28:19","guid":{"rendered":"http:\/\/historiografija.hr\/?p=41988"},"modified":"2024-08-23T13:29:37","modified_gmt":"2024-08-23T13:29:37","slug":"reakcije-povjesnicara-na-politicke-zahtjeve-za-osnivanje-muzeja-zrtava-komunizma","status":"publish","type":"post","link":"https:\/\/historiografija.hr\/?p=41988","title":{"rendered":"Reakcije povjesni\u010dara na politi\u010dke zahtjeve za osnivanjem muzeja \u017ertava komunizma"},"content":{"rendered":"\n<p>Tijekom svibnja, lipnja i srpnja 2024. bilo je vi\u0161e komentara povjesni\u010dara i povjesni\u010darki u medijima povodom politi\u010dkih zahtjeva za osnivanjem muzeja \u017ertava komunizma, na koje upu\u0107ujemo u nastavku.<\/p>\n\n\n\n<hr class=\"wp-block-separator\"\/>\n\n\n\n<p>Hrvoje Klasi\u0107<\/p>\n\n\n\n<figure class=\"wp-block-embed-wordpress wp-block-embed is-type-wp-embed is-provider-n-1\"><div class=\"wp-block-embed__wrapper\">\n<blockquote class=\"wp-embedded-content\" data-secret=\"vSBWHqnCtA\"><a href=\"https:\/\/n1info.hr\/vijesti\/bartulica-trazi-muzej-zrtava-komunizma-klasic-hoce-li-biti-barem-pano-i-o-tudmanu\/\">Klasi\u0107 o Bartuli\u010dinoj ideji: Sla\u017ee li se da bude i muzej \u017ertava usta\u0161kog re\u017eima?<\/a><\/blockquote><iframe loading=\"lazy\" class=\"wp-embedded-content\" sandbox=\"allow-scripts\" security=\"restricted\" style=\"position: absolute; clip: rect(1px, 1px, 1px, 1px);\" title=\"&#8220;Klasi\u0107 o Bartuli\u010dinoj ideji: Sla\u017ee li se da bude i muzej \u017ertava usta\u0161kog re\u017eima?&#8221; &#8212; N1\" src=\"https:\/\/n1info.hr\/vijesti\/bartulica-trazi-muzej-zrtava-komunizma-klasic-hoce-li-biti-barem-pano-i-o-tudmanu\/embed\/#?secret=FLHUXzIZas#?secret=vSBWHqnCtA\" data-secret=\"vSBWHqnCtA\" width=\"600\" height=\"338\" frameborder=\"0\" marginwidth=\"0\" marginheight=\"0\" scrolling=\"no\"><\/iframe>\n<\/div><\/figure>\n\n\n\n<figure class=\"wp-block-embed-wordpress wp-block-embed is-type-wp-embed is-provider-n-1\"><div class=\"wp-block-embed__wrapper\">\n<blockquote class=\"wp-embedded-content\" data-secret=\"XG39xaAxnZ\"><a href=\"https:\/\/n1info.hr\/vijesti\/klasic-evo-zbog-cega-bartulica-inzistira-na-muzeju-zrtava-komunizma\/\">Povjesni\u010dar o Bartuli\u010dinom muzeju \u017ertava komunizma: Valjda \u017eeli oprati savjest<\/a><\/blockquote><iframe loading=\"lazy\" class=\"wp-embedded-content\" sandbox=\"allow-scripts\" security=\"restricted\" style=\"position: absolute; clip: rect(1px, 1px, 1px, 1px);\" title=\"&#8220;Povjesni\u010dar o Bartuli\u010dinom muzeju \u017ertava komunizma: Valjda \u017eeli oprati savjest&#8221; &#8212; N1\" src=\"https:\/\/n1info.hr\/vijesti\/klasic-evo-zbog-cega-bartulica-inzistira-na-muzeju-zrtava-komunizma\/embed\/#?secret=uMj0LfvbUB#?secret=XG39xaAxnZ\" data-secret=\"XG39xaAxnZ\" width=\"600\" height=\"338\" frameborder=\"0\" marginwidth=\"0\" marginheight=\"0\" scrolling=\"no\"><\/iframe>\n<\/div><\/figure>\n\n\n\n<figure class=\"wp-block-embed-wordpress wp-block-embed is-type-wp-embed is-provider-n-1\"><div class=\"wp-block-embed__wrapper\">\n<blockquote class=\"wp-embedded-content\" data-secret=\"K1pqoWqBcg\"><a href=\"https:\/\/n1info.hr\/vijesti\/kako-izgledaju-muzeji-politickog-terora-po-svijetu\/\">FOTO \/ Kako izgledaju muzeji politi\u010dkog terora po svijetu<\/a><\/blockquote><iframe loading=\"lazy\" class=\"wp-embedded-content\" sandbox=\"allow-scripts\" security=\"restricted\" style=\"position: absolute; clip: rect(1px, 1px, 1px, 1px);\" title=\"&#8220;FOTO \/ Kako izgledaju muzeji politi\u010dkog terora po svijetu&#8221; &#8212; N1\" src=\"https:\/\/n1info.hr\/vijesti\/kako-izgledaju-muzeji-politickog-terora-po-svijetu\/embed\/#?secret=gxKKDXMrRy#?secret=K1pqoWqBcg\" data-secret=\"K1pqoWqBcg\" width=\"600\" height=\"338\" frameborder=\"0\" marginwidth=\"0\" marginheight=\"0\" scrolling=\"no\"><\/iframe>\n<\/div><\/figure>\n\n\n\n<hr class=\"wp-block-separator\"\/>\n\n\n\n<p>Tvrtko Jakovina<\/p>\n\n\n\n<p><a href=\"https:\/\/www.portalnovosti.com\/desno-nam-se-povijest-pise\">https:\/\/www.portalnovosti.com\/desno-nam-se-povijest-pise<\/a><\/p>\n\n\n\n<p><a href=\"https:\/\/www.telegram.hr\/komentari\/muzej-kakav-trazi-bartulica-postoji-u-poljskoj-desnica-ga-je-pretvorila-u-ministarstvo-istine-gdje-djecu-uce-kako-iskapati-zrtve-komunizma\/\">https:\/\/www.telegram.hr\/komentari\/muzej-kakav-trazi-bartulica-postoji-u-poljskoj-desnica-ga-je-pretvorila-u-ministarstvo-istine-gdje-djecu-uce-kako-iskapati-zrtve-komunizma\/<\/a><\/p>\n\n\n\n<hr class=\"wp-block-separator\"\/>\n\n\n\n<p>Neven Budak<\/p>\n\n\n\n<p><a href=\"https:\/\/www.vecernji.hr\/vijesti\/ako-zelimo-muzej-zrtava-komunizma-ne-bismo-li-trebali-imati-i-muzej-zrtava-fasizma-1776118\">https:\/\/www.vecernji.hr\/vijesti\/ako-zelimo-muzej-zrtava-komunizma-ne-bismo-li-trebali-imati-i-muzej-zrtava-fasizma-1776118<\/a><\/p>\n\n\n\n<hr class=\"wp-block-separator\"\/>\n\n\n\n<p>Franko Dota<\/p>\n\n\n\n<figure class=\"wp-block-embed-wordpress wp-block-embed is-type-wp-embed is-provider-n-1\"><div class=\"wp-block-embed__wrapper\">\n<blockquote class=\"wp-embedded-content\" data-secret=\"ibNcBOwmAA\"><a href=\"https:\/\/n1info.hr\/vijesti\/predstavnici-manjinskih-skupina-za-n1-ne-bojimo-se-nikakvog-dp-a-nismo-ni-prije\/\">Predstavnici manjinskih skupina za N1: &#8220;Ne bojimo se nikakvog DP-a, nismo ni prije&#8221;<\/a><\/blockquote><iframe loading=\"lazy\" class=\"wp-embedded-content\" sandbox=\"allow-scripts\" security=\"restricted\" style=\"position: absolute; clip: rect(1px, 1px, 1px, 1px);\" title=\"&#8220;Predstavnici manjinskih skupina za N1: &#8220;Ne bojimo se nikakvog DP-a, nismo ni prije&#8221;&#8221; &#8212; N1\" src=\"https:\/\/n1info.hr\/vijesti\/predstavnici-manjinskih-skupina-za-n1-ne-bojimo-se-nikakvog-dp-a-nismo-ni-prije\/embed\/#?secret=TKIJwYKIXX#?secret=ibNcBOwmAA\" data-secret=\"ibNcBOwmAA\" width=\"600\" height=\"338\" frameborder=\"0\" marginwidth=\"0\" marginheight=\"0\" scrolling=\"no\"><\/iframe>\n<\/div><\/figure>\n\n\n\n<hr class=\"wp-block-separator\"\/>\n\n\n\n<p>Renata Jambre\u0161i\u0107 Kirin, Martin Previ\u0161i\u0107, Branko Franceschi<\/p>\n\n\n\n<p><a href=\"https:\/\/www.tportal.hr\/kultura\/clanak\/muzej-zrtava-komunizma-marko-veselica-i-pljackas-kioska-mogli-bi-zavrsiti-u-istom-kosu-foto-20240602\">https:\/\/www.tportal.hr\/kultura\/clanak\/muzej-zrtava-komunizma-marko-veselica-i-pljackas-kioska-mogli-bi-zavrsiti-u-istom-kosu-foto-20240602<\/a><\/p>\n\n\n\n<hr class=\"wp-block-separator\"\/>\n\n\n\n<p>Vlatka Vukeli\u0107<\/p>\n\n\n\n<figure class=\"wp-block-embed-wordpress wp-block-embed is-type-wp-embed is-provider-hrvatski-glasnik\"><div class=\"wp-block-embed__wrapper\">\n<blockquote class=\"wp-embedded-content\" data-secret=\"YV9eeDi8sV\"><a href=\"https:\/\/hrvatski-glasnik.com\/izdvojeno\/muzej-zrtava-komunizma-nije-nova-ni-jedinstvena-ideja-u-hrvatskoj-ona-postoji-vec-neko-vrijeme-ali-je-bila-lisena-drzavne-potpore-u-formi-i-u-sadrzaju\/2024\/05\/20\/95263\/\">&#8220;Muzej \u017ertava komunizma nije nova ni jedinstvena ideja u Hrvatskoj. Ona postoji ve\u0107 neko vrijeme, ali je bila li\u0161ena dr\u017eavne potpore, u formi i u sadr\u017eaju.&#8221;<\/a><\/blockquote><iframe loading=\"lazy\" class=\"wp-embedded-content\" sandbox=\"allow-scripts\" security=\"restricted\" style=\"position: absolute; clip: rect(1px, 1px, 1px, 1px);\" title=\"&#8220;&#8220;Muzej \u017ertava komunizma nije nova ni jedinstvena ideja u Hrvatskoj. Ona postoji ve\u0107 neko vrijeme, ali je bila li\u0161ena dr\u017eavne potpore, u formi i u sadr\u017eaju.&#8221;&#8221; &#8212; Hrvatski Glasnik\" src=\"https:\/\/hrvatski-glasnik.com\/izdvojeno\/muzej-zrtava-komunizma-nije-nova-ni-jedinstvena-ideja-u-hrvatskoj-ona-postoji-vec-neko-vrijeme-ali-je-bila-lisena-drzavne-potpore-u-formi-i-u-sadrzaju\/2024\/05\/20\/95263\/embed\/#?secret=UyuvDpzOIP#?secret=YV9eeDi8sV\" data-secret=\"YV9eeDi8sV\" width=\"600\" height=\"338\" frameborder=\"0\" marginwidth=\"0\" marginheight=\"0\" scrolling=\"no\"><\/iframe>\n<\/div><\/figure>\n\n\n\n<hr class=\"wp-block-separator\"\/>\n\n\n\n<p>Josip Jur\u010devi\u0107<\/p>\n\n\n\n<p><a href=\"https:\/\/www.jutarnji.hr\/vijesti\/hrvatska\/bartulicin-bivsi-kolega-tocno-znam-od-koga-je-dobio-ideju-za-muzej-zrtava-komunizma-15462783\">https:\/\/www.jutarnji.hr\/vijesti\/hrvatska\/bartulicin-bivsi-kolega-tocno-znam-od-koga-je-dobio-ideju-za-muzej-zrtava-komunizma-15462783<\/a><\/p>\n\n\n\n<hr class=\"wp-block-separator\"\/>\n","protected":false},"excerpt":{"rendered":"","protected":false},"author":2,"featured_media":41989,"comment_status":"open","ping_status":"open","sticky":false,"template":"","format":"standard","meta":{"_acf_changed":false,"jetpack_post_was_ever_published":false,"_jetpack_newsletter_access":"","_jetpack_dont_email_post_to_subs":false,"_jetpack_newsletter_tier_id":0,"_jetpack_memberships_contains_paywalled_content":false,"_jetpack_memberships_contains_paid_content":false,"footnotes":"","jetpack_publicize_message":"","jetpack_publicize_feature_enabled":true,"jetpack_social_post_already_shared":true,"jetpack_social_options":{"image_generator_settings":{"template":"highway","default_image_id":0,"font":"","enabled":false},"version":2}},"categories":[3,17],"tags":[],"class_list":["post-41988","post","type-post","status-publish","format-standard","has-post-thumbnail","hentry","category-novosti","category-rasprave"],"acf":{"facebook_opis":""},"jetpack_publicize_connections":[],"jetpack_featured_media_url":"https:\/\/i0.wp.com\/historiografija.hr\/wp-content\/uploads\/2024\/08\/Tportal.jpeg?fit=988%2C593&ssl=1","jetpack_sharing_enabled":true,"jetpack-related-posts":[],"_links":{"self":[{"href":"https:\/\/historiografija.hr\/index.php?rest_route=\/wp\/v2\/posts\/41988","targetHints":{"allow":["GET"]}}],"collection":[{"href":"https:\/\/historiografija.hr\/index.php?rest_route=\/wp\/v2\/posts"}],"about":[{"href":"https:\/\/historiografija.hr\/index.php?rest_route=\/wp\/v2\/types\/post"}],"author":[{"embeddable":true,"href":"https:\/\/historiografija.hr\/index.php?rest_route=\/wp\/v2\/users\/2"}],"replies":[{"embeddable":true,"href":"https:\/\/historiografija.hr\/index.php?rest_route=%2Fwp%2Fv2%2Fcomments&post=41988"}],"version-history":[{"count":2,"href":"https:\/\/historiografija.hr\/index.php?rest_route=\/wp\/v2\/posts\/41988\/revisions"}],"predecessor-version":[{"id":41991,"href":"https:\/\/historiografija.hr\/index.php?rest_route=\/wp\/v2\/posts\/41988\/revisions\/41991"}],"wp:featuredmedia":[{"embeddable":true,"href":"https:\/\/historiografija.hr\/index.php?rest_route=\/wp\/v2\/media\/41989"}],"wp:attachment":[{"href":"https:\/\/historiografija.hr\/index.php?rest_route=%2Fwp%2Fv2%2Fmedia&parent=41988"}],"wp:term":[{"taxonomy":"category","embeddable":true,"href":"https:\/\/historiografija.hr\/index.php?rest_route=%2Fwp%2Fv2%2Fcategories&post=41988"},{"taxonomy":"post_tag","embeddable":true,"href":"https:\/\/historiografija.hr\/index.php?rest_route=%2Fwp%2Fv2%2Ftags&post=41988"}],"curies":[{"name":"wp","href":"https:\/\/api.w.org\/{rel}","templated":true}]}}