{"id":41985,"date":"2024-08-23T11:50:24","date_gmt":"2024-08-23T11:50:24","guid":{"rendered":"http:\/\/historiografija.hr\/?p=41985"},"modified":"2024-08-23T11:50:24","modified_gmt":"2024-08-23T11:50:24","slug":"jenny-erpenbeck-kairos","status":"publish","type":"post","link":"https:\/\/historiografija.hr\/?p=41985","title":{"rendered":"Jenny Erpenbeck, &#8220;Kairos&#8221;"},"content":{"rendered":"\n<p>&#8220;Kairos&#8221; je roman o ra\u0111anju i propasti ljubavi izme\u0111u studentice i sredovje\u010dnog pisca usred politi\u010dkog i dru\u0161tvenog kaosa u vrijeme pada Berlinskog zida i uru\u0161avanja Isto\u010dne Njema\u010dke. U Isto\u010dnom Berlinu 1980-ih godina slu\u010dajno se u autobusu susre\u0107u devetnaestogodi\u0161nja studentica i o\u017eenjeni sredovje\u010dni pisac koje povezuje i ljubav prema glazbi, slikarstvu i knji\u017eevnosti i zapo\u010dinju burnu ljubavnu vezu.<\/p>\n\n\n\n<p>Nakon po\u010detne idile pokazuje se da je Hans patolo\u0161ki ljubomoran, slab, neodlu\u010dan i osvetoljubiv, a Katarina popustljiva do samoponi\u017eenja. Kad ga ona prevari, on joj ne mo\u017ee oprostiti i me\u0111u njima nastaje opasna pukotina koja otvara prostor okrutnosti, ka\u017enjavanju i pokazivanju mo\u0107i. Svijet oko njih tako\u0111er se mijenja: kako se Isto\u010dna Njema\u010dka po\u010dinje uru\u0161avati, nestaje sve ono \u0161to je predstavljalo sigurnost i pouzdanost ustupaju\u0107i mjesto novoj eri koja osim dobitaka donosi i nenadoknadiv gubitak.<\/p>\n\n\n\n<hr class=\"wp-block-separator\"\/>\n\n\n\n<p>\u201eJenny Erpenbeck jedno je od najja\u010dih imena svjetske knji\u017eevnosti, pa ne iznena\u0111uje da se ve\u0107 neko vrijeme spominje kao budu\u0107a nobelovka.\u201d<\/p>\n\n\n\n<p>\u2013 Dwight Garner, The New York Times<\/p>\n\n\n\n<hr class=\"wp-block-separator\"\/>\n\n\n\n<p><strong>Jenny Erpenbeck<\/strong>, jedna od najzna\u010dajnijih njema\u010dkih knji\u017eevnica, ro\u0111ena je 1967. godine u Isto\u010dnom Berlinu. Studirala je kazali\u0161nu umjetnost na Sveu\u010dili\u0161tu Humboldt u Berlinu, a potom glazbenu umjetnost na glazbenom konzervatoriju Hanns Eisler. Pisanjem se po\u010dela baviti 1990-ih godina i za svoje romane dobila je brojne najuglednije knji\u017eevne nagrade \u2013 me\u0111u ostalima i Nagradu Ingeborg Bachmann (2001.), Nagradu GEDOK (2004), Nagradu Hans Falada (2014.), nagradu \u010dasopisa \u201cIndependent\u201c za stranu beletristiku (2015.), Nagradu Thomas Mann (2016.), Nagradu Strega (2017.), a 2018. uvr\u0161tena je i u \u0161iri izbor za nagradu Booker International.<\/p>\n\n\n\n<p><strong>Godine 2024. njezin roman &#8220;Kairos&#8221; progla\u0161en je pobjednikom Me\u0111unarodne nagrade Booker.<\/strong><\/p>\n\n\n\n<hr class=\"wp-block-separator\"\/>\n\n\n\n<p>Nakladnik: Naklada Ljevak<\/p>\n\n\n\n<p>Broj stranica: 384<\/p>\n\n\n\n<p>Godina izdanja: 2023.<\/p>\n\n\n\n<p>Prevoditelj: Ana Nemec<\/p>\n\n\n\n<hr class=\"wp-block-separator\"\/>\n\n\n\n<p>Izvor:<\/p>\n\n\n\n<p><a href=\"https:\/\/www.ljevak.hr\/jenny-erpenbeck\/32081-kairos.html\">https:\/\/www.ljevak.hr\/jenny-erpenbeck\/32081-kairos.html<\/a><\/p>\n\n\n\n<hr class=\"wp-block-separator\"\/>\n","protected":false},"excerpt":{"rendered":"","protected":false},"author":2,"featured_media":41986,"comment_status":"open","ping_status":"open","sticky":false,"template":"","format":"standard","meta":{"_acf_changed":false,"jetpack_post_was_ever_published":false,"_jetpack_newsletter_access":"","_jetpack_dont_email_post_to_subs":false,"_jetpack_newsletter_tier_id":0,"_jetpack_memberships_contains_paywalled_content":false,"_jetpack_memberships_contains_paid_content":false,"footnotes":"","jetpack_publicize_message":"","jetpack_publicize_feature_enabled":true,"jetpack_social_post_already_shared":true,"jetpack_social_options":{"image_generator_settings":{"template":"highway","default_image_id":0,"font":"","enabled":false},"version":2}},"categories":[3,12],"tags":[],"class_list":["post-41985","post","type-post","status-publish","format-standard","has-post-thumbnail","hentry","category-novosti","category-knjizevnost"],"acf":{"facebook_opis":""},"jetpack_publicize_connections":[],"jetpack_featured_media_url":"https:\/\/i0.wp.com\/historiografija.hr\/wp-content\/uploads\/2024\/08\/kairos.jpg?fit=570%2C678&ssl=1","jetpack_sharing_enabled":true,"jetpack-related-posts":[],"_links":{"self":[{"href":"https:\/\/historiografija.hr\/index.php?rest_route=\/wp\/v2\/posts\/41985","targetHints":{"allow":["GET"]}}],"collection":[{"href":"https:\/\/historiografija.hr\/index.php?rest_route=\/wp\/v2\/posts"}],"about":[{"href":"https:\/\/historiografija.hr\/index.php?rest_route=\/wp\/v2\/types\/post"}],"author":[{"embeddable":true,"href":"https:\/\/historiografija.hr\/index.php?rest_route=\/wp\/v2\/users\/2"}],"replies":[{"embeddable":true,"href":"https:\/\/historiografija.hr\/index.php?rest_route=%2Fwp%2Fv2%2Fcomments&post=41985"}],"version-history":[{"count":1,"href":"https:\/\/historiografija.hr\/index.php?rest_route=\/wp\/v2\/posts\/41985\/revisions"}],"predecessor-version":[{"id":41987,"href":"https:\/\/historiografija.hr\/index.php?rest_route=\/wp\/v2\/posts\/41985\/revisions\/41987"}],"wp:featuredmedia":[{"embeddable":true,"href":"https:\/\/historiografija.hr\/index.php?rest_route=\/wp\/v2\/media\/41986"}],"wp:attachment":[{"href":"https:\/\/historiografija.hr\/index.php?rest_route=%2Fwp%2Fv2%2Fmedia&parent=41985"}],"wp:term":[{"taxonomy":"category","embeddable":true,"href":"https:\/\/historiografija.hr\/index.php?rest_route=%2Fwp%2Fv2%2Fcategories&post=41985"},{"taxonomy":"post_tag","embeddable":true,"href":"https:\/\/historiografija.hr\/index.php?rest_route=%2Fwp%2Fv2%2Ftags&post=41985"}],"curies":[{"name":"wp","href":"https:\/\/api.w.org\/{rel}","templated":true}]}}