{"id":41960,"date":"2024-08-22T20:31:12","date_gmt":"2024-08-22T20:31:12","guid":{"rendered":"http:\/\/historiografija.hr\/?p=41960"},"modified":"2024-09-14T14:48:07","modified_gmt":"2024-09-14T14:48:07","slug":"u-potrazi-za-drugim-misljenjem-povodom-davanja-mandata-na-raspolaganje-dekana-kbf-a-i-ffrz-a-zbog-pogresnog-glasanja-o-rodnim-studijima","status":"publish","type":"post","link":"https:\/\/historiografija.hr\/?p=41960","title":{"rendered":"U potrazi za \u201edrugim mi\u0161ljenjem\u201c \u2013 povodom davanja mandata na raspolaganje dekana KBF-a i FFRZ-a zbog \u201epogre\u0161nog\u201c glasanja o rodnim studijima"},"content":{"rendered":"\n<p>U nevjerici smo pratili <a href=\"https:\/\/ika.hkm.hr\/novosti\/priopcenje-za-javnost-dekana-kbf-a-i-ffrz-a\/\">priop\u0107enje<\/a> za javnost 6. kolovoza 2024. dekana Katoli\u010dkog bogoslovnog fakulteta Sveu\u010dili\u0161ta u Zagrebu i Fakulteta filozofije i religijskih znanosti Sveu\u010dili\u0161ta u Zagrebu koji su ponudili mandate na raspolaganje nakon \u0161to su nehoti\u010dno glasali u prilog prijedloga studijskog programa rodnih studija na sveu\u010dili\u0161nim tijelima. Vijest je izazvala vi\u0161e <a href=\"https:\/\/www.jutarnji.hr\/vijesti\/hrvatska\/dekani-vjerskih-fakulteta-u-lipnju-glasali-za-rodne-studije-pa-ponudili-ostavke-a-jasno-je-i-zasto-bas-sad-15490078\">komentara<\/a> u <a href=\"https:\/\/www.telegram.hr\/politika-kriminal\/dekani-vjerskih-fakulteta-glasali-za-rodne-studije-sada-nakon-sto-ih-je-napao-opskurni-medij-nude-ostavke\/\">medijima<\/a>. Pitamo se jesmo li do\u0161li do to\u010dke kad \u0107e se o\u010dekivati da netko mora napustiti prostoriju kada se spomenu pojmovi kao \u0161to su rod ili feminizam. Ostaju\u0107i samo na primjeru povijesne struke, zanima nas \u0161to je to toliko sabla\u017enjivo naprimjer u kolegiju \u201e<a href=\"https:\/\/theta.ffzg.hr\/ECTS\/Predmet\/Index\/33523\">Rod kao sudbina: izbor tema iz povijesti \u017eena 19. i 20. stolje\u0107a<\/a>\u201c koji se ve\u0107 godinama izvodi na Odsjeku za povijest Filozofskog fakulteta Sveu\u010dili\u0161ta u Zagrebu. Pitamo se kako netko ne vidi paradoks u rije\u010dima iz <a href=\"https:\/\/ika.hkm.hr\/novosti\/nadbiskup-kutlesa-rodne-ideologije-namecu-jednoumlje\/\">intervjua<\/a> zagreba\u010dkog nadbiskupa Dra\u017eena Kutle\u0161e da \u201erodne ideologije name\u0107u jednoumlje\u201c s obzirom da postoje deseci struja u rodnim teorijama koje me\u0111usobno polemiziraju i to na sveu\u010dili\u0161tima koja su po definiciji otvorena slobodnoj raspravi, dok predstavnici Katoli\u010dke crkve tra\u017ee zabranu jednog sveu\u010dili\u0161nog programa i iznose o tome samo jedno, jedino mi\u0161ljenje, bez mogu\u0107nosti druga\u010dijih pogleda.<\/p>\n\n\n\n<p>No nije nam cilj produbljivati rascjepe ve\u0107 upravo suprotno, podsjetiti na to\u010dke mogu\u0107eg dijaloga o tome. Ve\u0107 smo vi\u0161e puta navodili knjigu redovnice franjevke Jadranke Rebeke Ani\u0107 \u201e<a href=\"https:\/\/historiografija.hr\/?p=9256\">Kako razumjeti rod? Povijest rasprave i razli\u010dita razumijevanja u Crkvi<\/a>\u201c (Zagreb 2011), koja je s uva\u017eavanjem komentirana u \u010dasopisima \u201e<a href=\"https:\/\/hrcak.srce.hr\/clanak\/132170\">Crkva u svijetu<\/a>\u201c, \u201e<a href=\"https:\/\/hrcak.srce.hr\/clanak\/118913\">Diacovensia<\/a>\u201c, \u201e<a href=\"https:\/\/hrcak.srce.hr\/clanak\/117691\">Nova prisutnost<\/a>\u201c.<\/p>\n\n\n\n<p>Na Katoli\u010dkom bogoslovnom fakultetu odr\u017eana je 2018. godine tribina \u201eRodna teorija u Istanbulskoj konvenciji\u201c, na kojoj su govorili Branka Gali\u0107 (FFZG) i Ton\u010di Matuli\u0107 (KBF), o kojoj smo tako\u0111er <a href=\"https:\/\/historiografija.hr\/?p=9317\">obavijestili<\/a>. Je li danas uop\u0107e mogu\u0107a jedna takva tribina?<\/p>\n\n\n\n<p>Na me\u0111unarodnom planu dostupna je brojna studiozna literatura o temama poput <a href=\"https:\/\/www.vandenhoeck-ruprecht-verlage.com\/themen-entdecken\/theologie-und-religion\/religionswissenschaft\/56818\/handbuch-gender-und-religion\">Gender und Religion<\/a>, <a href=\"https:\/\/academic.oup.com\/book\/56128\">Can You Be a Catholic and a Feminist?<\/a> i sl.<\/p>\n\n\n\n<p>\u0160to se ti\u010de trenutnih naizgled doktrinarnih prepreka takvom dijalogu, treba podsjetiti da je Katoli\u010dka crkva vremenom promijenila svoj prvotno odbacuju\u0107i odnos prema modernitetu i liberalizmu, a mogu\u0107e je navesti i mnoge druge primjere.<\/p>\n\n\n\n<p>Podsjetit \u0107emo da se dijalog odvijao i tamo gdje ga se mo\u017eda najmanje o\u010dekuje, kao \u0161to svjedo\u010de knjige dominikanca Tome Vere\u0161a, npr. <em>Pru\u017eene ruke: prilozi za dijalog izme\u0111u marksista i kr\u0161\u0107ana <\/em>(Zagreb 1989) i druge, i to na \u0161iroj europskoj razini, o \u010demu govori recentna knjiga \u201e<a href=\"https:\/\/historiografija.hr\/?p=34311\">Christian Modernity and Marxist Secularism in East Central Europe: Between Conflict and Cooperation<\/a>\u201c.<\/p>\n\n\n\n<p>O\u010dito je da itekako postoji mnogo pluralizma u Katoli\u010dkoj crkvi i nadamo se da \u0107emo, mo\u017eda kad se stvari malo slegnu, dobiti i bitno druga\u010dije intonirane istupe o rodnim studijima. U svakom slu\u010daju, mnogo je dodirnih to\u010daka oko kojih se mogu voditi dijalozi, rasprave i polemike, tako karakteristi\u010dne za sveu\u010dili\u0161te, umjesto ovakvih poteza kojima do sada svjedo\u010dimo.<\/p>\n\n\n\n<p>Branimir Jankovi\u0107<\/p>\n\n\n\n<p>Urednik portala Historiografija.hr<\/p>\n\n\n\n<hr class=\"wp-block-separator\"\/>\n\n\n\n<figure class=\"wp-block-embed-wordpress wp-block-embed is-type-wp-embed is-provider-historiografija-hr\"><div class=\"wp-block-embed__wrapper\">\n<blockquote class=\"wp-embedded-content\" data-secret=\"a9OatOG2LV\"><a href=\"https:\/\/historiografija.hr\/?p=41649\">Kolegijalna poruka politi\u010daru Marijanu Pavli\u010deku, jednom od glavnih protivnika Rodnih studija, koji je zavr\u0161io germanistiku i povijest na Filozofskom fakultetu u Zagrebu<\/a><\/blockquote><iframe loading=\"lazy\" class=\"wp-embedded-content\" sandbox=\"allow-scripts\" security=\"restricted\" style=\"position: absolute; clip: rect(1px, 1px, 1px, 1px);\" title=\"&#8220;Kolegijalna poruka politi\u010daru Marijanu Pavli\u010deku, jednom od glavnih protivnika Rodnih studija, koji je zavr\u0161io germanistiku i povijest na Filozofskom fakultetu u Zagrebu&#8221; &#8212; Historiografija.hr\" src=\"https:\/\/historiografija.hr\/?p=41649&#038;embed=true#?secret=a9OatOG2LV\" data-secret=\"a9OatOG2LV\" width=\"600\" height=\"338\" frameborder=\"0\" marginwidth=\"0\" marginheight=\"0\" scrolling=\"no\"><\/iframe>\n<\/div><\/figure>\n\n\n\n<hr class=\"wp-block-separator\"\/>\n\n\n\n<figure class=\"wp-block-embed-wordpress wp-block-embed is-type-wp-embed is-provider-historiografija-hr\"><div class=\"wp-block-embed__wrapper\">\n<blockquote class=\"wp-embedded-content\" data-secret=\"ogRn6HAnsq\"><a href=\"https:\/\/historiografija.hr\/?p=41572\">\u0160to dalje nakon upu\u0107ivanja Rodnih studija na novu proceduru prijave?<\/a><\/blockquote><iframe loading=\"lazy\" class=\"wp-embedded-content\" sandbox=\"allow-scripts\" security=\"restricted\" style=\"position: absolute; clip: rect(1px, 1px, 1px, 1px);\" title=\"&#8220;\u0160to dalje nakon upu\u0107ivanja Rodnih studija na novu proceduru prijave?&#8221; &#8212; Historiografija.hr\" src=\"https:\/\/historiografija.hr\/?p=41572&#038;embed=true#?secret=ogRn6HAnsq\" data-secret=\"ogRn6HAnsq\" width=\"600\" height=\"338\" frameborder=\"0\" marginwidth=\"0\" marginheight=\"0\" scrolling=\"no\"><\/iframe>\n<\/div><\/figure>\n\n\n\n<hr class=\"wp-block-separator\"\/>\n\n\n\n<figure class=\"wp-block-embed-wordpress wp-block-embed is-type-wp-embed is-provider-historiografija-hr\"><div class=\"wp-block-embed__wrapper\">\n<blockquote class=\"wp-embedded-content\" data-secret=\"vmiOHGVKjf\"><a href=\"https:\/\/historiografija.hr\/?p=41480\">Iz povijesti polemika o pojmu roda i rodnim teorijama: ratifikacija Istanbulske konvencije<\/a><\/blockquote><iframe loading=\"lazy\" class=\"wp-embedded-content\" sandbox=\"allow-scripts\" security=\"restricted\" style=\"position: absolute; clip: rect(1px, 1px, 1px, 1px);\" title=\"&#8220;Iz povijesti polemika o pojmu roda i rodnim teorijama: ratifikacija Istanbulske konvencije&#8221; &#8212; Historiografija.hr\" src=\"https:\/\/historiografija.hr\/?p=41480&#038;embed=true#?secret=vmiOHGVKjf\" data-secret=\"vmiOHGVKjf\" width=\"600\" height=\"338\" frameborder=\"0\" marginwidth=\"0\" marginheight=\"0\" scrolling=\"no\"><\/iframe>\n<\/div><\/figure>\n\n\n\n<hr class=\"wp-block-separator\"\/>\n","protected":false},"excerpt":{"rendered":"","protected":false},"author":2,"featured_media":41506,"comment_status":"open","ping_status":"open","sticky":false,"template":"","format":"standard","meta":{"_acf_changed":false,"jetpack_post_was_ever_published":false,"_jetpack_newsletter_access":"","_jetpack_dont_email_post_to_subs":false,"_jetpack_newsletter_tier_id":0,"_jetpack_memberships_contains_paywalled_content":false,"_jetpack_memberships_contains_paid_content":false,"footnotes":"","jetpack_publicize_message":"","jetpack_publicize_feature_enabled":true,"jetpack_social_post_already_shared":true,"jetpack_social_options":{"image_generator_settings":{"template":"highway","default_image_id":0,"font":"","enabled":false},"version":2}},"categories":[3,17],"tags":[],"class_list":["post-41960","post","type-post","status-publish","format-standard","has-post-thumbnail","hentry","category-novosti","category-rasprave"],"acf":{"facebook_opis":""},"jetpack_publicize_connections":[],"jetpack_featured_media_url":"https:\/\/i0.wp.com\/historiografija.hr\/wp-content\/uploads\/2024\/07\/Rodna_povijest-1.jpg?fit=765%2C325&ssl=1","jetpack_sharing_enabled":true,"jetpack-related-posts":[],"_links":{"self":[{"href":"https:\/\/historiografija.hr\/index.php?rest_route=\/wp\/v2\/posts\/41960","targetHints":{"allow":["GET"]}}],"collection":[{"href":"https:\/\/historiografija.hr\/index.php?rest_route=\/wp\/v2\/posts"}],"about":[{"href":"https:\/\/historiografija.hr\/index.php?rest_route=\/wp\/v2\/types\/post"}],"author":[{"embeddable":true,"href":"https:\/\/historiografija.hr\/index.php?rest_route=\/wp\/v2\/users\/2"}],"replies":[{"embeddable":true,"href":"https:\/\/historiografija.hr\/index.php?rest_route=%2Fwp%2Fv2%2Fcomments&post=41960"}],"version-history":[{"count":12,"href":"https:\/\/historiografija.hr\/index.php?rest_route=\/wp\/v2\/posts\/41960\/revisions"}],"predecessor-version":[{"id":42214,"href":"https:\/\/historiografija.hr\/index.php?rest_route=\/wp\/v2\/posts\/41960\/revisions\/42214"}],"wp:featuredmedia":[{"embeddable":true,"href":"https:\/\/historiografija.hr\/index.php?rest_route=\/wp\/v2\/media\/41506"}],"wp:attachment":[{"href":"https:\/\/historiografija.hr\/index.php?rest_route=%2Fwp%2Fv2%2Fmedia&parent=41960"}],"wp:term":[{"taxonomy":"category","embeddable":true,"href":"https:\/\/historiografija.hr\/index.php?rest_route=%2Fwp%2Fv2%2Fcategories&post=41960"},{"taxonomy":"post_tag","embeddable":true,"href":"https:\/\/historiografija.hr\/index.php?rest_route=%2Fwp%2Fv2%2Ftags&post=41960"}],"curies":[{"name":"wp","href":"https:\/\/api.w.org\/{rel}","templated":true}]}}