{"id":41927,"date":"2024-08-20T11:26:39","date_gmt":"2024-08-20T11:26:39","guid":{"rendered":"http:\/\/historiografija.hr\/?p=41927"},"modified":"2024-08-20T11:26:39","modified_gmt":"2024-08-20T11:26:39","slug":"poziv-na-prijavu-hrvatski-politoloski-razgovori-2024-polarizacija-politickog-prostora","status":"publish","type":"post","link":"https:\/\/historiografija.hr\/?p=41927","title":{"rendered":"Poziv na prijavu \u2013 Hrvatski politolo\u0161ki razgovori 2024: Polarizacija politi\u010dkog prostora"},"content":{"rendered":"\n<p>Ovogodi\u0161nji <strong>Hrvatski politolo\u0161ki razgovori 2024.<\/strong> posve\u0107eni su temi polarizacije politi\u010dkog prostora, te izazovu rastu\u0107ih dru\u0161tvenih i politi\u010dkih podjela u suvremenim demokratskim dr\u017eavama. Svjedo\u010dimo sve dubljim podjelama i sukobima me\u0111u politi\u010dkim strankama, gra\u0111anima, aktivisti\u010dkim grupama, ali i samim dr\u017eavama. Politi\u010dki suparnici se sve vi\u0161e percipiraju kao politi\u010dki neprijatelji, a izborno natjecanje kao egzistencijalna borba za opstanak politi\u010dke zajednice. Koliko su uistinu duboke vrijednosne, ideolo\u0161ke i identitetske podjele u suvremenim demokratskim dru\u0161tvima?&nbsp; Koji su glavni uzroci tih podjela? U kojoj mjeri polarizacija utje\u010de na stabilnost i razvoj demokratskih vrijednosti, institucija i praksi? Koji su mogu\u0107i odgovori na izazove polarizacije? Kakav je utjecaj dubokih ideolo\u0161kih podjela i neslaganja u me\u0111unarodnoj areni?<\/p>\n\n\n\n<p>Pozivamo sve \u010dlanove i \u010dlanice HPD-a, znanstvenice i znanstvenike iz Hrvatske i inozemstva, te sve zainteresirane, da po\u0161alju prijedloge svojih pojedina\u010dnih konferencijskih izlaganja ili cjelokupnih panela (3-4 izlaganja). Prijedlog izlaganja mora sadr\u017eavati naslov, kratki sa\u017eetak (300-350 rije\u010di), klju\u010dne rije\u010di (4-5) i podatke o autoru. Prijedloge je, u Word dokumentu, potrebno prijaviti putem e-mail adrese <a href=\"mailto:hpd@politologija.hr\">hpd@politologija.hr<\/a>, s naslovom \u201ePrijedlog izlaganja HPR2024\u201c.<\/p>\n\n\n\n<p>Rok za slanje sa\u017eetaka je <strong>15. rujna 2024<\/strong>, a za <strong>prijavu panela do 1. rujna 2024.<\/strong><\/p>\n\n\n\n<p>Vi\u0161e informacija na\u0111ite u dokumentu poziva:<\/p>\n\n\n\n<p><a href=\"http:\/\/www.politologija.hr\/hr\/clanak\/hrvatski-politoloski-razgovori-2024.\/401\">http:\/\/www.politologija.hr\/hr\/clanak\/hrvatski-politoloski-razgovori-2024.\/401<\/a><\/p>\n\n\n\n<figure class=\"wp-block-embed-wordpress wp-block-embed is-type-wp-embed is-provider-hrvatsko-sociolosko-drustvo\"><div class=\"wp-block-embed__wrapper\">\n<blockquote class=\"wp-embedded-content\" data-secret=\"FO64jfS1NO\"><a href=\"https:\/\/hsd.hr\/2024\/07\/23\/poziv-na-prijavu-na-ovogodisnje-hrvatske-politoloske-razgovore\/\">Poziv na prijavu na ovogodi\u0161nje Hrvatske politolo\u0161ke razgovore<\/a><\/blockquote><iframe loading=\"lazy\" class=\"wp-embedded-content\" sandbox=\"allow-scripts\" security=\"restricted\" style=\"position: absolute; clip: rect(1px, 1px, 1px, 1px);\" title=\"&#8220;Poziv na prijavu na ovogodi\u0161nje Hrvatske politolo\u0161ke razgovore&#8221; &#8212; Hrvatsko sociolo\u0161ko dru\u0161tvo\" src=\"https:\/\/hsd.hr\/2024\/07\/23\/poziv-na-prijavu-na-ovogodisnje-hrvatske-politoloske-razgovore\/embed\/#?secret=HLsDklqgUW#?secret=FO64jfS1NO\" data-secret=\"FO64jfS1NO\" width=\"600\" height=\"338\" frameborder=\"0\" marginwidth=\"0\" marginheight=\"0\" scrolling=\"no\"><\/iframe>\n<\/div><\/figure>\n\n\n\n<hr class=\"wp-block-separator\"\/>\n","protected":false},"excerpt":{"rendered":"","protected":false},"author":2,"featured_media":26509,"comment_status":"open","ping_status":"open","sticky":false,"template":"","format":"standard","meta":{"_acf_changed":false,"jetpack_post_was_ever_published":false,"_jetpack_newsletter_access":"","_jetpack_dont_email_post_to_subs":false,"_jetpack_newsletter_tier_id":0,"_jetpack_memberships_contains_paywalled_content":false,"_jetpack_memberships_contains_paid_content":false,"footnotes":"","jetpack_publicize_message":"","jetpack_publicize_feature_enabled":true,"jetpack_social_post_already_shared":true,"jetpack_social_options":{"image_generator_settings":{"template":"highway","default_image_id":0,"font":"","enabled":false},"version":2}},"categories":[3,9],"tags":[],"class_list":["post-41927","post","type-post","status-publish","format-standard","has-post-thumbnail","hentry","category-novosti","category-skupovi"],"acf":{"facebook_opis":""},"jetpack_publicize_connections":[],"jetpack_featured_media_url":"https:\/\/i0.wp.com\/historiografija.hr\/wp-content\/uploads\/2021\/06\/politologijalogo.png?fit=225%2C225&ssl=1","jetpack_sharing_enabled":true,"jetpack-related-posts":[],"_links":{"self":[{"href":"https:\/\/historiografija.hr\/index.php?rest_route=\/wp\/v2\/posts\/41927","targetHints":{"allow":["GET"]}}],"collection":[{"href":"https:\/\/historiografija.hr\/index.php?rest_route=\/wp\/v2\/posts"}],"about":[{"href":"https:\/\/historiografija.hr\/index.php?rest_route=\/wp\/v2\/types\/post"}],"author":[{"embeddable":true,"href":"https:\/\/historiografija.hr\/index.php?rest_route=\/wp\/v2\/users\/2"}],"replies":[{"embeddable":true,"href":"https:\/\/historiografija.hr\/index.php?rest_route=%2Fwp%2Fv2%2Fcomments&post=41927"}],"version-history":[{"count":1,"href":"https:\/\/historiografija.hr\/index.php?rest_route=\/wp\/v2\/posts\/41927\/revisions"}],"predecessor-version":[{"id":41928,"href":"https:\/\/historiografija.hr\/index.php?rest_route=\/wp\/v2\/posts\/41927\/revisions\/41928"}],"wp:featuredmedia":[{"embeddable":true,"href":"https:\/\/historiografija.hr\/index.php?rest_route=\/wp\/v2\/media\/26509"}],"wp:attachment":[{"href":"https:\/\/historiografija.hr\/index.php?rest_route=%2Fwp%2Fv2%2Fmedia&parent=41927"}],"wp:term":[{"taxonomy":"category","embeddable":true,"href":"https:\/\/historiografija.hr\/index.php?rest_route=%2Fwp%2Fv2%2Fcategories&post=41927"},{"taxonomy":"post_tag","embeddable":true,"href":"https:\/\/historiografija.hr\/index.php?rest_route=%2Fwp%2Fv2%2Ftags&post=41927"}],"curies":[{"name":"wp","href":"https:\/\/api.w.org\/{rel}","templated":true}]}}