{"id":41920,"date":"2024-08-20T10:44:08","date_gmt":"2024-08-20T10:44:08","guid":{"rendered":"http:\/\/historiografija.hr\/?p=41920"},"modified":"2024-08-20T11:06:32","modified_gmt":"2024-08-20T11:06:32","slug":"osvrti-na-knjigu-koste-nikolica-krajina-1991-1995-u-strucnim-casopisima","status":"publish","type":"post","link":"https:\/\/historiografija.hr\/?p=41920","title":{"rendered":"Osvrti na knjigu Koste Nikoli\u0107a \u201eKrajina 1991. \u2013 1995.\u201c u stru\u010dnim \u010dasopisima"},"content":{"rendered":"\n<p>Nakon brojnih polemi\u010dkih priloga na portalima i u novinama (o \u010demu smo ve\u0107 <a href=\"https:\/\/historiografija.hr\/?p=39133\">obavje\u0161tavali<\/a>), objavljeni su i prvi osvrti u stru\u010dnim \u010dasopisima na knjigu Koste Nikoli\u0107a \u201eKrajina 1991. \u2013 1995.\u201c. Rije\u010d je o tekstovima Mirjane Kasapovi\u0107, Ilije Rani\u0107a i Ozrena \u017duneca, koji je kriti\u010dki komentirao moralnu paniku dizanu oko knjige Koste Nikoli\u0107a. U stru\u010dnim \u010dasopisima u Srbiji osvrt o knjizi napisao je Neboj\u0161a Stambolija.<\/p>\n\n\n\n<hr class=\"wp-block-separator\"\/>\n\n\n\n<p><strong>Mirjana Kasapovi\u0107<\/strong><\/p>\n\n\n\n<p><em>Anali Hrvatskog politolo\u0161kog dru\u0161tva: \u010dasopis za politologiju<\/em>, Vol. 21 No. 1, 2024.<\/p>\n\n\n\n<p><a href=\"https:\/\/hrcak.srce.hr\/clanak\/457889\">https:\/\/hrcak.srce.hr\/clanak\/457889<\/a><\/p>\n\n\n\n<p>(Odjeci: <a href=\"https:\/\/www.vecernji.hr\/vijesti\/knjiga-koja-sudbinu-krajiskih-srba-prikazuje-kao-genocid-1770454\">https:\/\/www.vecernji.hr\/vijesti\/knjiga-koja-sudbinu-krajiskih-srba-prikazuje-kao-genocid-1770454<\/a>)<\/p>\n\n\n\n<hr class=\"wp-block-separator\"\/>\n\n\n\n<p><strong>Ilija Rani\u0107<\/strong><\/p>\n\n\n\n<p><em>Tragovi: \u010dasopis za srpske i hrvatske teme<\/em>, Vol. 7 No. 1, 2024.<\/p>\n\n\n\n<p><a href=\"https:\/\/hrcak.srce.hr\/clanak\/460964\">https:\/\/hrcak.srce.hr\/clanak\/460964<\/a><\/p>\n\n\n\n<hr class=\"wp-block-separator\"\/>\n\n\n\n<p><strong>Ozren \u017dunec<\/strong><\/p>\n\n\n\n<p><em>Polemos: \u010dasopis za interdisciplinarna istra\u017eivanja rata i mira<\/em>, Vol. XXVI No. 52, 2023.<\/p>\n\n\n\n<p><a href=\"https:\/\/hrcak.srce.hr\/clanak\/457691\">https:\/\/hrcak.srce.hr\/clanak\/457691<\/a><\/p>\n\n\n\n<hr class=\"wp-block-separator\"\/>\n\n\n\n<p><strong>Neboj\u0161a Stambolija<\/strong><\/p>\n\n\n\n<p><em>Istorija 20. veka<\/em>, god. 42, 2\/2024.<\/p>\n\n\n\n<figure class=\"wp-block-embed-wordpress wp-block-embed is-type-wp-embed is-provider-casopis-istorija-20-veka\"><div class=\"wp-block-embed__wrapper\">\n<blockquote class=\"wp-embedded-content\" data-secret=\"wyo1bHhSil\"><a href=\"https:\/\/istorija20veka.rs\/2-2024\/\">2\/2024<\/a><\/blockquote><iframe loading=\"lazy\" class=\"wp-embedded-content\" sandbox=\"allow-scripts\" security=\"restricted\" style=\"position: absolute; clip: rect(1px, 1px, 1px, 1px);\" title=\"&#8220;2\/2024&#8221; &#8212; \u010casopis \u201eIstorija 20. veka\u201c\" src=\"https:\/\/istorija20veka.rs\/2-2024\/embed\/#?secret=DQkcmgs2AV#?secret=wyo1bHhSil\" data-secret=\"wyo1bHhSil\" width=\"600\" height=\"338\" frameborder=\"0\" marginwidth=\"0\" marginheight=\"0\" scrolling=\"no\"><\/iframe>\n<\/div><\/figure>\n\n\n\n<hr class=\"wp-block-separator\"\/>\n","protected":false},"excerpt":{"rendered":"","protected":false},"author":2,"featured_media":38772,"comment_status":"open","ping_status":"open","sticky":false,"template":"","format":"standard","meta":{"_acf_changed":false,"jetpack_post_was_ever_published":false,"_jetpack_newsletter_access":"","_jetpack_dont_email_post_to_subs":false,"_jetpack_newsletter_tier_id":0,"_jetpack_memberships_contains_paywalled_content":false,"_jetpack_memberships_contains_paid_content":false,"footnotes":"","jetpack_publicize_message":"","jetpack_publicize_feature_enabled":true,"jetpack_social_post_already_shared":true,"jetpack_social_options":{"image_generator_settings":{"template":"highway","default_image_id":0,"font":"","enabled":false},"version":2}},"categories":[3,17],"tags":[],"class_list":["post-41920","post","type-post","status-publish","format-standard","has-post-thumbnail","hentry","category-novosti","category-rasprave"],"acf":{"facebook_opis":""},"jetpack_publicize_connections":[],"jetpack_featured_media_url":"https:\/\/i0.wp.com\/historiografija.hr\/wp-content\/uploads\/2023\/12\/krajina_kosta_nikolic.jpg?fit=402%2C610&ssl=1","jetpack_sharing_enabled":true,"jetpack-related-posts":[],"_links":{"self":[{"href":"https:\/\/historiografija.hr\/index.php?rest_route=\/wp\/v2\/posts\/41920","targetHints":{"allow":["GET"]}}],"collection":[{"href":"https:\/\/historiografija.hr\/index.php?rest_route=\/wp\/v2\/posts"}],"about":[{"href":"https:\/\/historiografija.hr\/index.php?rest_route=\/wp\/v2\/types\/post"}],"author":[{"embeddable":true,"href":"https:\/\/historiografija.hr\/index.php?rest_route=\/wp\/v2\/users\/2"}],"replies":[{"embeddable":true,"href":"https:\/\/historiografija.hr\/index.php?rest_route=%2Fwp%2Fv2%2Fcomments&post=41920"}],"version-history":[{"count":5,"href":"https:\/\/historiografija.hr\/index.php?rest_route=\/wp\/v2\/posts\/41920\/revisions"}],"predecessor-version":[{"id":41925,"href":"https:\/\/historiografija.hr\/index.php?rest_route=\/wp\/v2\/posts\/41920\/revisions\/41925"}],"wp:featuredmedia":[{"embeddable":true,"href":"https:\/\/historiografija.hr\/index.php?rest_route=\/wp\/v2\/media\/38772"}],"wp:attachment":[{"href":"https:\/\/historiografija.hr\/index.php?rest_route=%2Fwp%2Fv2%2Fmedia&parent=41920"}],"wp:term":[{"taxonomy":"category","embeddable":true,"href":"https:\/\/historiografija.hr\/index.php?rest_route=%2Fwp%2Fv2%2Fcategories&post=41920"},{"taxonomy":"post_tag","embeddable":true,"href":"https:\/\/historiografija.hr\/index.php?rest_route=%2Fwp%2Fv2%2Ftags&post=41920"}],"curies":[{"name":"wp","href":"https:\/\/api.w.org\/{rel}","templated":true}]}}