{"id":41859,"date":"2024-08-15T20:29:59","date_gmt":"2024-08-15T20:29:59","guid":{"rendered":"http:\/\/historiografija.hr\/?p=41859"},"modified":"2024-08-15T20:31:46","modified_gmt":"2024-08-15T20:31:46","slug":"andrea-peto-the-women-of-the-arrow-cross-party-invisible-hungarian-perpetrators-in-the-second-world-war","status":"publish","type":"post","link":"https:\/\/historiografija.hr\/?p=41859","title":{"rendered":"Andrea Pet\u0151, \u201eThe Women of the Arrow Cross Party: Invisible Hungarian Perpetrators in the Second World War\u201c"},"content":{"rendered":"\n<p>Nakon ma\u0111arskog izdanja knjige povjesni\u010darke Andree Pet\u0151 \u201cNevidljive po\u010diniteljice: \u017eene u Strelastim kri\u017eevima\u201d, na koje smo ve\u0107 <a href=\"https:\/\/historiografija.hr\/?p=16401\">uputili<\/a>, objavljeno je i englesko izdanje \u201eThe Women of the Arrow Cross Party: Invisible Hungarian Perpetrators in the Second World War\u201c, o kojem je u novom broju \u010dasopisa \u201eHolocaust and Genocide Studies\u201c upravo pisala Marina Alia Juri\u0161i\u0107. U istom broju \u010dasopisa objavljen je i \u010dlanak Alme Huselje \u201eCitizens and Thieves: \u201cAryanization\u201d in Wartime Vara\u017edin\u201c.<\/p>\n\n\n\n<hr class=\"wp-block-separator\"\/>\n\n\n\n<p>Andrea Pet\u0151<\/p>\n\n\n\n<p><strong>The Women of the Arrow Cross Party<\/strong><\/p>\n\n\n\n<p><strong>Invisible Hungarian Perpetrators in the Second World War<\/strong><\/p>\n\n\n\n<p>This bookanalyses the actions, background, connections and the eventual trials of Hungarian female perpetrators in the Second World War through the concept of invisibility. It examines why and how far-right women in general and among them several Second World War perpetrators were made invisible by their fellow Arrow Cross Party members in the 1930s and during the war (1939-1945), and later by the Hungarian people\u2019s tribunals responsible for the purge of those guilty of war crimes (1945-1949). Itargues that because of their \u2018invisibilization\u2019 the legacy of these women could remain alive throughout the years of state socialism and that, furthermore, this legacy has actively contributed to the recent insurgence of far-right politics in Hungary. This book therefore analyses how the invisibility of Second World War perpetrators is connected to &nbsp;twenty-first century memory politics and the present-day resurgence of far-right movements.<\/p>\n\n\n\n<p><a href=\"https:\/\/link.springer.com\/book\/10.1007\/978-3-030-51225-5\">https:\/\/link.springer.com\/book\/10.1007\/978-3-030-51225-5<\/a><\/p>\n\n\n\n<hr class=\"wp-block-separator\"\/>\n\n\n\n<p><strong>Marina Alia Juri\u0161i\u0107<\/strong><\/p>\n\n\n\n<p>The Women of the Arrow Cross Party: Invisible Hungarian Perpetrators in the Second World War, Andrea Pet\u0151 (London:&nbsp; Palgrave MacMillan,&nbsp; 2020)<\/p>\n\n\n\n<p><strong><em>Holocaust and Genocide Studies<\/em><\/strong>, Volume 38, Issue 2, Fall 2024, Pages 263\u2013264<\/p>\n\n\n\n<p><a href=\"https:\/\/academic.oup.com\/hgs\/article-abstract\/38\/2\/263\/7631709\">https:\/\/academic.oup.com\/hgs\/article-abstract\/38\/2\/263\/7631709<\/a><\/p>\n\n\n\n<hr class=\"wp-block-separator\"\/>\n\n\n\n<p><strong>Alma Huselja<\/strong><\/p>\n\n\n\n<p>Citizens and Thieves: \u201cAryanization\u201d in Wartime Vara\u017edin<\/p>\n\n\n\n<p><strong><em>Holocaust and Genocide Studies<\/em><\/strong>, Volume 38, Issue 2, Fall 2024, Pages 165\u2013182<\/p>\n\n\n\n<p><a href=\"https:\/\/academic.oup.com\/hgs\/article-abstract\/38\/2\/165\/7697218\">https:\/\/academic.oup.com\/hgs\/article-abstract\/38\/2\/165\/7697218<\/a><\/p>\n\n\n\n<hr class=\"wp-block-separator\"\/>\n","protected":false},"excerpt":{"rendered":"","protected":false},"author":2,"featured_media":41860,"comment_status":"open","ping_status":"open","sticky":false,"template":"","format":"standard","meta":{"_acf_changed":false,"jetpack_post_was_ever_published":false,"_jetpack_newsletter_access":"","_jetpack_dont_email_post_to_subs":false,"_jetpack_newsletter_tier_id":0,"_jetpack_memberships_contains_paywalled_content":false,"_jetpack_memberships_contains_paid_content":false,"footnotes":"","jetpack_publicize_message":"","jetpack_publicize_feature_enabled":true,"jetpack_social_post_already_shared":true,"jetpack_social_options":{"image_generator_settings":{"template":"highway","default_image_id":0,"font":"","enabled":false},"version":2}},"categories":[8,3],"tags":[],"class_list":["post-41859","post","type-post","status-publish","format-standard","has-post-thumbnail","hentry","category-knjige","category-novosti"],"acf":{"facebook_opis":""},"jetpack_publicize_connections":[],"jetpack_featured_media_url":"https:\/\/i0.wp.com\/historiografija.hr\/wp-content\/uploads\/2024\/08\/A_Peto.png?fit=600%2C429&ssl=1","jetpack_sharing_enabled":true,"jetpack-related-posts":[],"_links":{"self":[{"href":"https:\/\/historiografija.hr\/index.php?rest_route=\/wp\/v2\/posts\/41859","targetHints":{"allow":["GET"]}}],"collection":[{"href":"https:\/\/historiografija.hr\/index.php?rest_route=\/wp\/v2\/posts"}],"about":[{"href":"https:\/\/historiografija.hr\/index.php?rest_route=\/wp\/v2\/types\/post"}],"author":[{"embeddable":true,"href":"https:\/\/historiografija.hr\/index.php?rest_route=\/wp\/v2\/users\/2"}],"replies":[{"embeddable":true,"href":"https:\/\/historiografija.hr\/index.php?rest_route=%2Fwp%2Fv2%2Fcomments&post=41859"}],"version-history":[{"count":3,"href":"https:\/\/historiografija.hr\/index.php?rest_route=\/wp\/v2\/posts\/41859\/revisions"}],"predecessor-version":[{"id":41863,"href":"https:\/\/historiografija.hr\/index.php?rest_route=\/wp\/v2\/posts\/41859\/revisions\/41863"}],"wp:featuredmedia":[{"embeddable":true,"href":"https:\/\/historiografija.hr\/index.php?rest_route=\/wp\/v2\/media\/41860"}],"wp:attachment":[{"href":"https:\/\/historiografija.hr\/index.php?rest_route=%2Fwp%2Fv2%2Fmedia&parent=41859"}],"wp:term":[{"taxonomy":"category","embeddable":true,"href":"https:\/\/historiografija.hr\/index.php?rest_route=%2Fwp%2Fv2%2Fcategories&post=41859"},{"taxonomy":"post_tag","embeddable":true,"href":"https:\/\/historiografija.hr\/index.php?rest_route=%2Fwp%2Fv2%2Ftags&post=41859"}],"curies":[{"name":"wp","href":"https:\/\/api.w.org\/{rel}","templated":true}]}}