{"id":41856,"date":"2024-08-15T20:02:51","date_gmt":"2024-08-15T20:02:51","guid":{"rendered":"http:\/\/historiografija.hr\/?p=41856"},"modified":"2024-08-15T20:02:51","modified_gmt":"2024-08-15T20:02:51","slug":"izlozba-tajne-sesvetskih-bunkera","status":"publish","type":"post","link":"https:\/\/historiografija.hr\/?p=41856","title":{"rendered":"Izlo\u017eba \u201eTajne sesvetskih bunkera\u201c"},"content":{"rendered":"\n<p>U Muzeju Prigorja u Sesvetama otvorena je od 21. lipnja do 30. kolovoza 2024. izlo\u017eba \u201eTajne sesvetskih bunkera\u201c.<\/p>\n\n\n\n<p>Izlo\u017eba otkriva povijest fortifikacijskih objekata izgra\u0111enih 50-ih godina pro\u0161log stolje\u0107a na podru\u010dju Sesveta. Danas su ti bunkeri zaboravljeni i zapu\u0161teni, a neki i sru\u0161eni, dok je njihova funkcija nepoznata ve\u0107ini gra\u0111ana. Unato\u010d tomu, oni su va\u017ean dio sesvetske vojne povijesti, koja postaje zanimljiva zbog trenutnog sukoba u Europi, gdje mnoge isto\u010dnoeuropske zemlje planiraju graditi nove obrambene linije.<\/p>\n\n\n\n<p>Od mnogobrojnih fortifikacijskih sustava iz pro\u0161losti, najpoznatija je Maginotova linija u Francuskoj, koja je bila zami\u0161ljena kao nepremostiva prepreka njema\u010dkim snagama. Sli\u010dno tome, sesvetski bunkeri su trebali sprije\u010diti mogu\u0107e napredovanje Sovjeta i njihovih satelita prema Zagrebu, \u0161to se sre\u0107om nije dogodilo.<\/p>\n\n\n\n<p>Kroz predmete, fotografije, dokumentaciju, kartografske prikaze i 3D modele, izlo\u017eba pru\u017ea uvid u ove zanimljive vojne strukture, njihov povijesni kontekst i zna\u010daj. Cilj izlo\u017ebe je pribli\u017eiti sesvetsku vojnu povijest posjetiteljima te potaknuti razmi\u0161ljanje o trenutnim doga\u0111ajima u isto\u010dnoj Europi.<\/p>\n\n\n\n<p>Istra\u017eivanje ovih bunkera nije zavr\u0161eno, pa nam je svaka pomo\u0107, sje\u0107anje i informacija dobrodo\u0161la kako bismo \u0161to potpunije razumjeli ovaj dio na\u0161e povijesti.<\/p>\n\n\n\n<p>Izlo\u017ebu su podr\u017eali Gradski ured za kulturu i civilno dru\u0161tvo Grada Zagreba te Ministarstvo kulture i medija Republike Hrvatske.<\/p>\n\n\n\n<hr class=\"wp-block-separator\"\/>\n\n\n\n<p>Izvor:<\/p>\n\n\n\n<figure class=\"wp-block-embed-wordpress wp-block-embed is-type-wp-embed is-provider-muzej-prigorja\"><div class=\"wp-block-embed__wrapper\">\n<blockquote class=\"wp-embedded-content\" data-secret=\"1Yf61QdJTH\"><a href=\"https:\/\/muzejprigorja.hr\/tajne-sesvetskih-bunkera\/\">Tajne sesvetskih bunkera<\/a><\/blockquote><iframe loading=\"lazy\" class=\"wp-embedded-content\" sandbox=\"allow-scripts\" security=\"restricted\" style=\"position: absolute; clip: rect(1px, 1px, 1px, 1px);\" title=\"&#8220;Tajne sesvetskih bunkera&#8221; &#8212; Muzej Prigorja\" src=\"https:\/\/muzejprigorja.hr\/tajne-sesvetskih-bunkera\/embed\/#?secret=89qJhb9tJ2#?secret=1Yf61QdJTH\" data-secret=\"1Yf61QdJTH\" width=\"600\" height=\"338\" frameborder=\"0\" marginwidth=\"0\" marginheight=\"0\" scrolling=\"no\"><\/iframe>\n<\/div><\/figure>\n\n\n\n<hr class=\"wp-block-separator\"\/>\n","protected":false},"excerpt":{"rendered":"","protected":false},"author":2,"featured_media":41857,"comment_status":"open","ping_status":"open","sticky":false,"template":"","format":"standard","meta":{"_acf_changed":false,"jetpack_post_was_ever_published":false,"_jetpack_newsletter_access":"","_jetpack_dont_email_post_to_subs":false,"_jetpack_newsletter_tier_id":0,"_jetpack_memberships_contains_paywalled_content":false,"_jetpack_memberships_contains_paid_content":false,"footnotes":"","jetpack_publicize_message":"","jetpack_publicize_feature_enabled":true,"jetpack_social_post_already_shared":true,"jetpack_social_options":{"image_generator_settings":{"template":"highway","default_image_id":0,"font":"","enabled":false},"version":2}},"categories":[10,3],"tags":[],"class_list":["post-41856","post","type-post","status-publish","format-standard","has-post-thumbnail","hentry","category-izlozbe","category-novosti"],"acf":{"facebook_opis":""},"jetpack_publicize_connections":[],"jetpack_featured_media_url":"https:\/\/i0.wp.com\/historiografija.hr\/wp-content\/uploads\/2024\/08\/bunkeri.jpg?fit=960%2C960&ssl=1","jetpack_sharing_enabled":true,"jetpack-related-posts":[],"_links":{"self":[{"href":"https:\/\/historiografija.hr\/index.php?rest_route=\/wp\/v2\/posts\/41856","targetHints":{"allow":["GET"]}}],"collection":[{"href":"https:\/\/historiografija.hr\/index.php?rest_route=\/wp\/v2\/posts"}],"about":[{"href":"https:\/\/historiografija.hr\/index.php?rest_route=\/wp\/v2\/types\/post"}],"author":[{"embeddable":true,"href":"https:\/\/historiografija.hr\/index.php?rest_route=\/wp\/v2\/users\/2"}],"replies":[{"embeddable":true,"href":"https:\/\/historiografija.hr\/index.php?rest_route=%2Fwp%2Fv2%2Fcomments&post=41856"}],"version-history":[{"count":1,"href":"https:\/\/historiografija.hr\/index.php?rest_route=\/wp\/v2\/posts\/41856\/revisions"}],"predecessor-version":[{"id":41858,"href":"https:\/\/historiografija.hr\/index.php?rest_route=\/wp\/v2\/posts\/41856\/revisions\/41858"}],"wp:featuredmedia":[{"embeddable":true,"href":"https:\/\/historiografija.hr\/index.php?rest_route=\/wp\/v2\/media\/41857"}],"wp:attachment":[{"href":"https:\/\/historiografija.hr\/index.php?rest_route=%2Fwp%2Fv2%2Fmedia&parent=41856"}],"wp:term":[{"taxonomy":"category","embeddable":true,"href":"https:\/\/historiografija.hr\/index.php?rest_route=%2Fwp%2Fv2%2Fcategories&post=41856"},{"taxonomy":"post_tag","embeddable":true,"href":"https:\/\/historiografija.hr\/index.php?rest_route=%2Fwp%2Fv2%2Ftags&post=41856"}],"curies":[{"name":"wp","href":"https:\/\/api.w.org\/{rel}","templated":true}]}}