{"id":41844,"date":"2024-08-12T20:51:26","date_gmt":"2024-08-12T20:51:26","guid":{"rendered":"http:\/\/historiografija.hr\/?p=41844"},"modified":"2024-08-12T20:51:26","modified_gmt":"2024-08-12T20:51:26","slug":"zbornik-radova-prilozi-za-povijest-drugog-svjetskog-rata-i-kulturu-sjecanja","status":"publish","type":"post","link":"https:\/\/historiografija.hr\/?p=41844","title":{"rendered":"Zbornik radova \u201ePrilozi za povijest Drugog svjetskog rata i kulturu sje\u0107anja\u201c"},"content":{"rendered":"\n<p>U izdanju Saveza antifa\u0161isti\u010dkih boraca i antifa\u0161ista RH objavljen je zbornik radova \u201ePrilozi za povijest Drugog svjetskog rata i kulturu sje\u0107anja\u201c, koji je uredio Ivo Goldstein, a u planu je pokretanje i istoimenog \u010dasopisa.<\/p>\n\n\n\n<hr class=\"wp-block-separator\"\/>\n\n\n\n<p>Op\u0161irnije:<\/p>\n\n\n\n<figure class=\"wp-block-embed-wordpress wp-block-embed is-type-wp-embed is-provider-savez-antifasistickih-boraca-i-antifasista-republike-hrvatske\"><div class=\"wp-block-embed__wrapper\">\n<blockquote class=\"wp-embedded-content\" data-secret=\"Hpo4rluB7q\"><a href=\"https:\/\/sabh.hr\/prilozi-za-povijest-drugog-svjetskog-rata-i-kulturu-sjecanja\/\">Prilozi za povijest Drugog svjetskog rata i kulturu sje\u0107anja<\/a><\/blockquote><iframe loading=\"lazy\" class=\"wp-embedded-content\" sandbox=\"allow-scripts\" security=\"restricted\" style=\"position: absolute; clip: rect(1px, 1px, 1px, 1px);\" title=\"&#8220;Prilozi za povijest Drugog svjetskog rata i kulturu sje\u0107anja&#8221; &#8212; Savez antifa\u0161isti\u010dkih boraca i antifa\u0161ista Republike Hrvatske\" src=\"https:\/\/sabh.hr\/prilozi-za-povijest-drugog-svjetskog-rata-i-kulturu-sjecanja\/embed\/#?secret=Znk3a185uD#?secret=Hpo4rluB7q\" data-secret=\"Hpo4rluB7q\" width=\"600\" height=\"338\" frameborder=\"0\" marginwidth=\"0\" marginheight=\"0\" scrolling=\"no\"><\/iframe>\n<\/div><\/figure>\n\n\n\n<p><a href=\"https:\/\/www.portalnovosti.com\/metastaze-revizionizma\">https:\/\/www.portalnovosti.com\/metastaze-revizionizma<\/a><\/p>\n\n\n\n<hr class=\"wp-block-separator\"\/>\n","protected":false},"excerpt":{"rendered":"","protected":false},"author":2,"featured_media":41845,"comment_status":"open","ping_status":"open","sticky":false,"template":"","format":"standard","meta":{"_acf_changed":false,"jetpack_post_was_ever_published":false,"_jetpack_newsletter_access":"","_jetpack_dont_email_post_to_subs":false,"_jetpack_newsletter_tier_id":0,"_jetpack_memberships_contains_paywalled_content":false,"_jetpack_memberships_contains_paid_content":false,"footnotes":"","jetpack_publicize_message":"","jetpack_publicize_feature_enabled":true,"jetpack_social_post_already_shared":true,"jetpack_social_options":{"image_generator_settings":{"template":"highway","default_image_id":0,"font":"","enabled":false},"version":2}},"categories":[8,3],"tags":[],"class_list":["post-41844","post","type-post","status-publish","format-standard","has-post-thumbnail","hentry","category-knjige","category-novosti"],"acf":{"facebook_opis":""},"jetpack_publicize_connections":[],"jetpack_featured_media_url":"https:\/\/i0.wp.com\/historiografija.hr\/wp-content\/uploads\/2024\/08\/Zbornik_radova.jpg?fit=502%2C750&ssl=1","jetpack_sharing_enabled":true,"jetpack-related-posts":[],"_links":{"self":[{"href":"https:\/\/historiografija.hr\/index.php?rest_route=\/wp\/v2\/posts\/41844","targetHints":{"allow":["GET"]}}],"collection":[{"href":"https:\/\/historiografija.hr\/index.php?rest_route=\/wp\/v2\/posts"}],"about":[{"href":"https:\/\/historiografija.hr\/index.php?rest_route=\/wp\/v2\/types\/post"}],"author":[{"embeddable":true,"href":"https:\/\/historiografija.hr\/index.php?rest_route=\/wp\/v2\/users\/2"}],"replies":[{"embeddable":true,"href":"https:\/\/historiografija.hr\/index.php?rest_route=%2Fwp%2Fv2%2Fcomments&post=41844"}],"version-history":[{"count":1,"href":"https:\/\/historiografija.hr\/index.php?rest_route=\/wp\/v2\/posts\/41844\/revisions"}],"predecessor-version":[{"id":41846,"href":"https:\/\/historiografija.hr\/index.php?rest_route=\/wp\/v2\/posts\/41844\/revisions\/41846"}],"wp:featuredmedia":[{"embeddable":true,"href":"https:\/\/historiografija.hr\/index.php?rest_route=\/wp\/v2\/media\/41845"}],"wp:attachment":[{"href":"https:\/\/historiografija.hr\/index.php?rest_route=%2Fwp%2Fv2%2Fmedia&parent=41844"}],"wp:term":[{"taxonomy":"category","embeddable":true,"href":"https:\/\/historiografija.hr\/index.php?rest_route=%2Fwp%2Fv2%2Fcategories&post=41844"},{"taxonomy":"post_tag","embeddable":true,"href":"https:\/\/historiografija.hr\/index.php?rest_route=%2Fwp%2Fv2%2Ftags&post=41844"}],"curies":[{"name":"wp","href":"https:\/\/api.w.org\/{rel}","templated":true}]}}