{"id":41831,"date":"2024-08-02T08:22:11","date_gmt":"2024-08-02T08:22:11","guid":{"rendered":"http:\/\/historiografija.hr\/?p=41831"},"modified":"2024-08-02T08:22:11","modified_gmt":"2024-08-02T08:22:11","slug":"mario-nepo-kuzmanic-splitski-plemici-prezime-i-etnos","status":"publish","type":"post","link":"https:\/\/historiografija.hr\/?p=41831","title":{"rendered":"Mario Nepo Kuzmani\u0107, \u201eSplitski plemi\u0107i, prezime i etnos\u201c"},"content":{"rendered":"\n<p>Drugo, dopunjeno izdanje<\/p>\n\n\n\n<hr class=\"wp-block-separator\"\/>\n\n\n\n<p>Kada se govori o hrvatskom plemstvu gradski nobilitet je tretiran kao manje vrijedan: daleko su poznatiji \u0160ubi\u0107i, Nelipi\u0107i, Frankopani, Kujrakovi\u0107i, Baboni\u0107i, Gorjanski i drugi negoli plemi\u0107i dalmatinskih gradova. Ipak, plemstvo dalmatinskih gradova uspjelo se ponajprije racionalnom politikom i ne manjim juna\u0161tvom othrvati turskoj opasnosti i sa\u010duvati kontinuitet mediteranske kulture i pripadnost europskom krugu. U knjizi su obra\u0111eni podaci o 39 plemi\u0107kih obitelji koje godine 1553.\u00a0 nalazi u Splitu mleta\u010dki sindik Giustiniani te ih popisuje, kao i o nekim dotad izumrlim obiteljima. Autor je utvrdio nastajanje prezimena, grananje i promjene uz analizu razvoja, trajanje, provenijencije te socijalni status pojednih obitelji. Uz tekst o obitelji donesene su i fotografije pala\u010da koju su doti\u010dne obitelji sagradile ili naslijedile. Izvore za navo\u0111enje podataka \u010dine dokumenti koji se \u010duvaju u Starom splitskom arhivu u Zadru, Staroj splitskoj op\u0107ini i mati\u010dnim knjigama u Splitu, a kojih se autor isklju\u010divo dr\u017eao ne podlije\u017eu\u0107i nekim ranije usvojenim predrasudama i mi\u0161ljenjima. Osnovni pricip kojeg se autor pridr\u017eavao temelji se na metodi kontinuiteta koja podrazumijeva utvr\u0111ivanje nepobitnog srodstva izme\u0111u dvije susjedne generacije. Iz arhivskih spisa doznalo se i u kojim su gradskim \u010detvrtima stanovali pojedini plemi\u0107i pa se tako uspjelo odrediti ve\u0107inu obitelji iz \u010detrnaestoga, jedan broj iz trinaestoga te nekoliko njih iz dvanaestoga stolje\u0107a. Obra\u0111ene su slijede\u0107e obitelji: Geremia, Tartaglia, Lucari, Cindro, De Madijs, Cipci, Grecinio, Macoli\u0107, Drago, Du\u0161ica, De Comis, Alberti, Petrache-Comuli, Papali, Bulpicella, Grisogono, Maruli-Maruli\u0107, De Ciprianis, Karepi\u0107, Vitalis, Crneka, Egidij, Boccamaioris, Bubani\u0107, Domoni\u0107, Gaudij, De Judicibus, De Cuteis, Martini, Puno\u0161evi\u0107, Kri\u017ean, Stanko, Sloveti\u0107, Hrankovi\u0107, Martuni\u0161evi\u0107, Bo\u017ei\u0107evi\u0107 Natalis, Greco.<\/p>\n\n\n\n<p>\u00a0\u00a0\u00a0\u00a0\u00a0\u00a0\u00a0\u00a0\u00a0\u00a0\u00a0 U ovom drugom izdanju ponovljeno je ono \u0161to je bilo objavljeno 1998. godine, ali znatno pro\u0161ireno i dopunjemo spoznajama do kojih je autor do\u0161ao u me\u0111uvremenu.<\/p>\n\n\n\n<hr class=\"wp-block-separator\"\/>\n\n\n\n<p>Knji\u017eevni krug Split, 2024. (216 str.)<\/p>\n\n\n\n<hr class=\"wp-block-separator\"\/>\n\n\n\n<p>Izvor:<\/p>\n\n\n\n<figure class=\"wp-block-embed-wordpress wp-block-embed is-type-wp-embed is-provider-knjizevni-krug-split\"><div class=\"wp-block-embed__wrapper\">\n<blockquote class=\"wp-embedded-content\" data-secret=\"0ELg5QZsZ1\"><a href=\"https:\/\/www.knjizevni-krug.hr\/knjige\/splitski-plemici-prezime-i-etnos\/\">SPLITSKI PLEMI\u0106I, PREZIME I ETNOS<\/a><\/blockquote><iframe loading=\"lazy\" class=\"wp-embedded-content\" sandbox=\"allow-scripts\" security=\"restricted\" style=\"position: absolute; clip: rect(1px, 1px, 1px, 1px);\" title=\"&#8220;SPLITSKI PLEMI\u0106I, PREZIME I ETNOS&#8221; &#8212; Knji\u017eevni krug Split\" src=\"https:\/\/www.knjizevni-krug.hr\/knjige\/splitski-plemici-prezime-i-etnos\/embed\/#?secret=0ELg5QZsZ1\" data-secret=\"0ELg5QZsZ1\" width=\"600\" height=\"338\" frameborder=\"0\" marginwidth=\"0\" marginheight=\"0\" scrolling=\"no\"><\/iframe>\n<\/div><\/figure>\n\n\n\n<hr class=\"wp-block-separator\"\/>\n","protected":false},"excerpt":{"rendered":"","protected":false},"author":2,"featured_media":41832,"comment_status":"open","ping_status":"open","sticky":false,"template":"","format":"standard","meta":{"_acf_changed":false,"jetpack_post_was_ever_published":false,"_jetpack_newsletter_access":"","_jetpack_dont_email_post_to_subs":false,"_jetpack_newsletter_tier_id":0,"_jetpack_memberships_contains_paywalled_content":false,"_jetpack_memberships_contains_paid_content":false,"footnotes":"","jetpack_publicize_message":"","jetpack_publicize_feature_enabled":true,"jetpack_social_post_already_shared":true,"jetpack_social_options":{"image_generator_settings":{"template":"highway","default_image_id":0,"font":"","enabled":false},"version":2}},"categories":[8,3],"tags":[],"class_list":["post-41831","post","type-post","status-publish","format-standard","has-post-thumbnail","hentry","category-knjige","category-novosti"],"acf":{"facebook_opis":""},"jetpack_publicize_connections":[],"jetpack_featured_media_url":"https:\/\/i0.wp.com\/historiografija.hr\/wp-content\/uploads\/2024\/08\/Splitski-plemici-II.jpg?fit=300%2C429&ssl=1","jetpack_sharing_enabled":true,"jetpack-related-posts":[],"_links":{"self":[{"href":"https:\/\/historiografija.hr\/index.php?rest_route=\/wp\/v2\/posts\/41831","targetHints":{"allow":["GET"]}}],"collection":[{"href":"https:\/\/historiografija.hr\/index.php?rest_route=\/wp\/v2\/posts"}],"about":[{"href":"https:\/\/historiografija.hr\/index.php?rest_route=\/wp\/v2\/types\/post"}],"author":[{"embeddable":true,"href":"https:\/\/historiografija.hr\/index.php?rest_route=\/wp\/v2\/users\/2"}],"replies":[{"embeddable":true,"href":"https:\/\/historiografija.hr\/index.php?rest_route=%2Fwp%2Fv2%2Fcomments&post=41831"}],"version-history":[{"count":1,"href":"https:\/\/historiografija.hr\/index.php?rest_route=\/wp\/v2\/posts\/41831\/revisions"}],"predecessor-version":[{"id":41833,"href":"https:\/\/historiografija.hr\/index.php?rest_route=\/wp\/v2\/posts\/41831\/revisions\/41833"}],"wp:featuredmedia":[{"embeddable":true,"href":"https:\/\/historiografija.hr\/index.php?rest_route=\/wp\/v2\/media\/41832"}],"wp:attachment":[{"href":"https:\/\/historiografija.hr\/index.php?rest_route=%2Fwp%2Fv2%2Fmedia&parent=41831"}],"wp:term":[{"taxonomy":"category","embeddable":true,"href":"https:\/\/historiografija.hr\/index.php?rest_route=%2Fwp%2Fv2%2Fcategories&post=41831"},{"taxonomy":"post_tag","embeddable":true,"href":"https:\/\/historiografija.hr\/index.php?rest_route=%2Fwp%2Fv2%2Ftags&post=41831"}],"curies":[{"name":"wp","href":"https:\/\/api.w.org\/{rel}","templated":true}]}}