{"id":41827,"date":"2024-08-01T18:08:23","date_gmt":"2024-08-01T18:08:23","guid":{"rendered":"http:\/\/historiografija.hr\/?p=41827"},"modified":"2024-08-01T18:08:23","modified_gmt":"2024-08-01T18:08:23","slug":"hrvatska-revija-2-2024-tema-broja-velikaska-obitelj-frankapani-u-hrvatskoj-povijesti-i-umjetnosti","status":"publish","type":"post","link":"https:\/\/historiografija.hr\/?p=41827","title":{"rendered":"\u201cHrvatska revija\u201d (2-2024) \u2013 Tema broja: Velika\u0161ka obitelj Frankapani u hrvatskoj povijesti i umjetnosti"},"content":{"rendered":"\n<p>Novi broj \u201cHrvatske revije\u201d (2-2024) donosi temu broja \u201eVelika\u0161ka obitelj Frankapani u hrvatskoj povijesti i umjetnosti\u201c, o \u010demu pi\u0161u Tomislav Galovi\u0107, Dino Milinovi\u0107, Gordan Ravan\u010di\u0107, Borislav Grgin, Sanja Cvetni\u0107, Milan Pelc, Danko \u0160ourek. Op\u0161irnije u nastavku.<\/p>\n\n\n\n<hr class=\"wp-block-separator\"\/>\n\n\n\n<p><strong>Kazalo<\/strong><\/p>\n\n\n\n<p><strong>Tema broja: Velika\u0161ka obitelj Frankapani u hrvatskoj povijesti i umjetnosti<\/strong><\/p>\n\n\n\n<p>3&nbsp;&nbsp;&nbsp;&nbsp;&nbsp;&nbsp;&nbsp;&nbsp;&nbsp;&nbsp;&nbsp;&nbsp;&nbsp;&nbsp;&nbsp; Tomislav Galovi\u0107 \u2013 Dino Milinovi\u0107<br>Ususret Frankapanima\/Frankopanima:<br>povijest, spomeni\u010dka ba\u0161tina i kultura<br>u okrilju hrvatskoga velika\u0161kog roda (12\u201317. st.)<\/p>\n\n\n\n<p>5&nbsp;&nbsp;&nbsp;&nbsp;&nbsp;&nbsp;&nbsp;&nbsp;&nbsp;&nbsp;&nbsp;&nbsp;&nbsp;&nbsp;&nbsp; Tomislav Galovi\u0107<br>Otok Krk \u2013 ishodi\u0161te Kr\u010dkih knezova kasnijih Frankapana<\/p>\n\n\n\n<p>12&nbsp;&nbsp;&nbsp;&nbsp;&nbsp;&nbsp;&nbsp;&nbsp;&nbsp;&nbsp;&nbsp; Gordan Ravan\u010di\u0107<br>Strategije \u0161irenja posjeda Kr\u010dkih knezova do po\u010detka 14. stolje\u0107a<\/p>\n\n\n\n<p>15&nbsp;&nbsp;&nbsp;&nbsp;&nbsp;&nbsp;&nbsp;&nbsp;&nbsp;&nbsp;&nbsp; Borislav Grgin<br>Frankapani u posljednjem stolje\u0107u hrvatskoga srednjovjekovlja: izme\u0111u ograni\u010denja i mogu\u0107nosti<\/p>\n\n\n\n<p>18&nbsp;&nbsp;&nbsp;&nbsp;&nbsp;&nbsp;&nbsp;&nbsp;&nbsp;&nbsp;&nbsp; Sanja Cvetni\u0107<br>Frankapanska \u00bbkultura knjige\u00ab<\/p>\n\n\n\n<p>22&nbsp;&nbsp;&nbsp;&nbsp;&nbsp;&nbsp;&nbsp;&nbsp;&nbsp;&nbsp;&nbsp; MILAN PELC<br>Sibila Katarine Zrinske \u2013 knjiga, igra<br>i kultura posljednjih Zrinskih<br>i Frankopana<\/p>\n\n\n\n<p>26&nbsp;&nbsp;&nbsp;&nbsp;&nbsp;&nbsp;&nbsp;&nbsp;&nbsp;&nbsp;&nbsp; Danko \u0160ourek<br>Posljednja volja pretposljednjega Frankapana \u2013 oporuka Vuka Krste Tr\u017ea\u010dkoga iz 1649. godine<\/p>\n\n\n\n<p><strong>Obljetnice<\/strong><\/p>\n\n\n\n<p>30&nbsp;&nbsp;&nbsp;&nbsp;&nbsp;&nbsp;&nbsp;&nbsp;&nbsp;&nbsp;&nbsp; Bratislav Lu\u010din<br>Maruli\u0107 u o\u010dima svojih suvremenika<\/p>\n\n\n\n<p>34&nbsp;&nbsp;&nbsp;&nbsp;&nbsp;&nbsp;&nbsp;&nbsp;&nbsp;&nbsp;&nbsp; Mirko Tomasovi\u0107<br>\u00bbStaroslavni za\u010dinjavac\u00ab<br>(Mato\u0161 o Maruli\u0107u)<\/p>\n\n\n\n<p>39&nbsp;&nbsp;&nbsp;&nbsp;&nbsp;&nbsp;&nbsp;&nbsp;&nbsp;&nbsp;&nbsp; Gloria Garafulich-Grabois<br>Lily Garafulic<\/p>\n\n\n\n<p>\u010cileanska kiparica, slikarica i kustosica<\/p>\n\n\n\n<p>Ravnateljica Nacionalnog muzeja lijepih umjetnosti (1973\u20131977)<\/p>\n\n\n\n<p>Dobitnica Nacionalne nagrade za likovnu umjetnost 1995.<\/p>\n\n\n\n<p>41&nbsp;&nbsp;&nbsp;&nbsp;&nbsp;&nbsp;&nbsp;&nbsp;&nbsp;&nbsp;&nbsp; Soledad Garc\u00eda Saavedra<br>Vitalna tijela. Grafi\u010dko djelo Lily Garafulic<\/p>\n\n\n\n<p>44&nbsp;&nbsp;&nbsp;&nbsp;&nbsp;&nbsp;&nbsp;&nbsp;&nbsp;&nbsp;&nbsp; Marcela Albornoz Dachalet<br>Vje\u010dno zvije\u017e\u0111e Lily Garafulic<\/p>\n\n\n\n<p>47&nbsp;&nbsp;&nbsp;&nbsp;&nbsp;&nbsp;&nbsp;&nbsp;&nbsp;&nbsp;&nbsp; Matko Globa\u010dnik<br>Immanuel Kant (1724\u20131804\u20132024)<\/p>\n\n\n\n<p><strong>O tristotoj obljetnici ro\u0111enja<\/strong><\/p>\n\n\n\n<p>50&nbsp;&nbsp;&nbsp;&nbsp;&nbsp;&nbsp;&nbsp;&nbsp;&nbsp;&nbsp;&nbsp; Sanja Majer-Bobetko<br>Sudbina skladatelja i njegova djela<\/p>\n\n\n\n<p>Vatroslav Lisinski (1819\u20131854)<\/p>\n\n\n\n<p>Uz 170. obljetnicu smrti<\/p>\n\n\n\n<p><strong>Neobjavljena hrvatska knji\u017eevnost<\/strong><\/p>\n\n\n\n<p>55&nbsp;&nbsp;&nbsp;&nbsp;&nbsp;&nbsp;&nbsp;&nbsp;&nbsp;&nbsp;&nbsp; Davor \u0160alat<br>Tomislav Marijan Bilosni\u0107<\/p>\n\n\n\n<p>56&nbsp;&nbsp;&nbsp;&nbsp;&nbsp;&nbsp;&nbsp;&nbsp;&nbsp;&nbsp;&nbsp; TOMISLAV MARIJAN BILOSNI\u0106<br>Picasso nije doma<\/p>\n\n\n\n<p><strong>Likovna ba\u0161tina<\/strong><\/p>\n\n\n\n<p>59&nbsp;&nbsp;&nbsp;&nbsp;&nbsp;&nbsp;&nbsp;&nbsp;&nbsp;&nbsp;&nbsp; Ivan Kokeza<br>Freske Joze Kljakovi\u0107a<br>u crkvi svetoga Marka<br>u Zagrebu<\/p>\n\n\n\n<p>Descriptio Croatiae<\/p>\n\n\n\n<p>63&nbsp;&nbsp;&nbsp;&nbsp;&nbsp;&nbsp;&nbsp;&nbsp;&nbsp;&nbsp;&nbsp; Zvjezdana Jembrih<br>SOS za svece (i ne samo za svece)<\/p>\n\n\n\n<p><strong>Prikazi knjiga, glazbenih i likovnih priredaba<\/strong><\/p>\n\n\n\n<p>67&nbsp;&nbsp;&nbsp;&nbsp;&nbsp;&nbsp;&nbsp;&nbsp;&nbsp;&nbsp;&nbsp; Wollfy Kra\u0161i\u0107<br>Zov savjesti Marka Veselice<\/p>\n\n\n\n<p>Marko Veselica: Zov savjesti. Priredila Snje\u017eana Veselica Majhut<\/p>\n\n\n\n<p>69&nbsp;&nbsp;&nbsp;&nbsp;&nbsp;&nbsp;&nbsp;&nbsp;&nbsp;&nbsp;&nbsp; Hana Breko Kustura<br>Carmina Krle\u017eiana i Missa Maruliana Frane Para\u0107a: nova izdanja, partiture i nosa\u010d zvuka<\/p>\n\n\n\n<p>71&nbsp;&nbsp;&nbsp;&nbsp;&nbsp;&nbsp;&nbsp;&nbsp;&nbsp;&nbsp;&nbsp; Irena Kra\u0161evac<br>Arhitekt Viktor Kova\u010di\u0107 i kultura stanovanja u Zagrebu po\u010detkom 20. stolje\u0107a<\/p>\n\n\n\n<p>Nina Gazivoda: Vila Vrbani\u0107 arhitekta Viktora Kova\u010di\u0107a. Das englische Haus<\/p>\n\n\n\n<hr class=\"wp-block-separator\"\/>\n\n\n\n<p><a href=\"https:\/\/www.matica.hr\/hr\/791\/kazalo-36719\/\">https:\/\/www.matica.hr\/hr\/791\/kazalo-36719\/<\/a><\/p>\n\n\n\n<p><a href=\"https:\/\/www.matica.hr\/hr\/791\/r\/tema-broja\/\">https:\/\/www.matica.hr\/hr\/791\/r\/tema-broja\/<\/a><\/p>\n\n\n\n<p><a href=\"https:\/\/www.matica.hr\/hr\/791\/\">https:\/\/www.matica.hr\/hr\/791\/<\/a><\/p>\n\n\n\n<hr class=\"wp-block-separator\"\/>\n","protected":false},"excerpt":{"rendered":"","protected":false},"author":2,"featured_media":41828,"comment_status":"open","ping_status":"open","sticky":false,"template":"","format":"standard","meta":{"_acf_changed":false,"jetpack_post_was_ever_published":false,"_jetpack_newsletter_access":"","_jetpack_dont_email_post_to_subs":false,"_jetpack_newsletter_tier_id":0,"_jetpack_memberships_contains_paywalled_content":false,"_jetpack_memberships_contains_paid_content":false,"footnotes":"","jetpack_publicize_message":"","jetpack_publicize_feature_enabled":true,"jetpack_social_post_already_shared":true,"jetpack_social_options":{"image_generator_settings":{"template":"highway","default_image_id":0,"font":"","enabled":false},"version":2}},"categories":[21,3],"tags":[],"class_list":["post-41827","post","type-post","status-publish","format-standard","has-post-thumbnail","hentry","category-casopisi","category-novosti"],"acf":{"facebook_opis":""},"jetpack_publicize_connections":[],"jetpack_featured_media_url":"https:\/\/i0.wp.com\/historiografija.hr\/wp-content\/uploads\/2024\/08\/Hrvatska_revija_2_2024.jpg?fit=300%2C409&ssl=1","jetpack_sharing_enabled":true,"jetpack-related-posts":[],"_links":{"self":[{"href":"https:\/\/historiografija.hr\/index.php?rest_route=\/wp\/v2\/posts\/41827","targetHints":{"allow":["GET"]}}],"collection":[{"href":"https:\/\/historiografija.hr\/index.php?rest_route=\/wp\/v2\/posts"}],"about":[{"href":"https:\/\/historiografija.hr\/index.php?rest_route=\/wp\/v2\/types\/post"}],"author":[{"embeddable":true,"href":"https:\/\/historiografija.hr\/index.php?rest_route=\/wp\/v2\/users\/2"}],"replies":[{"embeddable":true,"href":"https:\/\/historiografija.hr\/index.php?rest_route=%2Fwp%2Fv2%2Fcomments&post=41827"}],"version-history":[{"count":1,"href":"https:\/\/historiografija.hr\/index.php?rest_route=\/wp\/v2\/posts\/41827\/revisions"}],"predecessor-version":[{"id":41829,"href":"https:\/\/historiografija.hr\/index.php?rest_route=\/wp\/v2\/posts\/41827\/revisions\/41829"}],"wp:featuredmedia":[{"embeddable":true,"href":"https:\/\/historiografija.hr\/index.php?rest_route=\/wp\/v2\/media\/41828"}],"wp:attachment":[{"href":"https:\/\/historiografija.hr\/index.php?rest_route=%2Fwp%2Fv2%2Fmedia&parent=41827"}],"wp:term":[{"taxonomy":"category","embeddable":true,"href":"https:\/\/historiografija.hr\/index.php?rest_route=%2Fwp%2Fv2%2Fcategories&post=41827"},{"taxonomy":"post_tag","embeddable":true,"href":"https:\/\/historiografija.hr\/index.php?rest_route=%2Fwp%2Fv2%2Ftags&post=41827"}],"curies":[{"name":"wp","href":"https:\/\/api.w.org\/{rel}","templated":true}]}}