{"id":41816,"date":"2024-08-01T14:44:09","date_gmt":"2024-08-01T14:44:09","guid":{"rendered":"http:\/\/historiografija.hr\/?p=41816"},"modified":"2024-08-01T14:47:20","modified_gmt":"2024-08-01T14:47:20","slug":"historijski-zbornik-br-1-2024","status":"publish","type":"post","link":"https:\/\/historiografija.hr\/?p=41816","title":{"rendered":"\u201eHistorijski zbornik\u201c (br. 1-2024)"},"content":{"rendered":"\n<p>Novi broj \u010dasopisa \u201cHistorijski zbornik\u201d (god. 77, br. 1, 2024) dostupan je na portalu hrvatskih znanstvenih i stru\u010dnih \u010dasopisa Hr\u010dak. Op\u0161irnije u nastavku.<\/p>\n\n\n\n<hr class=\"wp-block-separator\"\/>\n\n\n\n<p><strong>SADR\u017dAJ<\/strong><\/p>\n\n\n\n<hr class=\"wp-block-separator\"\/>\n\n\n\n<p>Igor Vrani\u0107<\/p>\n\n\n\n<p>Politika drugim sredstvima: sveu\u010dili\u0161na predavanja Izidora Kr\u0161njavoga<\/p>\n\n\n\n<hr class=\"wp-block-separator\"\/>\n\n\n\n<p>Zdravka Jelaska Marijan<\/p>\n\n\n\n<p>Brodovlasnici iz obitelji Feri\u0107 i struktura pomoraca na njihovim brodovima<\/p>\n\n\n\n<hr class=\"wp-block-separator\"\/>\n\n\n\n<p>Peter Mik\u0161a, Matija Zorn<\/p>\n\n\n\n<p>Granica izme\u0111u Njema\u010dkog Reicha i NDH (1941. \u2013 1945.). Slu\u010daj rijeke Sutle<\/p>\n\n\n\n<hr class=\"wp-block-separator\"\/>\n\n\n\n<p>Wollfy Kra\u0161i\u0107<\/p>\n\n\n\n<p>Obra\u010dun jugoslavenskih komunista s \u201enarodnim neprijateljem\u201c u Gorskome kotaru \u2013 primjer sve\u0107enika Stjepana Hor\u017ei\u0107a<\/p>\n\n\n\n<hr class=\"wp-block-separator\"\/>\n\n\n\n<p>Nikola Perkovi\u0107<\/p>\n\n\n\n<p>Prilog prou\u010davanju rada op\u0107ih poljoprivrednih zadruga u Federativnoj Narodnoj Republici Jugoslaviji. Primjer karlova\u010dkog kotara (1950. \u2013 1952.)<\/p>\n\n\n\n<hr class=\"wp-block-separator\"\/>\n\n\n\n<p>Karlo Rukavina, Filip \u0160imunjak<\/p>\n\n\n\n<p>Kritika i popularizacija povijesti u metal glazbi \u2013 primjer Sabatona<\/p>\n\n\n\n<hr class=\"wp-block-separator\"\/>\n\n\n\n<p><strong>Osvrti i prikazi<\/strong><\/p>\n\n\n\n<p>Andrej \u010cebotarev, Vlasi i Vojna krajina u Hrvatskoj, Zagreb: Hrvatska sveu\u010dili\u0161na naklada; Institut dru\u0161tvenih znanosti Ivo Pilar, 2022, 319 str. (<em>Vlatko Smiljani\u0107<\/em>)<\/p>\n\n\n\n<p>Dominique Kalifa, The Belle \u00c9poque. A Cultural History, Paris and Beyond, New York: Columbia Univerity Press, 2021, 264 str. (<em>Antea Toki\u0107<\/em>)<\/p>\n\n\n\n<p>Marijan Buljan, Politi\u010dka povijest Splita od 1918. do 1941., Zagreb: Leykam international, 2022, 831 str. (<em>Stipica Grgi\u0107<\/em>)<\/p>\n\n\n\n<p>Brendan Simms; Charlie Laderman, Hitlerov ameri\u010dki gambit: Pearl Harbor i nezaustavljiv ulazak Njema\u010dke u globalni rat, prev. Damir Bili\u010di\u0107, Zagreb: Ljevak, 2022, 533 str. (<em>Ivan \u0106ori\u0107<\/em>)<\/p>\n\n\n\n<p>Stella Ghervas, Conquering Peace: From the Enlightenment to the European Union, Cambridge, Massachusetts; London: Harvard University Press, 2021, 529 str. (<em>Marko Ribi\u010di\u0107<\/em>)<\/p>\n\n\n\n<p>Victor Serge, Ako je pono\u0107 u stolje\u0107u, prev. Marina Alia Juri\u0161i\u0107, Zagreb: Disput, 2023, 264 str. (<em>Branimir Jankovi\u0107<\/em>)<\/p>\n\n\n\n<hr class=\"wp-block-separator\"\/>\n\n\n\n<p><strong>Ad honorem<\/strong><\/p>\n\n\n\n<p><em>Ad honorem Neven Budak Ad fontes et initia<\/em>: O po\u010detcima ustanove kne\u0161tva u dalmatinskim gradovima (<em>Ludwig Steindorf<\/em>)<\/p>\n\n\n\n<hr class=\"wp-block-separator\"\/>\n\n\n\n<p><strong>In memoriam<\/strong><\/p>\n\n\n\n<p>\u201e\u0160ef\u201c ovaj put oti\u0161ao zauvijek&#8230; in memoriam Ante Gulina (<em>Sabine Florence Fabijanec<\/em>)<\/p>\n\n\n\n<hr class=\"wp-block-separator\"\/>\n\n\n\n<p><strong>Dodjela nagrada u historiografiji za 2023. godinu<\/strong><\/p>\n\n\n\n<hr class=\"wp-block-separator\"\/>\n\n\n\n<p>\u010casopis je dostupan na sljede\u0107oj poveznici:<\/p>\n\n\n\n<p><a href=\"https:\/\/hrcak.srce.hr\/broj\/24776\">https:\/\/hrcak.srce.hr\/broj\/24776<\/a><\/p>\n\n\n\n<hr class=\"wp-block-separator\"\/>\n\n\n\n<p>Odjeci:<\/p>\n\n\n\n<p><a href=\"https:\/\/historiografija.ba\/article.php?id=2658\">https:\/\/historiografija.ba\/article.php?id=2658<\/a><\/p>\n\n\n\n<hr class=\"wp-block-separator\"\/>\n","protected":false},"excerpt":{"rendered":"","protected":false},"author":2,"featured_media":25185,"comment_status":"open","ping_status":"open","sticky":false,"template":"","format":"standard","meta":{"_acf_changed":false,"jetpack_post_was_ever_published":false,"_jetpack_newsletter_access":"","_jetpack_dont_email_post_to_subs":false,"_jetpack_newsletter_tier_id":0,"_jetpack_memberships_contains_paywalled_content":false,"_jetpack_memberships_contains_paid_content":false,"footnotes":"","jetpack_publicize_message":"","jetpack_publicize_feature_enabled":true,"jetpack_social_post_already_shared":true,"jetpack_social_options":{"image_generator_settings":{"template":"highway","default_image_id":0,"font":"","enabled":false},"version":2}},"categories":[21,3],"tags":[],"class_list":["post-41816","post","type-post","status-publish","format-standard","has-post-thumbnail","hentry","category-casopisi","category-novosti"],"acf":{"facebook_opis":""},"jetpack_publicize_connections":[],"jetpack_featured_media_url":"https:\/\/i0.wp.com\/historiografija.hr\/wp-content\/uploads\/2021\/02\/HZ-naslovnica.jpg?fit=417%2C221&ssl=1","jetpack_sharing_enabled":true,"jetpack-related-posts":[],"_links":{"self":[{"href":"https:\/\/historiografija.hr\/index.php?rest_route=\/wp\/v2\/posts\/41816","targetHints":{"allow":["GET"]}}],"collection":[{"href":"https:\/\/historiografija.hr\/index.php?rest_route=\/wp\/v2\/posts"}],"about":[{"href":"https:\/\/historiografija.hr\/index.php?rest_route=\/wp\/v2\/types\/post"}],"author":[{"embeddable":true,"href":"https:\/\/historiografija.hr\/index.php?rest_route=\/wp\/v2\/users\/2"}],"replies":[{"embeddable":true,"href":"https:\/\/historiografija.hr\/index.php?rest_route=%2Fwp%2Fv2%2Fcomments&post=41816"}],"version-history":[{"count":5,"href":"https:\/\/historiografija.hr\/index.php?rest_route=\/wp\/v2\/posts\/41816\/revisions"}],"predecessor-version":[{"id":41821,"href":"https:\/\/historiografija.hr\/index.php?rest_route=\/wp\/v2\/posts\/41816\/revisions\/41821"}],"wp:featuredmedia":[{"embeddable":true,"href":"https:\/\/historiografija.hr\/index.php?rest_route=\/wp\/v2\/media\/25185"}],"wp:attachment":[{"href":"https:\/\/historiografija.hr\/index.php?rest_route=%2Fwp%2Fv2%2Fmedia&parent=41816"}],"wp:term":[{"taxonomy":"category","embeddable":true,"href":"https:\/\/historiografija.hr\/index.php?rest_route=%2Fwp%2Fv2%2Fcategories&post=41816"},{"taxonomy":"post_tag","embeddable":true,"href":"https:\/\/historiografija.hr\/index.php?rest_route=%2Fwp%2Fv2%2Ftags&post=41816"}],"curies":[{"name":"wp","href":"https:\/\/api.w.org\/{rel}","templated":true}]}}