{"id":41813,"date":"2024-08-01T14:25:14","date_gmt":"2024-08-01T14:25:14","guid":{"rendered":"http:\/\/historiografija.hr\/?p=41813"},"modified":"2024-08-01T14:25:14","modified_gmt":"2024-08-01T14:25:14","slug":"tragovi-casopis-za-srpske-i-hrvatske-teme-br-1-2024","status":"publish","type":"post","link":"https:\/\/historiografija.hr\/?p=41813","title":{"rendered":"\u201eTragovi: \u010dasopis za srpske i hrvatske teme\u201c (br. 1-2024)"},"content":{"rendered":"\n<p>Novi broj \u201cTragova: \u010dasopisa za srpske i hrvatske teme\u201d (god. 7, br. 1, 2024) dostupan je na portalu hrvatskih znanstvenih i stru\u010dnih \u010dasopisa Hr\u010dak. Vi\u0161e u prilogu.<\/p>\n\n\n\n<hr class=\"wp-block-separator\"\/>\n\n\n\n<p><a href=\"https:\/\/hrcak.srce.hr\/broj\/24689\">https:\/\/hrcak.srce.hr\/broj\/24689<\/a><\/p>\n\n\n\n<hr class=\"wp-block-separator\"\/>\n\n\n\n<p>SADR\u017dAJ<\/p>\n\n\n\n<hr class=\"wp-block-separator\"\/>\n\n\n\n<p><strong>\u010clanci<\/strong><\/p>\n\n\n\n<hr class=\"wp-block-separator\"\/>\n\n\n\n<p>Milica Uvali\u0107<\/p>\n\n\n\n<p>Ekonomski nacionalizam u Jugoslaviji: Osvrt na njegov u\u010dinak 30 godina poslije<\/p>\n\n\n\n<hr class=\"wp-block-separator\"\/>\n\n\n\n<p>Vinko Korotaj Dra\u010da<\/p>\n\n\n\n<p>Nacionalizam pred sudom: uloga povijesnih narativa u procesima pred Me\u0111unarodnim krivi\u010dnim sudom za biv\u0161u Jugoslaviju<\/p>\n\n\n\n<hr class=\"wp-block-separator\"\/>\n\n\n\n<p>Irena \u0160entevska<\/p>\n\n\n\n<p>Ceca ante portas: turbo-folk u srpsko-hrvatskim odnosima<\/p>\n\n\n\n<hr class=\"wp-block-separator\"\/>\n\n\n\n<p>Sonja M. Dujmovi\u0107<\/p>\n\n\n\n<p>Nau\u010dnik Jovan Cviji\u0107: politi\u010dar na bosanskoherecegova\u010dkoj vjetrometini<\/p>\n\n\n\n<hr class=\"wp-block-separator\"\/>\n\n\n\n<p><strong>Eseji<\/strong><\/p>\n\n\n\n<hr class=\"wp-block-separator\"\/>\n\n\n\n<p>Todor Kulji\u0107<\/p>\n\n\n\n<p>Samorazaranje ili samoobnova kapitalizma?<\/p>\n\n\n\n<hr class=\"wp-block-separator\"\/>\n\n\n\n<p>Mladen Mrdalj<\/p>\n\n\n\n<p>U raskoraku: Srbi u Hrvatskoj u dnevniku Milovana \u0110ilasa 1989 &#8211; 1995.<\/p>\n\n\n\n<hr class=\"wp-block-separator\"\/>\n\n\n\n<p><strong>Recenzije i prikazi<\/strong><\/p>\n\n\n\n<hr class=\"wp-block-separator\"\/>\n\n\n\n<p>Ilija Rani\u0107<\/p>\n\n\n\n<p>Kosta Nikoli\u0107: Krajina 1991. &#8211; 1995.<\/p>\n\n\n\n<hr class=\"wp-block-separator\"\/>\n\n\n\n<p>Sven Mileki\u0107<\/p>\n\n\n\n<p>Sibel Roller: The Rooster: Discovering My Father&#8217;s Memories from the Jasenovac Concentration Camp<\/p>\n\n\n\n<hr class=\"wp-block-separator\"\/>\n\n\n\n<p>Tihomir Pono\u0161<\/p>\n\n\n\n<p>Nenad Makuljevi\u0107: Memorija i manipulacija &#8211; spomeni\u010dka politika u Srbiji 1981 &#8211; 2021.<\/p>\n\n\n\n<hr class=\"wp-block-separator\"\/>\n\n\n\n<p>Dejan Jovi\u0107<\/p>\n\n\n\n<p>Jovana Karauli\u0107: Kulturalne izvedbe jugoslovenstva<\/p>\n\n\n\n<hr class=\"wp-block-separator\"\/>\n\n\n\n<p><strong>Dodatne obavijesti:<\/strong><\/p>\n\n\n\n<p><a href=\"https:\/\/historiografija.ba\/article.php?id=2630\">https:\/\/historiografija.ba\/article.php?id=2630<\/a><\/p>\n\n\n\n<p><a href=\"https:\/\/www.portalnovosti.com\/novi-broj-tragova-7\">https:\/\/www.portalnovosti.com\/novi-broj-tragova-7<\/a><\/p>\n\n\n\n<hr class=\"wp-block-separator\"\/>\n","protected":false},"excerpt":{"rendered":"","protected":false},"author":2,"featured_media":41814,"comment_status":"open","ping_status":"open","sticky":false,"template":"","format":"standard","meta":{"_acf_changed":false,"jetpack_post_was_ever_published":false,"_jetpack_newsletter_access":"","_jetpack_dont_email_post_to_subs":false,"_jetpack_newsletter_tier_id":0,"_jetpack_memberships_contains_paywalled_content":false,"_jetpack_memberships_contains_paid_content":false,"footnotes":"","jetpack_publicize_message":"","jetpack_publicize_feature_enabled":true,"jetpack_social_post_already_shared":true,"jetpack_social_options":{"image_generator_settings":{"template":"highway","default_image_id":0,"font":"","enabled":false},"version":2}},"categories":[21,3],"tags":[],"class_list":["post-41813","post","type-post","status-publish","format-standard","has-post-thumbnail","hentry","category-casopisi","category-novosti"],"acf":{"facebook_opis":""},"jetpack_publicize_connections":[],"jetpack_featured_media_url":"https:\/\/i0.wp.com\/historiografija.hr\/wp-content\/uploads\/2024\/08\/Tragovi__1_2024.jpg?fit=1172%2C750&ssl=1","jetpack_sharing_enabled":true,"jetpack-related-posts":[],"_links":{"self":[{"href":"https:\/\/historiografija.hr\/index.php?rest_route=\/wp\/v2\/posts\/41813","targetHints":{"allow":["GET"]}}],"collection":[{"href":"https:\/\/historiografija.hr\/index.php?rest_route=\/wp\/v2\/posts"}],"about":[{"href":"https:\/\/historiografija.hr\/index.php?rest_route=\/wp\/v2\/types\/post"}],"author":[{"embeddable":true,"href":"https:\/\/historiografija.hr\/index.php?rest_route=\/wp\/v2\/users\/2"}],"replies":[{"embeddable":true,"href":"https:\/\/historiografija.hr\/index.php?rest_route=%2Fwp%2Fv2%2Fcomments&post=41813"}],"version-history":[{"count":1,"href":"https:\/\/historiografija.hr\/index.php?rest_route=\/wp\/v2\/posts\/41813\/revisions"}],"predecessor-version":[{"id":41815,"href":"https:\/\/historiografija.hr\/index.php?rest_route=\/wp\/v2\/posts\/41813\/revisions\/41815"}],"wp:featuredmedia":[{"embeddable":true,"href":"https:\/\/historiografija.hr\/index.php?rest_route=\/wp\/v2\/media\/41814"}],"wp:attachment":[{"href":"https:\/\/historiografija.hr\/index.php?rest_route=%2Fwp%2Fv2%2Fmedia&parent=41813"}],"wp:term":[{"taxonomy":"category","embeddable":true,"href":"https:\/\/historiografija.hr\/index.php?rest_route=%2Fwp%2Fv2%2Fcategories&post=41813"},{"taxonomy":"post_tag","embeddable":true,"href":"https:\/\/historiografija.hr\/index.php?rest_route=%2Fwp%2Fv2%2Ftags&post=41813"}],"curies":[{"name":"wp","href":"https:\/\/api.w.org\/{rel}","templated":true}]}}