{"id":41810,"date":"2023-12-20T14:11:07","date_gmt":"2023-12-20T14:11:07","guid":{"rendered":"http:\/\/historiografija.hr\/?p=41810"},"modified":"2024-08-01T14:13:21","modified_gmt":"2024-08-01T14:13:21","slug":"tragovi-casopis-za-srpske-i-hrvatske-teme-br-2-2023","status":"publish","type":"post","link":"https:\/\/historiografija.hr\/?p=41810","title":{"rendered":"&#8220;Tragovi: \u010dasopis za srpske i hrvatske teme&#8221; (br. 2-2023)"},"content":{"rendered":"\n<p>Novi broj \u201cTragova: \u010dasopisa za srpske i hrvatske teme\u201d (god. 6, br. 2, 2023) dostupan je na portalu hrvatskih znanstvenih i stru\u010dnih \u010dasopisa Hr\u010dak. <\/p>\n\n\n\n<hr class=\"wp-block-separator\"\/>\n\n\n\n<p><a href=\"https:\/\/hrcak.srce.hr\/broj\/24044\">https:\/\/hrcak.srce.hr\/broj\/24044<\/a><\/p>\n\n\n\n<hr class=\"wp-block-separator\"\/>\n\n\n\n<p>SADR\u017dAJ<\/p>\n\n\n\n<hr class=\"wp-block-separator\"\/>\n\n\n\n<p>Jovan Byford<\/p>\n\n\n\n<p>Spasavanje savskih \u017ertava od zaborava i negiranja: istorija i se\u0107anje na poslednje usta\u0161ke zlo\u010dine u Sisku<\/p>\n\n\n\n<hr class=\"wp-block-separator\"\/>\n\n\n\n<p>Filip \u0160kiljan, Hrvoje Volner<\/p>\n\n\n\n<p>Identitet i sje\u0107anje &#8211; Srbi u donjomiholja\u010dkom kraju<\/p>\n\n\n\n<hr class=\"wp-block-separator\"\/>\n\n\n\n<p>Virna Karli\u0107, Sanja \u0160aki\u0107<\/p>\n\n\n\n<p>Trista \u010duda i trista jauka: \u017eivot i djelo Save Mrkalja<\/p>\n\n\n\n<hr class=\"wp-block-separator\"\/>\n\n\n\n<p>Ankica \u010cakardi\u0107<\/p>\n\n\n\n<p>Praxis \u0161kola i feminizam: marksisti\u010dki humanizam i nevolje s rodom<\/p>\n\n\n\n<hr class=\"wp-block-separator\"\/>\n\n\n\n<p>Lino Veljak<\/p>\n\n\n\n<p>Uz 30. obljetnicu smrti Gaje Petrovi\u0107a<\/p>\n\n\n\n<hr class=\"wp-block-separator\"\/>\n\n\n\n<p>Boris Paveli\u0107<\/p>\n\n\n\n<p>Neobjavljeni rukopisi Slavka Goldsteina u Arhivu Srba u Hrvatskoj<\/p>\n\n\n\n<hr class=\"wp-block-separator\"\/>\n\n\n\n<p>Petra Belc Krnjai\u0107<\/p>\n\n\n\n<p>Filmsko otajstvo Vlade Petri\u0107a<\/p>\n\n\n\n<hr class=\"wp-block-separator\"\/>\n\n\n\n<p><strong>Dodatne obavijesti:<\/strong><\/p>\n\n\n\n<p><a href=\"https:\/\/www.portalnovosti.com\/novi-broj-tragova-1\">https:\/\/www.portalnovosti.com\/novi-broj-tragova-1<\/a><\/p>\n\n\n\n<hr class=\"wp-block-separator\"\/>\n","protected":false},"excerpt":{"rendered":"","protected":false},"author":2,"featured_media":41812,"comment_status":"open","ping_status":"open","sticky":false,"template":"","format":"standard","meta":{"_acf_changed":false,"jetpack_post_was_ever_published":false,"_jetpack_newsletter_access":"","_jetpack_dont_email_post_to_subs":false,"_jetpack_newsletter_tier_id":0,"_jetpack_memberships_contains_paywalled_content":false,"_jetpack_memberships_contains_paid_content":false,"footnotes":"","jetpack_publicize_message":"","jetpack_publicize_feature_enabled":true,"jetpack_social_post_already_shared":true,"jetpack_social_options":{"image_generator_settings":{"template":"highway","default_image_id":0,"font":"","enabled":false},"version":2}},"categories":[21,3],"tags":[],"class_list":["post-41810","post","type-post","status-publish","format-standard","has-post-thumbnail","hentry","category-casopisi","category-novosti"],"acf":{"facebook_opis":""},"jetpack_publicize_connections":[],"jetpack_featured_media_url":"https:\/\/i0.wp.com\/historiografija.hr\/wp-content\/uploads\/2023\/12\/Tragovi_2_2023.jpg?fit=1200%2C750&ssl=1","jetpack_sharing_enabled":true,"jetpack-related-posts":[],"_links":{"self":[{"href":"https:\/\/historiografija.hr\/index.php?rest_route=\/wp\/v2\/posts\/41810","targetHints":{"allow":["GET"]}}],"collection":[{"href":"https:\/\/historiografija.hr\/index.php?rest_route=\/wp\/v2\/posts"}],"about":[{"href":"https:\/\/historiografija.hr\/index.php?rest_route=\/wp\/v2\/types\/post"}],"author":[{"embeddable":true,"href":"https:\/\/historiografija.hr\/index.php?rest_route=\/wp\/v2\/users\/2"}],"replies":[{"embeddable":true,"href":"https:\/\/historiografija.hr\/index.php?rest_route=%2Fwp%2Fv2%2Fcomments&post=41810"}],"version-history":[{"count":1,"href":"https:\/\/historiografija.hr\/index.php?rest_route=\/wp\/v2\/posts\/41810\/revisions"}],"predecessor-version":[{"id":41811,"href":"https:\/\/historiografija.hr\/index.php?rest_route=\/wp\/v2\/posts\/41810\/revisions\/41811"}],"wp:featuredmedia":[{"embeddable":true,"href":"https:\/\/historiografija.hr\/index.php?rest_route=\/wp\/v2\/media\/41812"}],"wp:attachment":[{"href":"https:\/\/historiografija.hr\/index.php?rest_route=%2Fwp%2Fv2%2Fmedia&parent=41810"}],"wp:term":[{"taxonomy":"category","embeddable":true,"href":"https:\/\/historiografija.hr\/index.php?rest_route=%2Fwp%2Fv2%2Fcategories&post=41810"},{"taxonomy":"post_tag","embeddable":true,"href":"https:\/\/historiografija.hr\/index.php?rest_route=%2Fwp%2Fv2%2Ftags&post=41810"}],"curies":[{"name":"wp","href":"https:\/\/api.w.org\/{rel}","templated":true}]}}