{"id":41764,"date":"2024-07-25T11:17:36","date_gmt":"2024-07-25T11:17:36","guid":{"rendered":"http:\/\/historiografija.hr\/?p=41764"},"modified":"2024-07-25T11:17:36","modified_gmt":"2024-07-25T11:17:36","slug":"ivan-katalinic-zapisi-o-minulim-dogadajima-u-dalmaciji","status":"publish","type":"post","link":"https:\/\/historiografija.hr\/?p=41764","title":{"rendered":"Ivan Katalini\u0107, \u201eZapisi o minulim doga\u0111ajima u Dalmaciji\u201c"},"content":{"rendered":"\n<p>Prevela i komentirala: Ljerka \u0160imunkovi\u0107<\/p>\n\n\n\n<p>Rije\u010d je o prijevodu knjige hrvatskoga povjesni\u010dara i \u010dasnika u francuskoj i habsbur\u0161koj vojsci Ivana Katalini\u0107a (1779. \u2013 1847.), pod naslovom <em>Memorie degli avvenimenti successi in Dalmazia dopo la caduta della Repubblica Veneta con un saggio sull\u2019amministrazione pubblica veneta e del Regno d\u2019Italia<\/em>&nbsp;koja je objavljena u Splitu&nbsp;1841. Kao obrazovani \u010dasnik i intelektualac Katalini\u0107 je najprije napisao prvu modernu povijest Dalmacije od najstarijega doba do propasti Mleta\u010dke Republike (<em>Storia della Dalmazia<\/em>,&nbsp;1834. \u2013 1835.), koju je uglavnom utemeljio na djelima I. Lu\u010di\u0107a, D. Farlatija i I. Kreljanovi\u0107a Albinonija. Pisana u predpreporodnom duhu, njegova je <em>Povijest Dalmacije<\/em> izazvala pozitivne odjeke u ilirskim krugovima. <em>Zapisi o minulim doga\u0111ajima u Dalmaciji<\/em> predstavljaju nastavak <em>Povijesti Dalmacije<\/em>, a pisani su na temelju autorovih iskustava i suvremenoga gradiva te su u historiografskom smislu znatno pouzdaniji i vrijedniji. U Katalini\u0107evu fokusu su turbulentni politi\u010dki doga\u0111aji u Dalmaciji u razdoblju napoleonskih ratova od 1797. godine u kojima je i sam sudjelovao. Zanimljivom naracijom, potkrijepljenom detaljima, on minuciozno prati prevratni\u010dka, a ponekad i krvava previranja u dalmatinskim gradovima i zale\u0111u u vrijeme sloma mleta\u010dke vlasti i dolaska francuske vojske. U komentiranju politi\u010dkih doga\u0111aja Katalini\u0107 se slu\u017ei geneti\u010dkom metodom povezivanja i uzro\u010dnoposljedi\u010dnog tuma\u010denja. Time su <em>Zapisi<\/em> nezaobilazna literatura za sve teme o povijesti Dalmacije na prijelazu iz 18. u 19. stolje\u0107e.<\/p>\n\n\n\n<p>Djelo je od prvorazredna zna\u010denja za to vrlo burno razdoblje u Dalmaciji a koje je uslijedilo nakon pada Mleta\u010dke Republike. Kona\u010dno je ovim sjajnim prijevodom iz pera Ljerke \u0160imunkovi\u0107 ovo djelo ugledalo svjetlo dana na hrvatskom jeziku.<\/p>\n\n\n\n<hr class=\"wp-block-separator\"\/>\n\n\n\n<p>Knji\u017eevni krug Split, 2023. (204 str.)<\/p>\n\n\n\n<hr class=\"wp-block-separator\"\/>\n\n\n\n<p>Izvor:<\/p>\n\n\n\n<figure class=\"wp-block-embed-wordpress wp-block-embed is-type-wp-embed is-provider-knjizevni-krug-split\"><div class=\"wp-block-embed__wrapper\">\n<blockquote class=\"wp-embedded-content\" data-secret=\"DmpxzS15ca\"><a href=\"https:\/\/www.knjizevni-krug.hr\/knjige\/zapisi-o-minulim-dogadajima-u-dalmaciji\/\">ZAPISI O MINULIM DOGA\u0110AJIMA U DALMACIJI<\/a><\/blockquote><iframe loading=\"lazy\" class=\"wp-embedded-content\" sandbox=\"allow-scripts\" security=\"restricted\" style=\"position: absolute; clip: rect(1px, 1px, 1px, 1px);\" title=\"&#8220;ZAPISI O MINULIM DOGA\u0110AJIMA U DALMACIJI&#8221; &#8212; Knji\u017eevni krug Split\" src=\"https:\/\/www.knjizevni-krug.hr\/knjige\/zapisi-o-minulim-dogadajima-u-dalmaciji\/embed\/#?secret=DmpxzS15ca\" data-secret=\"DmpxzS15ca\" width=\"600\" height=\"338\" frameborder=\"0\" marginwidth=\"0\" marginheight=\"0\" scrolling=\"no\"><\/iframe>\n<\/div><\/figure>\n\n\n\n<hr class=\"wp-block-separator\"\/>\n","protected":false},"excerpt":{"rendered":"","protected":false},"author":2,"featured_media":41765,"comment_status":"open","ping_status":"open","sticky":false,"template":"","format":"standard","meta":{"_acf_changed":false,"jetpack_post_was_ever_published":false,"_jetpack_newsletter_access":"","_jetpack_dont_email_post_to_subs":false,"_jetpack_newsletter_tier_id":0,"_jetpack_memberships_contains_paywalled_content":false,"_jetpack_memberships_contains_paid_content":false,"footnotes":"","jetpack_publicize_message":"","jetpack_publicize_feature_enabled":true,"jetpack_social_post_already_shared":true,"jetpack_social_options":{"image_generator_settings":{"template":"highway","default_image_id":0,"font":"","enabled":false},"version":2}},"categories":[8,3],"tags":[],"class_list":["post-41764","post","type-post","status-publish","format-standard","has-post-thumbnail","hentry","category-knjige","category-novosti"],"acf":{"facebook_opis":""},"jetpack_publicize_connections":[],"jetpack_featured_media_url":"https:\/\/i0.wp.com\/historiografija.hr\/wp-content\/uploads\/2024\/07\/Katalinic%CC%81-ZAPISI.jpg?fit=300%2C424&ssl=1","jetpack_sharing_enabled":true,"jetpack-related-posts":[],"_links":{"self":[{"href":"https:\/\/historiografija.hr\/index.php?rest_route=\/wp\/v2\/posts\/41764","targetHints":{"allow":["GET"]}}],"collection":[{"href":"https:\/\/historiografija.hr\/index.php?rest_route=\/wp\/v2\/posts"}],"about":[{"href":"https:\/\/historiografija.hr\/index.php?rest_route=\/wp\/v2\/types\/post"}],"author":[{"embeddable":true,"href":"https:\/\/historiografija.hr\/index.php?rest_route=\/wp\/v2\/users\/2"}],"replies":[{"embeddable":true,"href":"https:\/\/historiografija.hr\/index.php?rest_route=%2Fwp%2Fv2%2Fcomments&post=41764"}],"version-history":[{"count":1,"href":"https:\/\/historiografija.hr\/index.php?rest_route=\/wp\/v2\/posts\/41764\/revisions"}],"predecessor-version":[{"id":41766,"href":"https:\/\/historiografija.hr\/index.php?rest_route=\/wp\/v2\/posts\/41764\/revisions\/41766"}],"wp:featuredmedia":[{"embeddable":true,"href":"https:\/\/historiografija.hr\/index.php?rest_route=\/wp\/v2\/media\/41765"}],"wp:attachment":[{"href":"https:\/\/historiografija.hr\/index.php?rest_route=%2Fwp%2Fv2%2Fmedia&parent=41764"}],"wp:term":[{"taxonomy":"category","embeddable":true,"href":"https:\/\/historiografija.hr\/index.php?rest_route=%2Fwp%2Fv2%2Fcategories&post=41764"},{"taxonomy":"post_tag","embeddable":true,"href":"https:\/\/historiografija.hr\/index.php?rest_route=%2Fwp%2Fv2%2Ftags&post=41764"}],"curies":[{"name":"wp","href":"https:\/\/api.w.org\/{rel}","templated":true}]}}