{"id":41758,"date":"2024-07-25T10:43:13","date_gmt":"2024-07-25T10:43:13","guid":{"rendered":"http:\/\/historiografija.hr\/?p=41758"},"modified":"2024-07-25T10:43:13","modified_gmt":"2024-07-25T10:43:13","slug":"cfp-special-issue-entitled-sport-and-politics-contexts-connections-confrontations","status":"publish","type":"post","link":"https:\/\/historiografija.hr\/?p=41758","title":{"rendered":"CfP: Special issue entitled \u201cSport and Politics: Contexts, Connections, Confrontations\u201d"},"content":{"rendered":"\n<p>Call for Papers for a Special Issue:<\/p>\n\n\n\n<p><strong>\u201cSport and Politics: Contexts, Connections, Confrontations\u201d<\/strong><\/p>\n\n\n\n<p>Since the second half of the nineteenth century, sport has become an inseparable part of modern life. It has played an increasingly positive and important role in entertainment, commerce, public health, and the military. It has penetrated the institutional fabric of society and become more and more involved in the formation and expression of local, national, and even international collective identities. Prior to World War I, all these aspects of sport could be said to be in<em> statu nascendi<\/em>; however, after 1918, sport gradually evolved into a typical phenomenon of contemporary mass society, with an increasingly strong link to politics.<\/p>\n\n\n\n<p>In some instances this evolution has manifested itself in the use of sport as a platform for promoting nationalist, racist, and colonial agendas. It has occasionally been exploited as an instrument of control in the social, gender, and religious spheres. Last but not least, it has become a big, profitable business. In the period leading up to World War II, various social and professional groups pursued their political agendas through sporting activities. The rise of authoritarian and totalitarian dictatorships was accompanied by the politicization of sport. Such regimes valued sport as a space for self-promotion and for defining themselves vis-\u00e0-vis the outside world. During both world wars, sport was incorporated into the war effort. Strong athletes were promoted as heroes who embodied the best qualities of a given nation and team sports were likened to the combat activities of military units. Not surprisingly, sports activities were incorporated into military training.<\/p>\n\n\n\n<p>After World War II, when the world was gripped by a bipolar power struggle, and later an unpredictable multipolar competition, sport fulfilled other prominent political needs. From a socio-cultural perspective, sport was a stage for the emancipation of racial and gender minorities and the pursuit of other agendas. In the international context, attempts at using sport as a bridge between the two blocs alternated with celebrating international sporting events, including the Olympics, as opportunities to marginalize and weaken geopolitical rivals. In recent years, some authoritarian regimes have continued to use sport as a tool for propaganda and the promotion of their power. These regimes\u2019 rivals have countered by excluding their national sports teams from participation in international competitions.<\/p>\n\n\n\n<p>This call for papers solicits original contributions highlighting the broad variety of connections between sport and politics from the end of the nineteenth century to the present day in North America, Europe, and post-Soviet Eurasia.<\/p>\n\n\n\n<p>Suggested subthemes and subtopics may include, but are not limited to:<\/p>\n\n\n\n<ul class=\"wp-block-list\"><li>sport as a tool for nation-building<\/li><li>sport as an instrument of mass mobilization<\/li><li>sport and propaganda<\/li><li>sport in authoritarian and totalitarian regimes<\/li><li>doping in sport and international politics<\/li><li>sport in inter-state and intra-state conflicts<\/li><li>sport as business and politics, and the role of oligarchs in sport<\/li><li>sport as an instrument of national soft power<\/li><li>the history and politicization of the Olympic movement<\/li><li>sport and globalization<\/li><li>sport and gender<\/li><li>sport, racism and \u201cwoke\u201d culture<\/li><li>sport as a colonial and postcolonial phenomenon; the decolonization of sport<\/li><li>sport and culture; celebrities as social role models<\/li><li>sport and media<\/li><li>the musealization of sport<\/li><li>recent methodological trends in the study of sports<\/li><\/ul>\n\n\n\n<p>Articles must be written in English and ideally should be 6,000 to 9,000 words long. Submissions should be sent to the editorial team at <a href=\"mailto:stuter@fsv.cuni.cz\">stuter@fsv.cuni.cz<\/a> or uploaded via the <em>Studia Territorialia<\/em> <a href=\"https:\/\/stuter.fsv.cuni.cz\/stuter\/user\/register\">journal management system<\/a>. Authors should consult the journal\u2019s <a href=\"https:\/\/stuter.fsv.cuni.cz\/stuter\/submissions\/authorguidelines\">submission guidelines<\/a> for further instructions and style. All contributions are subject to double-blind peer review.<\/p>\n\n\n\n<p>Deadline for submission of abstracts: <strong>July 15, 2024<\/strong>.<br>Notification of status by: July 31, 2024.<br>Deadline for submission of articles: <strong>September 30, 2024<\/strong>.<\/p>\n\n\n\n<p><em>Acta Universitatis Carolinae \u2013 Studia Territorialia<\/em> is a leading Czech peer-reviewed academic journal focusing on area studies. It covers the history and the social, political, and economic affairs of the nations of North America, Europe, and post-Soviet Eurasia in the twentieth and twenty-first centuries. The journal is published by the Institute of International Studies of Charles University, Prague. It is indexed in the SCOPUS, ERIH PLUS, EBSCO, DOAJ, CEEOL databases, among others.<\/p>\n\n\n\n<p>For further information, please feel free to contact the editors at <a href=\"mailto:stuter@fsv.cuni.cz\">stuter@fsv.cuni.cz<\/a>.<\/p>\n\n\n\n<hr class=\"wp-block-separator\"\/>\n\n\n\n<p><a href=\"https:\/\/stuter.fsv.cuni.cz\/stuter\/announcement\/view\/25\">https:\/\/stuter.fsv.cuni.cz\/stuter\/announcement\/view\/25<\/a><\/p>\n\n\n\n<hr class=\"wp-block-separator\"\/>\n","protected":false},"excerpt":{"rendered":"","protected":false},"author":2,"featured_media":41759,"comment_status":"open","ping_status":"open","sticky":false,"template":"","format":"standard","meta":{"_acf_changed":false,"jetpack_post_was_ever_published":false,"_jetpack_newsletter_access":"","_jetpack_dont_email_post_to_subs":false,"_jetpack_newsletter_tier_id":0,"_jetpack_memberships_contains_paywalled_content":false,"_jetpack_memberships_contains_paid_content":false,"footnotes":"","jetpack_publicize_message":"","jetpack_publicize_feature_enabled":true,"jetpack_social_post_already_shared":true,"jetpack_social_options":{"image_generator_settings":{"template":"highway","default_image_id":0,"font":"","enabled":false},"version":2}},"categories":[21,3],"tags":[],"class_list":["post-41758","post","type-post","status-publish","format-standard","has-post-thumbnail","hentry","category-casopisi","category-novosti"],"acf":{"facebook_opis":""},"jetpack_publicize_connections":[],"jetpack_featured_media_url":"https:\/\/i0.wp.com\/historiografija.hr\/wp-content\/uploads\/2024\/07\/Acta.png?fit=547%2C100&ssl=1","jetpack_sharing_enabled":true,"jetpack-related-posts":[{"id":52580,"url":"https:\/\/historiografija.hr\/?p=52580","url_meta":{"origin":41758,"position":0},"title":"Conference &#8220;Living in the aftermaths: Trauma, politics and survival in Yugoslavia and successor states, 1945 \u2013 present&#8221;","author":"Branimir Jankovi\u0107","date":"21. travnja 2026.","format":false,"excerpt":"The conference aims to explore how war-related psychological distress was experienced, narrated, debated and reframed in Yugoslavia in the second half of the twentieth century. It asks how the theme of wounded psyche and wartime suffering was addressed and acknowledged in political, psychiatric and broader cultural discourses of socialist Yugoslavia,\u2026","rel":"","context":"U &quot;Novosti&quot;","block_context":{"text":"Novosti","link":"https:\/\/historiografija.hr\/?cat=3"},"img":{"alt_text":"","src":"https:\/\/i0.wp.com\/historiografija.hr\/wp-content\/uploads\/2026\/04\/Battle_of_Neretva_Picasso_poster-Conference-Living-in-the-aftermaths.webp?fit=564%2C954&ssl=1&resize=350%2C200","width":350,"height":200,"srcset":"https:\/\/i0.wp.com\/historiografija.hr\/wp-content\/uploads\/2026\/04\/Battle_of_Neretva_Picasso_poster-Conference-Living-in-the-aftermaths.webp?fit=564%2C954&ssl=1&resize=350%2C200 1x, https:\/\/i0.wp.com\/historiografija.hr\/wp-content\/uploads\/2026\/04\/Battle_of_Neretva_Picasso_poster-Conference-Living-in-the-aftermaths.webp?fit=564%2C954&ssl=1&resize=525%2C300 1.5x"},"classes":[]},{"id":52641,"url":"https:\/\/historiografija.hr\/?p=52641","url_meta":{"origin":41758,"position":1},"title":"CfP: WHO OWNS THE PAST? VERNACULAR MEMORY, STATE MEMORY, AND THE POLITICS OF OWNERSHIP","author":"Branimir Jankovi\u0107","date":"24. travnja 2026.","format":false,"excerpt":"VIENNA, 31ST AUGUST\u20133RD SEPTEMBER 2026 (DEADLINE: 24TH APRIL 2026) The Center for Austrian Studies at the European Forum at the Hebrew University and the Austrian Academy of Sciences\/Institute of Culture Studies invite early postdocs, PhD candidates, and advanced Master\u2019s students from the Hebrew University of Jerusalem and universities and academic\u2026","rel":"","context":"U &quot;Novosti&quot;","block_context":{"text":"Novosti","link":"https:\/\/historiografija.hr\/?cat=3"},"img":{"alt_text":"","src":"https:\/\/i0.wp.com\/historiografija.hr\/wp-content\/uploads\/2017\/10\/hsozkult.png?fit=1006%2C241&ssl=1&resize=350%2C200","width":350,"height":200,"srcset":"https:\/\/i0.wp.com\/historiografija.hr\/wp-content\/uploads\/2017\/10\/hsozkult.png?fit=1006%2C241&ssl=1&resize=350%2C200 1x, https:\/\/i0.wp.com\/historiografija.hr\/wp-content\/uploads\/2017\/10\/hsozkult.png?fit=1006%2C241&ssl=1&resize=525%2C300 1.5x, https:\/\/i0.wp.com\/historiografija.hr\/wp-content\/uploads\/2017\/10\/hsozkult.png?fit=1006%2C241&ssl=1&resize=700%2C400 2x"},"classes":[]},{"id":52586,"url":"https:\/\/historiografija.hr\/?p=52586","url_meta":{"origin":41758,"position":2},"title":"Aur\u00e9lie Daher, \u201eHezbollah: Mobilisation and Power\u201c","author":"Branimir Jankovi\u0107","date":"22. travnja 2026.","format":false,"excerpt":"Morning Star \u2018Book of the Year\u2019 Social movement, liberation party or terrorist group? With Hezbollah\u2019s growing involvement in the war in Syria, this study of its impact on Lebanon, drawing heavily on first-hand interviews, could not be more timely. Description Almost forty years after its foundation, Hezbollah remains an enigma.\u2026","rel":"","context":"U &quot;Knjige&quot;","block_context":{"text":"Knjige","link":"https:\/\/historiografija.hr\/?cat=8"},"img":{"alt_text":"","src":"https:\/\/i0.wp.com\/historiografija.hr\/wp-content\/uploads\/2026\/04\/Daher-Hezbollah.jpg?fit=600%2C931&ssl=1&resize=350%2C200","width":350,"height":200,"srcset":"https:\/\/i0.wp.com\/historiografija.hr\/wp-content\/uploads\/2026\/04\/Daher-Hezbollah.jpg?fit=600%2C931&ssl=1&resize=350%2C200 1x, https:\/\/i0.wp.com\/historiografija.hr\/wp-content\/uploads\/2026\/04\/Daher-Hezbollah.jpg?fit=600%2C931&ssl=1&resize=525%2C300 1.5x"},"classes":[]},{"id":52664,"url":"https:\/\/historiografija.hr\/?p=52664","url_meta":{"origin":41758,"position":3},"title":"CfP: CONFERENCE OF THE HISTORY OF CONCEPTS GROUP, HELSINKI, 19TH\u201321ST AUGUST 2026 (DEADLINE: 30TH APRIL 2026)","author":"Branimir Jankovi\u0107","date":"24. travnja 2026.","format":false,"excerpt":"The annual conference of the History of Concepts Group is held at the University of Helsinki, 19-21 August 2026. Conference of the History of Concepts Group Conceptual history studies the use of concepts and tries to understand how historical actors have linguistically articulated views of the world. Studying concepts from\u2026","rel":"","context":"U &quot;Novosti&quot;","block_context":{"text":"Novosti","link":"https:\/\/historiografija.hr\/?cat=3"},"img":{"alt_text":"","src":"https:\/\/i0.wp.com\/historiografija.hr\/wp-content\/uploads\/2017\/10\/hsozkult.png?fit=1006%2C241&ssl=1&resize=350%2C200","width":350,"height":200,"srcset":"https:\/\/i0.wp.com\/historiografija.hr\/wp-content\/uploads\/2017\/10\/hsozkult.png?fit=1006%2C241&ssl=1&resize=350%2C200 1x, https:\/\/i0.wp.com\/historiografija.hr\/wp-content\/uploads\/2017\/10\/hsozkult.png?fit=1006%2C241&ssl=1&resize=525%2C300 1.5x, https:\/\/i0.wp.com\/historiografija.hr\/wp-content\/uploads\/2017\/10\/hsozkult.png?fit=1006%2C241&ssl=1&resize=700%2C400 2x"},"classes":[]},{"id":52622,"url":"https:\/\/historiografija.hr\/?p=52622","url_meta":{"origin":41758,"position":4},"title":"Annual CAPONEU conference: Political Novel in Europe Between Democracy and Authoritarianism","author":"Branimir Jankovi\u0107","date":"23. travnja 2026.","format":false,"excerpt":"Caponeu event 22.04.2026 - 24.04.2026 Location: The Faculty of Polish and Classical Philology AMU (Fredry 10, Pozna\u0144)Organized by: Tomasz Mizerkiewicz, Krystyna Pieni\u0105\u017cek-Markovi\u0107, Anna Gawarecka, Ewa Szperlik, Magda Potok, B\u0142a\u017cej Warkocki, Gerard Ronge (all Adam Mickiewicz University in Pozna\u0144)Contact: gerron@amu.edu.pl The Adam Mickiewicz University team, as part of the international CAPONEU\u2026","rel":"","context":"U &quot;Novosti&quot;","block_context":{"text":"Novosti","link":"https:\/\/historiografija.hr\/?cat=3"},"img":{"alt_text":"","src":"https:\/\/i0.wp.com\/historiografija.hr\/wp-content\/uploads\/2026\/04\/Caponeu-political-novel.jpg?fit=500%2C261&ssl=1&resize=350%2C200","width":350,"height":200},"classes":[]},{"id":52516,"url":"https:\/\/historiografija.hr\/?p=52516","url_meta":{"origin":41758,"position":5},"title":"Marko Grde\u0161i\u0107, Mislav \u017ditko, \u201eSocialist Economics in Yugoslavia: A Critical History\u201c","author":"Branimir Jankovi\u0107","date":"17. travnja 2026.","format":false,"excerpt":"This book presents a critical history of Yugoslav socialist economics, from its inception in the late 1940s to its dissolution in the late 1980s. After the dramatic break with the Soviet Union in 1948, Yugoslavia found itself in urgent need of a third way: A socialist trajectory which would not\u2026","rel":"","context":"U &quot;Knjige&quot;","block_context":{"text":"Knjige","link":"https:\/\/historiografija.hr\/?cat=8"},"img":{"alt_text":"","src":"https:\/\/i0.wp.com\/historiografija.hr\/wp-content\/uploads\/2026\/04\/Zitko_Grdesic.jpg?fit=350%2C535&ssl=1&resize=350%2C200","width":350,"height":200},"classes":[]}],"_links":{"self":[{"href":"https:\/\/historiografija.hr\/index.php?rest_route=\/wp\/v2\/posts\/41758","targetHints":{"allow":["GET"]}}],"collection":[{"href":"https:\/\/historiografija.hr\/index.php?rest_route=\/wp\/v2\/posts"}],"about":[{"href":"https:\/\/historiografija.hr\/index.php?rest_route=\/wp\/v2\/types\/post"}],"author":[{"embeddable":true,"href":"https:\/\/historiografija.hr\/index.php?rest_route=\/wp\/v2\/users\/2"}],"replies":[{"embeddable":true,"href":"https:\/\/historiografija.hr\/index.php?rest_route=%2Fwp%2Fv2%2Fcomments&post=41758"}],"version-history":[{"count":1,"href":"https:\/\/historiografija.hr\/index.php?rest_route=\/wp\/v2\/posts\/41758\/revisions"}],"predecessor-version":[{"id":41760,"href":"https:\/\/historiografija.hr\/index.php?rest_route=\/wp\/v2\/posts\/41758\/revisions\/41760"}],"wp:featuredmedia":[{"embeddable":true,"href":"https:\/\/historiografija.hr\/index.php?rest_route=\/wp\/v2\/media\/41759"}],"wp:attachment":[{"href":"https:\/\/historiografija.hr\/index.php?rest_route=%2Fwp%2Fv2%2Fmedia&parent=41758"}],"wp:term":[{"taxonomy":"category","embeddable":true,"href":"https:\/\/historiografija.hr\/index.php?rest_route=%2Fwp%2Fv2%2Fcategories&post=41758"},{"taxonomy":"post_tag","embeddable":true,"href":"https:\/\/historiografija.hr\/index.php?rest_route=%2Fwp%2Fv2%2Ftags&post=41758"}],"curies":[{"name":"wp","href":"https:\/\/api.w.org\/{rel}","templated":true}]}}