{"id":41698,"date":"2024-07-23T21:35:28","date_gmt":"2024-07-23T21:35:28","guid":{"rendered":"http:\/\/historiografija.hr\/?p=41698"},"modified":"2024-07-24T08:18:50","modified_gmt":"2024-07-24T08:18:50","slug":"narod-hr-povjesnicar-jankovic-pisao-pavliceku-u-vezi-rodnih-studija-zasto-gusite-akademske-slobode","status":"publish","type":"post","link":"https:\/\/historiografija.hr\/?p=41698","title":{"rendered":"Narod.hr \u2013 \u201ePovjesni\u010dar Jankovi\u0107 pisao Pavli\u010deku u vezi Rodnih studija: Za\u0161to gu\u0161ite akademske slobode?\u201c"},"content":{"rendered":"\n<p>Portal Narod.hr komentirao je prilog urednika portala Historiografija.hr \u201eKolegijalna poruka politi\u010daru Marijanu Pavli\u010deku, jednom od glavnih protivnika Rodnih studija, koji je zavr\u0161io germanistiku i povijest na Filozofskom fakultetu u Zagrebu\u201c.<\/p>\n\n\n\n<hr class=\"wp-block-separator\"\/>\n\n\n\n<p>Op\u0161irnije:<\/p>\n\n\n\n<figure class=\"wp-block-embed-wordpress wp-block-embed is-type-wp-embed is-provider-narod-hr\"><div class=\"wp-block-embed__wrapper\">\n<blockquote class=\"wp-embedded-content\" data-secret=\"vAH9a0gMlI\"><a href=\"https:\/\/narod.hr\/hrvatska\/branimir-jankovic-uputio-pismo-pavliceku-u-vezi-rodnih-studija-zasto-gusite-akademske-slobode\">Povjesni\u010dar Jankovi\u0107 pisao Pavli\u010deku u vezi Rodnih studija: Za\u0161to gu\u0161ite akademske slobode?<\/a><\/blockquote><iframe loading=\"lazy\" class=\"wp-embedded-content\" sandbox=\"allow-scripts\" security=\"restricted\" style=\"position: absolute; clip: rect(1px, 1px, 1px, 1px);\" title=\"&#8220;Povjesni\u010dar Jankovi\u0107 pisao Pavli\u010deku u vezi Rodnih studija: Za\u0161to gu\u0161ite akademske slobode?&#8221; &#8212; narod.hr\" src=\"https:\/\/narod.hr\/hrvatska\/branimir-jankovic-uputio-pismo-pavliceku-u-vezi-rodnih-studija-zasto-gusite-akademske-slobode\/embed#?secret=2tupDJHPid#?secret=vAH9a0gMlI\" data-secret=\"vAH9a0gMlI\" width=\"600\" height=\"338\" frameborder=\"0\" marginwidth=\"0\" marginheight=\"0\" scrolling=\"no\"><\/iframe>\n<\/div><\/figure>\n\n\n\n<hr class=\"wp-block-separator\"\/>\n\n\n\n<figure class=\"wp-block-embed-wordpress wp-block-embed is-type-wp-embed is-provider-historiografija-hr\"><div class=\"wp-block-embed__wrapper\">\n<blockquote class=\"wp-embedded-content\" data-secret=\"JfGKpFkgJY\"><a href=\"https:\/\/historiografija.hr\/?p=41649\">Kolegijalna poruka politi\u010daru Marijanu Pavli\u010deku, jednom od glavnih protivnika Rodnih studija, koji je zavr\u0161io germanistiku i povijest na Filozofskom fakultetu u Zagrebu<\/a><\/blockquote><iframe loading=\"lazy\" class=\"wp-embedded-content\" sandbox=\"allow-scripts\" security=\"restricted\" style=\"position: absolute; clip: rect(1px, 1px, 1px, 1px);\" title=\"&#8220;Kolegijalna poruka politi\u010daru Marijanu Pavli\u010deku, jednom od glavnih protivnika Rodnih studija, koji je zavr\u0161io germanistiku i povijest na Filozofskom fakultetu u Zagrebu&#8221; &#8212; Historiografija.hr\" src=\"https:\/\/historiografija.hr\/?p=41649&#038;embed=true#?secret=JfGKpFkgJY\" data-secret=\"JfGKpFkgJY\" width=\"600\" height=\"338\" frameborder=\"0\" marginwidth=\"0\" marginheight=\"0\" scrolling=\"no\"><\/iframe>\n<\/div><\/figure>\n\n\n\n<hr class=\"wp-block-separator\"\/>\n\n\n\n<p>O pitanju iz komentara portala Narod.hr &#8220;<strong>\u0161to povjesni\u010dari i historiografija imaju s rodnim studijima?<\/strong>&#8221; pisali smo u jednom od na\u0161ih prethodnih priloga:<\/p>\n\n\n\n<hr class=\"wp-block-separator\"\/>\n\n\n\n<p>&#8220;Problematika nas se izravno historiografski ti\u010de i zbog toga jer je u predlo\u017eeni program izrijekom uklju\u010dena rodna povijest, u \u010demu sudjeluju na\u0161e kolegice povjesni\u010darke s Odsjeka za povijest Filozofskog fakulteta u Zagrebu koje se time ve\u0107 du\u017ee vremena bave. Povijest \u017eena i rodna povijest prisutne su u hrvatskoj historiografiji barem 40-ak godina, jo\u0161 tamo od 1980-ih godina.&#8221;<\/p>\n\n\n\n<hr class=\"wp-block-separator\"\/>\n\n\n\n<p>Op\u0161irnije:<\/p>\n\n\n\n<figure class=\"wp-block-embed-wordpress wp-block-embed is-type-wp-embed is-provider-historiografija-hr\"><div class=\"wp-block-embed__wrapper\">\n<blockquote class=\"wp-embedded-content\" data-secret=\"Y5eyYaY9MJ\"><a href=\"https:\/\/historiografija.hr\/?p=41572\">\u0160to dalje nakon upu\u0107ivanja Rodnih studija na novu proceduru prijave?<\/a><\/blockquote><iframe loading=\"lazy\" class=\"wp-embedded-content\" sandbox=\"allow-scripts\" security=\"restricted\" style=\"position: absolute; clip: rect(1px, 1px, 1px, 1px);\" title=\"&#8220;\u0160to dalje nakon upu\u0107ivanja Rodnih studija na novu proceduru prijave?&#8221; &#8212; Historiografija.hr\" src=\"https:\/\/historiografija.hr\/?p=41572&#038;embed=true#?secret=Y5eyYaY9MJ\" data-secret=\"Y5eyYaY9MJ\" width=\"600\" height=\"338\" frameborder=\"0\" marginwidth=\"0\" marginheight=\"0\" scrolling=\"no\"><\/iframe>\n<\/div><\/figure>\n\n\n\n<hr class=\"wp-block-separator\"\/>\n","protected":false},"excerpt":{"rendered":"","protected":false},"author":2,"featured_media":41506,"comment_status":"open","ping_status":"open","sticky":false,"template":"","format":"standard","meta":{"_acf_changed":false,"jetpack_post_was_ever_published":false,"_jetpack_newsletter_access":"","_jetpack_dont_email_post_to_subs":false,"_jetpack_newsletter_tier_id":0,"_jetpack_memberships_contains_paywalled_content":false,"_jetpack_memberships_contains_paid_content":false,"footnotes":"","jetpack_publicize_message":"","jetpack_publicize_feature_enabled":true,"jetpack_social_post_already_shared":true,"jetpack_social_options":{"image_generator_settings":{"template":"highway","default_image_id":0,"font":"","enabled":false},"version":2}},"categories":[3,17],"tags":[],"class_list":["post-41698","post","type-post","status-publish","format-standard","has-post-thumbnail","hentry","category-novosti","category-rasprave"],"acf":{"facebook_opis":""},"jetpack_publicize_connections":[],"jetpack_featured_media_url":"https:\/\/i0.wp.com\/historiografija.hr\/wp-content\/uploads\/2024\/07\/Rodna_povijest-1.jpg?fit=765%2C325&ssl=1","jetpack_sharing_enabled":true,"jetpack-related-posts":[],"_links":{"self":[{"href":"https:\/\/historiografija.hr\/index.php?rest_route=\/wp\/v2\/posts\/41698","targetHints":{"allow":["GET"]}}],"collection":[{"href":"https:\/\/historiografija.hr\/index.php?rest_route=\/wp\/v2\/posts"}],"about":[{"href":"https:\/\/historiografija.hr\/index.php?rest_route=\/wp\/v2\/types\/post"}],"author":[{"embeddable":true,"href":"https:\/\/historiografija.hr\/index.php?rest_route=\/wp\/v2\/users\/2"}],"replies":[{"embeddable":true,"href":"https:\/\/historiografija.hr\/index.php?rest_route=%2Fwp%2Fv2%2Fcomments&post=41698"}],"version-history":[{"count":6,"href":"https:\/\/historiografija.hr\/index.php?rest_route=\/wp\/v2\/posts\/41698\/revisions"}],"predecessor-version":[{"id":41713,"href":"https:\/\/historiografija.hr\/index.php?rest_route=\/wp\/v2\/posts\/41698\/revisions\/41713"}],"wp:featuredmedia":[{"embeddable":true,"href":"https:\/\/historiografija.hr\/index.php?rest_route=\/wp\/v2\/media\/41506"}],"wp:attachment":[{"href":"https:\/\/historiografija.hr\/index.php?rest_route=%2Fwp%2Fv2%2Fmedia&parent=41698"}],"wp:term":[{"taxonomy":"category","embeddable":true,"href":"https:\/\/historiografija.hr\/index.php?rest_route=%2Fwp%2Fv2%2Fcategories&post=41698"},{"taxonomy":"post_tag","embeddable":true,"href":"https:\/\/historiografija.hr\/index.php?rest_route=%2Fwp%2Fv2%2Ftags&post=41698"}],"curies":[{"name":"wp","href":"https:\/\/api.w.org\/{rel}","templated":true}]}}