{"id":41692,"date":"2024-07-22T17:37:33","date_gmt":"2024-07-22T17:37:33","guid":{"rendered":"http:\/\/historiografija.hr\/?p=41692"},"modified":"2024-07-22T17:37:33","modified_gmt":"2024-07-22T17:37:33","slug":"izlozba-damnatio-memoriae","status":"publish","type":"post","link":"https:\/\/historiografija.hr\/?p=41692","title":{"rendered":"Izlo\u017eba \u201eDamnatio memoriae\u201c"},"content":{"rendered":"\n<p>Izlo\u017eba fotografija Darija Petkovi\u0107a \u201eDamnatio memoriae\u201c odr\u017eava se od 10. srpnja do 18. kolovoza 2024. u\u00a0pulskoj galeriji Makina. Izlo\u017eba je dio popratnog programa 71. Pulskog filmskog festivala.<\/p>\n\n\n\n<hr class=\"wp-block-separator\"\/>\n\n\n\n<p>\u201ePosljednjih desetak godina istra\u017eujem ulogu fotografije u\u00a0prikazu dru\u0161tvenih trenutaka i\u00a0urbanog krajolika kao kulturolo\u0161ke kategorije, bilje\u017ee\u0107i povijesnu memoriju. Hrvatska, u\u00a0tranziciji ve\u0107 30 godina nakon raspada Jugoslavije, suo\u010dava se s\u00a0negacijom prethodnih dru\u0161tvenih vrijednosti i\u00a0povijesnim revizionizmom. Ta puknu\u0107a kontinuiteta ostavila su mnoge praznine u\u00a0dru\u0161tvenom tkivu, koje nastojim identificirati kroz svoj rad. Moje fotografije svjedo\u010danstvo su kontrole povijesti i\u00a0sje\u0107anja, nagla\u0161avaju\u0107i dru\u0161tveni konstrukt povijesne memorije. Fotografijom \u017eelim prikazati kako se odnosimo prema pro\u0161losti i\u00a0kako ta pro\u0161lost oblikuje na\u0161u sada\u0161njost i\u00a0budu\u0107nost. Cilj mi je osvijestiti gledatelje o\u00a0va\u017enosti kriti\u010dkog promi\u0161ljanja povijesti i\u00a0potaknuti ih da prepoznaju slo\u017eene odnose izme\u0111u pro\u0161lih doga\u0111aja i\u00a0njihovih suvremenih refleksija. Kroz medij fotografije poku\u0161avam dati aktivni doprinos propitivanju kako pro\u0161lost oblikuje na\u0161 identitet\u201c, pi\u0161e Petkovi\u0107.<\/p>\n\n\n\n<hr class=\"wp-block-separator\"\/>\n\n\n\n<p>Izvor:<\/p>\n\n\n\n<figure class=\"wp-block-embed-wordpress wp-block-embed is-type-wp-embed is-provider-kulturistra\"><div class=\"wp-block-embed__wrapper\">\n<blockquote class=\"wp-embedded-content\" data-secret=\"40MfBr23IE\"><a href=\"https:\/\/kulturistra.hr\/2024\/07\/71-pula-izlozba-darije-petkovica-damnatio-memoriae-u-galeriji-makina\/\">71. Pula: Izlo\u017eba Darija Petkovi\u0107a \u201eDamnatio memoriae\u201c u&nbsp;galeriji Makina<\/a><\/blockquote><iframe loading=\"lazy\" class=\"wp-embedded-content\" sandbox=\"allow-scripts\" security=\"restricted\" style=\"position: absolute; clip: rect(1px, 1px, 1px, 1px);\" title=\"&#8220;71. Pula: Izlo\u017eba Darija Petkovi\u0107a \u201eDamnatio memoriae\u201c u&nbsp;galeriji Makina&#8221; &#8212; Kulturistra\" src=\"https:\/\/kulturistra.hr\/2024\/07\/71-pula-izlozba-darije-petkovica-damnatio-memoriae-u-galeriji-makina\/embed\/#?secret=grDUFaYAxv#?secret=40MfBr23IE\" data-secret=\"40MfBr23IE\" width=\"600\" height=\"338\" frameborder=\"0\" marginwidth=\"0\" marginheight=\"0\" scrolling=\"no\"><\/iframe>\n<\/div><\/figure>\n\n\n\n<hr class=\"wp-block-separator\"\/>\n\n\n\n<p>Iz medija:<\/p>\n\n\n\n<p><a href=\"https:\/\/www.jutarnji.hr\/kultura\/art\/u-uvali-na-hrvatskom-otoku-na-napuhancu-se-kupaju-majka-i-djeca-ni-ne-slute-da-se-u-pozadini-krije-mracna-prica-15483654?cx_linkref=jl_home_najnovije\">https:\/\/www.jutarnji.hr\/kultura\/art\/u-uvali-na-hrvatskom-otoku-na-napuhancu-se-kupaju-majka-i-djeca-ni-ne-slute-da-se-u-pozadini-krije-mracna-prica-15483654<\/a><\/p>\n\n\n\n<hr class=\"wp-block-separator\"\/>\n","protected":false},"excerpt":{"rendered":"","protected":false},"author":2,"featured_media":41693,"comment_status":"open","ping_status":"open","sticky":false,"template":"","format":"standard","meta":{"_acf_changed":false,"jetpack_post_was_ever_published":false,"_jetpack_newsletter_access":"","_jetpack_dont_email_post_to_subs":false,"_jetpack_newsletter_tier_id":0,"_jetpack_memberships_contains_paywalled_content":false,"_jetpack_memberships_contains_paid_content":false,"footnotes":"","jetpack_publicize_message":"","jetpack_publicize_feature_enabled":true,"jetpack_social_post_already_shared":true,"jetpack_social_options":{"image_generator_settings":{"template":"highway","default_image_id":0,"font":"","enabled":false},"version":2}},"categories":[10,3],"tags":[],"class_list":["post-41692","post","type-post","status-publish","format-standard","has-post-thumbnail","hentry","category-izlozbe","category-novosti"],"acf":{"facebook_opis":""},"jetpack_publicize_connections":[],"jetpack_featured_media_url":"https:\/\/i0.wp.com\/historiografija.hr\/wp-content\/uploads\/2024\/07\/Darije-Petkovic-Damnatio-memoriae.jpg?fit=1024%2C1109&ssl=1","jetpack_sharing_enabled":true,"jetpack-related-posts":[],"_links":{"self":[{"href":"https:\/\/historiografija.hr\/index.php?rest_route=\/wp\/v2\/posts\/41692","targetHints":{"allow":["GET"]}}],"collection":[{"href":"https:\/\/historiografija.hr\/index.php?rest_route=\/wp\/v2\/posts"}],"about":[{"href":"https:\/\/historiografija.hr\/index.php?rest_route=\/wp\/v2\/types\/post"}],"author":[{"embeddable":true,"href":"https:\/\/historiografija.hr\/index.php?rest_route=\/wp\/v2\/users\/2"}],"replies":[{"embeddable":true,"href":"https:\/\/historiografija.hr\/index.php?rest_route=%2Fwp%2Fv2%2Fcomments&post=41692"}],"version-history":[{"count":1,"href":"https:\/\/historiografija.hr\/index.php?rest_route=\/wp\/v2\/posts\/41692\/revisions"}],"predecessor-version":[{"id":41694,"href":"https:\/\/historiografija.hr\/index.php?rest_route=\/wp\/v2\/posts\/41692\/revisions\/41694"}],"wp:featuredmedia":[{"embeddable":true,"href":"https:\/\/historiografija.hr\/index.php?rest_route=\/wp\/v2\/media\/41693"}],"wp:attachment":[{"href":"https:\/\/historiografija.hr\/index.php?rest_route=%2Fwp%2Fv2%2Fmedia&parent=41692"}],"wp:term":[{"taxonomy":"category","embeddable":true,"href":"https:\/\/historiografija.hr\/index.php?rest_route=%2Fwp%2Fv2%2Fcategories&post=41692"},{"taxonomy":"post_tag","embeddable":true,"href":"https:\/\/historiografija.hr\/index.php?rest_route=%2Fwp%2Fv2%2Ftags&post=41692"}],"curies":[{"name":"wp","href":"https:\/\/api.w.org\/{rel}","templated":true}]}}