{"id":41683,"date":"2024-07-22T17:24:32","date_gmt":"2024-07-22T17:24:32","guid":{"rendered":"http:\/\/historiografija.hr\/?p=41683"},"modified":"2024-07-22T17:24:57","modified_gmt":"2024-07-22T17:24:57","slug":"hana-levi-iz-belzena-1944-1945","status":"publish","type":"post","link":"https:\/\/historiografija.hr\/?p=41683","title":{"rendered":"Hana Levi, \u201eIz Belzena: 1944\u20131945.\u201c"},"content":{"rendered":"\n<p><em>Zar \u010dovek treba da postane bestija, divlja zver, ako \u017eeli da se odr\u017ei u \u017eivotu? Ina\u010de treba da propadne? Po tome bi zna\u010dilo da mi koji se ovako ne borimo i ne slu\u017eimo se tim zverskim neskrupuloznim sredstvima \u2013 da smo nesposobni za \u017eivot i osu\u0111eni na propadanje?&#8230; Ne znam&#8230; Je li to prirodni zakon celog \u017eivotinjskog sveta? Izgleda.<\/em><\/p>\n\n\n\n<hr class=\"wp-block-separator\"\/>\n\n\n\n<p>&#8220;Hanin dnevnik je kona\u010dno objavljen u Sarajevu, njenom rodnom gradu. (\u2026) On ne svedo\u010di samo o \u017eivotu u logoru i strahotama nacisti\u010dkog sveta (\u2026) On nas podse\u0107a na zaboravljenu matricu mogu\u0107nosti, nezavr\u0161enosti politi\u010dkog projekta pravednog dru\u0161tva, va\u017enosti politi\u010dkog anga\u017eovanja bez cinizma i zadnjih namera.&#8221;<\/p>\n\n\n\n<p>Emil Kerenji<\/p>\n\n\n\n<hr class=\"wp-block-separator\"\/>\n\n\n\n<p>&#8220;Emigrirala je u Izrael krajem 1948. godine, a pitanje &#8216;za\u0161to&#8217; po meni je klju\u010dno i najva\u017enije pitanje vezano uz njenu biografiju: naro\u010dito je relevantno za objavu njenog dnevnika na bosanskom, koji je Hana zapo\u010dela pisati u logoru Bergen\u2011Belsen na sjeveru Njema\u010dke u ljeto 1944, prije ta\u010dno osamdeset godina.&#8221;<\/p>\n\n\n\n<p>Amira Hass<\/p>\n\n\n\n<hr class=\"wp-block-separator\"\/>\n\n\n\n<p>Izdava\u010d: Buybook<\/p>\n\n\n\n<p>Godina izdanja: 2024<\/p>\n\n\n\n<p>Broj stranica: 99<\/p>\n\n\n\n<hr class=\"wp-block-separator\"\/>\n\n\n\n<p><strong>Hana Levi<\/strong> je ro\u0111ena u jevrejskoj porodici u Sarajevu 1913. godine. Studirala je u Beogradu 1930-ih. Njema\u010dke okupacione snage su je zarobile 1944. i provela je pola godine u zatvoru Gestapoa prije nego \u0161to je odvedena u Bergen-Belsen, koncentracioni logor u Njema\u010dkoj, gdje su gladovanje i bolesti rezultirale masovnom smr\u0107u. Njen dnevnik <em>Iz Belzena: 1944\u20131945.,<\/em> koji dokumentuje vrijeme provedeno u Bergen-Belsenu, prvi put je objavljen na engleskom 1982. godine. Prvi put na izvornom jeziku ga je objavila sarajevska izdava\u010dka ku\u0107a Buybook 2024. godine. Hana Levi je umrla u Jerusalemu, u dobi od 88 godina.<\/p>\n\n\n\n<hr class=\"wp-block-separator\"\/>\n\n\n\n<p>Izvori i dodatne obavijesti o knjizi:<\/p>\n\n\n\n<p><a href=\"https:\/\/buybook.ba\/proizvod\/iz-belzena-1944-1945-5976\">https:\/\/buybook.ba\/proizvod\/iz-belzena-1944-1945-5976<\/a><\/p>\n\n\n\n<p><a href=\"https:\/\/historiografija.ba\/article.php?id=2623\">https:\/\/historiografija.ba\/article.php?id=2623<\/a><\/p>\n\n\n\n<p><a href=\"https:\/\/historiografija.ba\/article.php?id=2649\">https:\/\/historiografija.ba\/article.php?id=2649<\/a><\/p>\n\n\n\n<hr class=\"wp-block-separator\"\/>\n","protected":false},"excerpt":{"rendered":"","protected":false},"author":2,"featured_media":41684,"comment_status":"open","ping_status":"open","sticky":false,"template":"","format":"standard","meta":{"_acf_changed":false,"jetpack_post_was_ever_published":false,"_jetpack_newsletter_access":"","_jetpack_dont_email_post_to_subs":false,"_jetpack_newsletter_tier_id":0,"_jetpack_memberships_contains_paywalled_content":false,"_jetpack_memberships_contains_paid_content":false,"footnotes":"","jetpack_publicize_message":"","jetpack_publicize_feature_enabled":true,"jetpack_social_post_already_shared":true,"jetpack_social_options":{"image_generator_settings":{"template":"highway","default_image_id":0,"font":"","enabled":false},"version":2}},"categories":[8,3],"tags":[],"class_list":["post-41683","post","type-post","status-publish","format-standard","has-post-thumbnail","hentry","category-knjige","category-novosti"],"acf":{"facebook_opis":""},"jetpack_publicize_connections":[],"jetpack_featured_media_url":"https:\/\/i0.wp.com\/historiografija.hr\/wp-content\/uploads\/2024\/07\/Hana-Levi.jpg?fit=1625%2C2550&ssl=1","jetpack_sharing_enabled":true,"jetpack-related-posts":[],"_links":{"self":[{"href":"https:\/\/historiografija.hr\/index.php?rest_route=\/wp\/v2\/posts\/41683","targetHints":{"allow":["GET"]}}],"collection":[{"href":"https:\/\/historiografija.hr\/index.php?rest_route=\/wp\/v2\/posts"}],"about":[{"href":"https:\/\/historiografija.hr\/index.php?rest_route=\/wp\/v2\/types\/post"}],"author":[{"embeddable":true,"href":"https:\/\/historiografija.hr\/index.php?rest_route=\/wp\/v2\/users\/2"}],"replies":[{"embeddable":true,"href":"https:\/\/historiografija.hr\/index.php?rest_route=%2Fwp%2Fv2%2Fcomments&post=41683"}],"version-history":[{"count":2,"href":"https:\/\/historiografija.hr\/index.php?rest_route=\/wp\/v2\/posts\/41683\/revisions"}],"predecessor-version":[{"id":41686,"href":"https:\/\/historiografija.hr\/index.php?rest_route=\/wp\/v2\/posts\/41683\/revisions\/41686"}],"wp:featuredmedia":[{"embeddable":true,"href":"https:\/\/historiografija.hr\/index.php?rest_route=\/wp\/v2\/media\/41684"}],"wp:attachment":[{"href":"https:\/\/historiografija.hr\/index.php?rest_route=%2Fwp%2Fv2%2Fmedia&parent=41683"}],"wp:term":[{"taxonomy":"category","embeddable":true,"href":"https:\/\/historiografija.hr\/index.php?rest_route=%2Fwp%2Fv2%2Fcategories&post=41683"},{"taxonomy":"post_tag","embeddable":true,"href":"https:\/\/historiografija.hr\/index.php?rest_route=%2Fwp%2Fv2%2Ftags&post=41683"}],"curies":[{"name":"wp","href":"https:\/\/api.w.org\/{rel}","templated":true}]}}