{"id":41675,"date":"2024-07-19T13:56:17","date_gmt":"2024-07-19T13:56:17","guid":{"rendered":"http:\/\/historiografija.hr\/?p=41675"},"modified":"2024-07-19T13:56:17","modified_gmt":"2024-07-19T13:56:17","slug":"branko-somen-molitva-za-jasenovac","status":"publish","type":"post","link":"https:\/\/historiografija.hr\/?p=41675","title":{"rendered":"Branko \u0160\u00f6men, \u201eMolitva za Jasenovac\u201c"},"content":{"rendered":"\n<p>Ljudski \u017eivot i dostojanstvo, ono \u0161to je najva\u017enije, u logoru smrti postaju ni\u0161ta, nevrijedni i ni\u0161tavni; \u010dovjeka se iskori\u0161tava kao radnu snagu ili \u010dak ni to. Jedan od najokrutnijih logora smrti bio je Jasenovac. Branko \u0160\u00f6men u svojoj knjizi pri\u010da <em>Molitva za Jasenovac <\/em>pripovijeda glasom ubijenih, glasom nestalih, onih koji svoju pri\u010du nisu mogli prenijeti. Pri\u010de u ovoj&nbsp;zbirci govore o u\u017easima koje \u010dovjek mo\u017ee u\u010diniti \u010dovjeku samo zato \u0161to je ovaj druge vjere, druge boje ko\u017ee, samo zato \u0161to je politi\u010dki neprijatelj ili jer se usudi misliti. Branko \u0160\u00f6men jasno do\u010darava moralni i ljudski sunovrat, pokazuje lice i mu\u010ditelja, i onih koji im poma\u017eu, ali nadasve \u017ertava \u2013 njihove muke, bilo da je rije\u010d o Srbima, Romima, komunistima, slobodnim zidarima ili pak katoli\u010dkim sve\u0107enicima. <em>Molitva za Jasenovac<\/em> krik je o u\u017easu koji se mo\u017ee ponoviti danas lak\u0161e no ikad.<\/p>\n\n\n\n<p>\u201cIzme\u0111u baraka i \u017ei\u010dane ograde, po nezaustavljivoj ki\u0161i i slaboj magli, vukla se grupa logora\u0161a, u blatu do koljena, u zemlji do grla, nasmrt prepla\u0161eni, da\u0161\u0107u\u0107i jedni drugima u le\u0111a. Sprijeda je hodao \u010dovjek s crnim \u0161e\u0161irom, sa strane usta\u0161e s psovkama na ustima, koji su premla\u0107ivali ljude shodno njihovim krikovima i molbama da im se smiluju. Vodili su ih na nasip s kojeg se uglavnom nisu vra\u0107ali. Vrana na \u017eici gledala je za njima, \u0161utke, premje\u0161tala se s noge na nogu i poletjela prema Savi da bude prva na mjestu zlo\u010dina.\u201d<\/p>\n\n\n\n<hr class=\"wp-block-separator\"\/>\n\n\n\n<p><strong>Branko \u0160\u00f6men<\/strong> ro\u0111en je u Mariboru 1. travnja 1936. Studirao je komparativnu knji\u017eevnost na Filozofskom fakultetu u Ljubljani. Radio kao novinar i komentator na Radio Ljubljani (1958. \u2013 1987.), predavao na zagreba\u010dkoj Akademiji dramske umjetnosti 1988. \u2013 1999. U knji\u017eevnosti se javio pjesni\u010dkim zbirkama (<em>Lipov bog<\/em>, 1971.; <em>Prekomurski rukopis<\/em> \u2013 <em>Prekmurski rokopis<\/em>, 1976.; <em>Mu\u0161ke ikre<\/em> \u2013 <em>Mo\u0161ke ikre<\/em>, 1982.) i humoreskama (<em>Crveni smijeh<\/em> \u2013 <em>Rde\u010di smeh<\/em>, 1970.). Pisao je televizijske (<em>Kraj ljeta<\/em> \u2013 <em>Konec poletja<\/em>, 1968.) te filmske scenarije (<em>Posljednja postaja<\/em> Jo\u017ee Babi\u010da, 1971.; <em>Let mrtve ptice<\/em> \u017divojina Pavlovi\u0107a, 1973.; <em>Bijele trave<\/em> Bo\u0161tjana Hladnika, 1976.; <em>Samo jednom se ljubi<\/em> Rajka Grli\u0107a, 1981.; <em>Crveni boogie<\/em> Karpa Godine, 1982.). Autor je romana <em>Peto godi\u0161nje doba<\/em> (1977.), <em>Med u kosi<\/em> (1978.), <em>Panonsko more<\/em> (1981.), <em>Hod po vodi<\/em> (1990.) i psiholo\u0161ke pripovijesti<em> Koncert za samo\u0107u<\/em> (1986.) i <em>Usporedno nebo<\/em> (1990.). U monografiji<em> Amenkamen<\/em> (2001.) prikazao je povijest slobodnoga zidarstva.<\/p>\n\n\n\n<hr class=\"wp-block-separator\"\/>\n\n\n\n<p>Jezik izvornika: slovenski<\/p>\n\n\n\n<p>Prijevod: Bo\u017eidar Brezin\u0161\u010dak Bagola<\/p>\n\n\n\n<p>Broj stranica: 160<\/p>\n\n\n\n<p>Datum izdanja: studeni 2023.<\/p>\n\n\n\n<hr class=\"wp-block-separator\"\/>\n\n\n\n<p>Izvor:<\/p>\n\n\n\n<p><a href=\"https:\/\/fraktura.hr\/molitva-za-jasenovac.html\">https:\/\/fraktura.hr\/molitva-za-jasenovac.html<\/a><\/p>\n\n\n\n<hr class=\"wp-block-separator\"\/>\n\n\n\n<p>Obavijest je objavljena i na portalu <strong>Historiografija.ba<\/strong>:<\/p>\n\n\n\n<p><a href=\"https:\/\/historiografija.ba\/article.php?id=2102\">https:\/\/historiografija.ba\/article.php?id=2102<\/a><\/p>\n\n\n\n<hr class=\"wp-block-separator\"\/>\n\n\n\n<p>Iz medija:<\/p>\n\n\n\n<figure class=\"wp-block-embed-wordpress wp-block-embed is-type-wp-embed is-provider-nacional-hr\"><div class=\"wp-block-embed__wrapper\">\n<blockquote class=\"wp-embedded-content\" data-secret=\"BChQqwDEvo\"><a href=\"https:\/\/www.nacional.hr\/zelio-sam-objaviti-knjigu-o-jasenovcu-ali-nitko-to-ne-zeli-kao-ni-snimiti-seriju-o-logoru\/\">&#8216;\u017delio sam objaviti knjigu o Jasenovcu, ali nitko to ne \u017eeli, kao ni snimiti seriju o logoru&#8217;<\/a><\/blockquote><iframe loading=\"lazy\" class=\"wp-embedded-content\" sandbox=\"allow-scripts\" security=\"restricted\" style=\"position: absolute; clip: rect(1px, 1px, 1px, 1px);\" title=\"&#8220;&#8216;\u017delio sam objaviti knjigu o Jasenovcu, ali nitko to ne \u017eeli, kao ni snimiti seriju o logoru&#8217;&#8221; &#8212; NACIONAL.HR\" src=\"https:\/\/www.nacional.hr\/zelio-sam-objaviti-knjigu-o-jasenovcu-ali-nitko-to-ne-zeli-kao-ni-snimiti-seriju-o-logoru\/embed\/#?secret=ZPghh8l43u#?secret=BChQqwDEvo\" data-secret=\"BChQqwDEvo\" width=\"600\" height=\"338\" frameborder=\"0\" marginwidth=\"0\" marginheight=\"0\" scrolling=\"no\"><\/iframe>\n<\/div><\/figure>\n\n\n\n<hr class=\"wp-block-separator\"\/>\n","protected":false},"excerpt":{"rendered":"","protected":false},"author":2,"featured_media":41676,"comment_status":"open","ping_status":"open","sticky":false,"template":"","format":"standard","meta":{"_acf_changed":false,"jetpack_post_was_ever_published":false,"_jetpack_newsletter_access":"","_jetpack_dont_email_post_to_subs":false,"_jetpack_newsletter_tier_id":0,"_jetpack_memberships_contains_paywalled_content":false,"_jetpack_memberships_contains_paid_content":false,"footnotes":"","jetpack_publicize_message":"","jetpack_publicize_feature_enabled":true,"jetpack_social_post_already_shared":true,"jetpack_social_options":{"image_generator_settings":{"template":"highway","default_image_id":0,"font":"","enabled":false},"version":2}},"categories":[3,12],"tags":[],"class_list":["post-41675","post","type-post","status-publish","format-standard","has-post-thumbnail","hentry","category-novosti","category-knjizevnost"],"acf":{"facebook_opis":""},"jetpack_publicize_connections":[],"jetpack_featured_media_url":"https:\/\/i0.wp.com\/historiografija.hr\/wp-content\/uploads\/2024\/07\/Molitva_za_Jasenovac.jpg?fit=410%2C610&ssl=1","jetpack_sharing_enabled":true,"jetpack-related-posts":[],"_links":{"self":[{"href":"https:\/\/historiografija.hr\/index.php?rest_route=\/wp\/v2\/posts\/41675","targetHints":{"allow":["GET"]}}],"collection":[{"href":"https:\/\/historiografija.hr\/index.php?rest_route=\/wp\/v2\/posts"}],"about":[{"href":"https:\/\/historiografija.hr\/index.php?rest_route=\/wp\/v2\/types\/post"}],"author":[{"embeddable":true,"href":"https:\/\/historiografija.hr\/index.php?rest_route=\/wp\/v2\/users\/2"}],"replies":[{"embeddable":true,"href":"https:\/\/historiografija.hr\/index.php?rest_route=%2Fwp%2Fv2%2Fcomments&post=41675"}],"version-history":[{"count":1,"href":"https:\/\/historiografija.hr\/index.php?rest_route=\/wp\/v2\/posts\/41675\/revisions"}],"predecessor-version":[{"id":41677,"href":"https:\/\/historiografija.hr\/index.php?rest_route=\/wp\/v2\/posts\/41675\/revisions\/41677"}],"wp:featuredmedia":[{"embeddable":true,"href":"https:\/\/historiografija.hr\/index.php?rest_route=\/wp\/v2\/media\/41676"}],"wp:attachment":[{"href":"https:\/\/historiografija.hr\/index.php?rest_route=%2Fwp%2Fv2%2Fmedia&parent=41675"}],"wp:term":[{"taxonomy":"category","embeddable":true,"href":"https:\/\/historiografija.hr\/index.php?rest_route=%2Fwp%2Fv2%2Fcategories&post=41675"},{"taxonomy":"post_tag","embeddable":true,"href":"https:\/\/historiografija.hr\/index.php?rest_route=%2Fwp%2Fv2%2Ftags&post=41675"}],"curies":[{"name":"wp","href":"https:\/\/api.w.org\/{rel}","templated":true}]}}