{"id":41666,"date":"2024-07-18T20:47:28","date_gmt":"2024-07-18T20:47:28","guid":{"rendered":"http:\/\/historiografija.hr\/?p=41666"},"modified":"2024-07-18T20:47:28","modified_gmt":"2024-07-18T20:47:28","slug":"71-pulski-filmski-festival-nagrade-hrvatskim-filmovima-povijesne-tematike","status":"publish","type":"post","link":"https:\/\/historiografija.hr\/?p=41666","title":{"rendered":"71. Pulski filmski festival \u2013 nagrade hrvatskim filmovima povijesne tematike"},"content":{"rendered":"\n<p>Na 71. Pulskom filmskom festivalu nagra\u0111eni su hrvatski filmovi povijesne tematike, posebice film \u201eProslava\u201c, zatim &#8220;Sveta obitelj&#8221; i na koncu \u201eBo\u017eji gnjev\u201c i \u201eSvemu do\u0111e kraj\u201c.<\/p>\n\n\n\n<hr class=\"wp-block-separator\"\/>\n\n\n\n<p>Op\u0161irnije:<\/p>\n\n\n\n<p><a href=\"https:\/\/magazin.hrt.hr\/kultura\/pula-filmi-festival-zlatne-arene-11665194\">https:\/\/magazin.hrt.hr\/kultura\/pula-filmi-festival-zlatne-arene-11665194<\/a><\/p>\n\n\n\n<p><a href=\"https:\/\/pulafilmfestival.hr\/pobjednici-pule-filmu-proslava-velika-zlatna-arena-silvestru-kolbasu-rezija-najbolji-glumci-bernard-tomic-i-lana-baric\/\">https:\/\/pulafilmfestival.hr\/pobjednici-pule-filmu-proslava-velika-zlatna-arena-silvestru-kolbasu-rezija-najbolji-glumci-bernard-tomic-i-lana-baric\/<\/a><\/p>\n\n\n\n<hr class=\"wp-block-separator\"\/>\n\n\n\n<p>O filmovima:<\/p>\n\n\n\n<p><a href=\"https:\/\/pulafilmfestival.hr\/hrvatski-film\/proslava\/\">https:\/\/pulafilmfestival.hr\/hrvatski-film\/proslava\/<\/a><\/p>\n\n\n\n<p><a href=\"https:\/\/pulafilmfestival.hr\/hrvatski-film\/sveta-obitelj\/\">https:\/\/pulafilmfestival.hr\/hrvatski-film\/sveta-obitelj\/<\/a><\/p>\n\n\n\n<p><a href=\"https:\/\/pulafilmfestival.hr\/hrvatski-film\/bozji-gnjev\/\">https:\/\/pulafilmfestival.hr\/hrvatski-film\/bozji-gnjev\/<\/a><\/p>\n\n\n\n<p><a href=\"https:\/\/pulafilmfestival.hr\/hrvatski-film\/svemu-dode-kraj\/\">https:\/\/pulafilmfestival.hr\/hrvatski-film\/svemu-dode-kraj\/<\/a><\/p>\n\n\n\n<hr class=\"wp-block-separator\"\/>\n\n\n\n<p>Kritike filma \u201eProslava\u201c:<\/p>\n\n\n\n<p><a href=\"https:\/\/www.telegram.hr\/kultura\/pogledali-smo-proslavu-adaptacija-hvaljenog-karakaseva-romana-jedan-je-od-impresivnijih-domacih-filmova-u-zadnje-vrijeme\/\">https:\/\/www.telegram.hr\/kultura\/pogledali-smo-proslavu-adaptacija-hvaljenog-karakaseva-romana-jedan-je-od-impresivnijih-domacih-filmova-u-zadnje-vrijeme\/<\/a><\/p>\n\n\n\n<p><a href=\"https:\/\/www.jutarnji.hr\/kultura\/film-i-televizija\/film-proslava-zavrsava-razdraganom-hrvatskom-masom-koja-klice-pavelicu-gledatelju-te-scene-pobuduju-stid-no-taj-stid-je-licemjeran-15483450\">https:\/\/www.jutarnji.hr\/kultura\/film-i-televizija\/film-proslava-zavrsava-razdraganom-hrvatskom-masom-koja-klice-pavelicu-gledatelju-te-scene-pobuduju-stid-no-taj-stid-je-licemjeran-15483450<\/a><\/p>\n\n\n\n<p><a href=\"https:\/\/www.tportal.hr\/kultura\/clanak\/proslava-je-mracan-turoban-i-potresan-film-o-njemu-necete-moci-prestati-razmisljati-20240713\">https:\/\/www.tportal.hr\/kultura\/clanak\/proslava-je-mracan-turoban-i-potresan-film-o-njemu-necete-moci-prestati-razmisljati-20240713<\/a><\/p>\n\n\n\n<hr class=\"wp-block-separator\"\/>\n\n\n\n<p>Kritike filma \u201eSveta obitelj\u201c:<\/p>\n\n\n\n<p><a href=\"https:\/\/www.tportal.hr\/kultura\/clanak\/sveta-obitelj-slavonska-toksicna-muzevnost-u-filmu-vlatke-vorkapic-foto-20240715\">https:\/\/www.tportal.hr\/kultura\/clanak\/sveta-obitelj-slavonska-toksicna-muzevnost-u-filmu-vlatke-vorkapic-foto-20240715<\/a><\/p>\n\n\n\n<p><a href=\"https:\/\/www.jutarnji.hr\/kultura\/film-i-televizija\/film-se-odvija-na-selu-onakvom-naspram-kojeg-i-deveti-kat-u-zaprudu-izgleda-poput-beverly-hillsa-15402904\">https:\/\/www.jutarnji.hr\/kultura\/film-i-televizija\/film-se-odvija-na-selu-onakvom-naspram-kojeg-i-deveti-kat-u-zaprudu-izgleda-poput-beverly-hillsa-15402904<\/a><\/p>\n\n\n\n<p><a href=\"https:\/\/www.portalnovosti.com\/obiteljska-misolovka\">https:\/\/www.portalnovosti.com\/obiteljska-misolovka<\/a><\/p>\n\n\n\n<p><a href=\"https:\/\/slobodnadalmacija.hr\/kultura\/film-tv\/sveta-obitelj-kome-opanci-kome-obojci-1348160\">https:\/\/slobodnadalmacija.hr\/kultura\/film-tv\/sveta-obitelj-kome-opanci-kome-obojci-1348160<\/a><\/p>\n\n\n\n<figure class=\"wp-block-embed-wordpress wp-block-embed is-type-wp-embed is-provider-kulturpunkt\"><div class=\"wp-block-embed__wrapper\">\n<blockquote class=\"wp-embedded-content\" data-secret=\"tDoWvSNWMs\"><a href=\"https:\/\/kulturpunkt.hr\/kritika\/jalovi-defetizam-i-agresivno-moraliziranje\/\">Jalovi defetizam i agresivno moraliziranje<\/a><\/blockquote><iframe loading=\"lazy\" class=\"wp-embedded-content\" sandbox=\"allow-scripts\" security=\"restricted\" style=\"position: absolute; clip: rect(1px, 1px, 1px, 1px);\" title=\"&#8220;Jalovi defetizam i agresivno moraliziranje&#8221; &#8212; Kulturpunkt\" src=\"https:\/\/kulturpunkt.hr\/kritika\/jalovi-defetizam-i-agresivno-moraliziranje\/embed\/#?secret=0SnFW2Bziq#?secret=tDoWvSNWMs\" data-secret=\"tDoWvSNWMs\" width=\"600\" height=\"338\" frameborder=\"0\" marginwidth=\"0\" marginheight=\"0\" scrolling=\"no\"><\/iframe>\n<\/div><\/figure>\n\n\n\n<figure class=\"wp-block-embed-wordpress wp-block-embed is-type-wp-embed is-provider-zona-filma\"><div class=\"wp-block-embed__wrapper\">\n<blockquote class=\"wp-embedded-content\" data-secret=\"h1jGPSvjSh\"><a href=\"https:\/\/zonafilma.com\/u-ime-oca-i-sina-i-duha-kastriranoga\/\">U ime oca i sina i duha kastriranoga<\/a><\/blockquote><iframe loading=\"lazy\" class=\"wp-embedded-content\" sandbox=\"allow-scripts\" security=\"restricted\" style=\"position: absolute; clip: rect(1px, 1px, 1px, 1px);\" title=\"&#8220;U ime oca i sina i duha kastriranoga&#8221; &#8212; Zona Filma\" src=\"https:\/\/zonafilma.com\/u-ime-oca-i-sina-i-duha-kastriranoga\/embed\/#?secret=1jq6ZKtSmh#?secret=h1jGPSvjSh\" data-secret=\"h1jGPSvjSh\" width=\"600\" height=\"338\" frameborder=\"0\" marginwidth=\"0\" marginheight=\"0\" scrolling=\"no\"><\/iframe>\n<\/div><\/figure>\n\n\n\n<hr class=\"wp-block-separator\"\/>\n\n\n\n<p>Kritike filma \u201eBo\u017eji gnjev\u201c:<\/p>\n\n\n\n<p><a href=\"https:\/\/www.jutarnji.hr\/kultura\/film-i-televizija\/istraga-bratove-pogibije-u-bosni-vodi-ga-u-zagreb-upleteni-su-i-uglednici-katolicke-crkve-film-ima-sumornu-sjetu-15482885\">https:\/\/www.jutarnji.hr\/kultura\/film-i-televizija\/istraga-bratove-pogibije-u-bosni-vodi-ga-u-zagreb-upleteni-su-i-uglednici-katolicke-crkve-film-ima-sumornu-sjetu-15482885<\/a><\/p>\n\n\n\n<hr class=\"wp-block-separator\"\/>\n\n\n\n<p>Kritike filma \u201eSvemu do\u0111e kraj\u201c:<\/p>\n\n\n\n<p><a href=\"https:\/\/www.telegram.hr\/kultura\/novi-film-rajka-grlic-hrabar-je-i-vazan-krik-protiv-ere-opsesivnog-zaborava\/\">https:\/\/www.telegram.hr\/kultura\/novi-film-rajka-grlic-hrabar-je-i-vazan-krik-protiv-ere-opsesivnog-zaborava\/<\/a><\/p>\n\n\n\n<p><a href=\"https:\/\/www.telegram.hr\/kultura\/novi-film-rajka-grlica-ljubavna-je-prica-zaogrnuta-ruhom-angaziranog-socijalnog-trilera-najveci-adut-ostavljen-je-za-kraj\/\">https:\/\/www.telegram.hr\/kultura\/novi-film-rajka-grlica-ljubavna-je-prica-zaogrnuta-ruhom-angaziranog-socijalnog-trilera-najveci-adut-ostavljen-je-za-kraj\/<\/a><\/p>\n\n\n\n<p><a href=\"https:\/\/www.jutarnji.hr\/kultura\/film-i-televizija\/burzoazija-je-kriva-za-sva-sr-nja-othranili-su-cudoviste-ali-znate-li-tko-na-kraju-provede-pravdu-satarom-15481971\">https:\/\/www.jutarnji.hr\/kultura\/film-i-televizija\/burzoazija-je-kriva-za-sva-sr-nja-othranili-su-cudoviste-ali-znate-li-tko-na-kraju-provede-pravdu-satarom-15481971<\/a><\/p>\n\n\n\n<p><a href=\"https:\/\/www.istra24.hr\/kultura\/71.-pula-novi-grlicev-film-svemu-dode-kraj-skripi-zanrovski-i-u-redateljskoj-izvedbi\">https:\/\/www.istra24.hr\/kultura\/71.-pula-novi-grlicev-film-svemu-dode-kraj-skripi-zanrovski-i-u-redateljskoj-izvedbi<\/a><\/p>\n\n\n\n<p><a href=\"https:\/\/www.tportal.hr\/kultura\/clanak\/svemu-dode-kraj-rajko-grlic-uz-pomoc-krleze-satire-bogatase-i-dobro-mu-ide-foto-20240715\">https:\/\/www.tportal.hr\/kultura\/clanak\/svemu-dode-kraj-rajko-grlic-uz-pomoc-krleze-satire-bogatase-i-dobro-mu-ide-foto-20240715<\/a><\/p>\n\n\n\n<hr class=\"wp-block-separator\"\/>\n\n\n\n<p>Intervjui:<\/p>\n\n\n\n<p><a href=\"https:\/\/www.vecernji.hr\/kultura\/proslava-nije-jos-jedan-film-o-ustasama-i-partizanima-vec-o-lakoci-radikalizacije-1747161\">https:\/\/www.vecernji.hr\/kultura\/proslava-nije-jos-jedan-film-o-ustasama-i-partizanima-vec-o-lakoci-radikalizacije-1747161<\/a><\/p>\n\n\n\n<p><a href=\"https:\/\/portalnovosti.com\/bruno-ankovic-svi-smo-u-jednom-trenutku-bili-krvnici-a-u-drugom-zrtve\">https:\/\/portalnovosti.com\/bruno-ankovic-svi-smo-u-jednom-trenutku-bili-krvnici-a-u-drugom-zrtve<\/a><\/p>\n\n\n\n<p><a href=\"https:\/\/www.tportal.hr\/kultura\/clanak\/bruno-ankovic-za-tportal-proslava-je-film-i-o-nacizmu-i-o-komunizmu-karakas-se-jadan-ne-smije-vratiti-u-liku-foto-20240716\">https:\/\/www.tportal.hr\/kultura\/clanak\/bruno-ankovic-za-tportal-proslava-je-film-i-o-nacizmu-i-o-komunizmu-karakas-se-jadan-ne-smije-vratiti-u-liku-foto-20240716<\/a><\/p>\n\n\n\n<hr class=\"wp-block-separator\"\/>\n\n\n\n<p><a href=\"https:\/\/www.telegram.hr\/kultura\/vlatka-vorkapic-o-novom-filmu-sveta-obitelj-sto-je-nalicje-gore-trudimo-se-pokazati-ljepse-lice\/\">https:\/\/www.telegram.hr\/kultura\/vlatka-vorkapic-o-novom-filmu-sveta-obitelj-sto-je-nalicje-gore-trudimo-se-pokazati-ljepse-lice\/<\/a><\/p>\n\n\n\n<p><a href=\"https:\/\/zena.net.hr\/promo\/vlatka-vorkapic-ono-sto-je-najvaznije-za-svaki-film-jest-da-publika-zapamti-film-i-da-razmislja-o-njemu-abde8896-9fdf-11ee-bb76-0ee8f36581c7\">https:\/\/zena.net.hr\/promo\/vlatka-vorkapic-ono-sto-je-najvaznije-za-svaki-film-jest-da-publika-zapamti-film-i-da-razmislja-o-njemu-abde8896-9fdf-11ee-bb76-0ee8f36581c7<\/a><\/p>\n\n\n\n<hr class=\"wp-block-separator\"\/>\n\n\n\n<p><a href=\"https:\/\/www.vecernji.hr\/kultura\/tko-je-iz-zagreba-vukao-konce-i-zbog-cega-su-nasi-decki-ginuli-u-bosni-1785487\">https:\/\/www.vecernji.hr\/kultura\/tko-je-iz-zagreba-vukao-konce-i-zbog-cega-su-nasi-decki-ginuli-u-bosni-1785487<\/a><\/p>\n\n\n\n<p><a href=\"https:\/\/www.jutarnji.hr\/kultura\/film-i-televizija\/otkrio-je-da-je-njegov-mladi-brat-poginuo-u-tajnoj-akciji-u-bosni-1993-film-sam-snimio-po-uzoru-na-lovca-na-jelene-15482527\">https:\/\/www.jutarnji.hr\/kultura\/film-i-televizija\/otkrio-je-da-je-njegov-mladi-brat-poginuo-u-tajnoj-akciji-u-bosni-1993-film-sam-snimio-po-uzoru-na-lovca-na-jelene-15482527<\/a><\/p>\n\n\n\n<figure class=\"wp-block-embed-wordpress wp-block-embed is-type-wp-embed is-provider-nacional-hr\"><div class=\"wp-block-embed__wrapper\">\n<blockquote class=\"wp-embedded-content\" data-secret=\"0Pl4ChOamJ\"><a href=\"https:\/\/www.nacional.hr\/kristijan-milic-da-ne-snimam-sapunice-bio-bih-na-socijalnoj-skrbi\/\">KRISTIJAN MILI\u0106 &#8216;Da ne snimam sapunice, bio bih na socijalnoj skrbi&#8217;<\/a><\/blockquote><iframe loading=\"lazy\" class=\"wp-embedded-content\" sandbox=\"allow-scripts\" security=\"restricted\" style=\"position: absolute; clip: rect(1px, 1px, 1px, 1px);\" title=\"&#8220;KRISTIJAN MILI\u0106 &#8216;Da ne snimam sapunice, bio bih na socijalnoj skrbi&#8217;&#8221; &#8212; NACIONAL.HR\" src=\"https:\/\/www.nacional.hr\/kristijan-milic-da-ne-snimam-sapunice-bio-bih-na-socijalnoj-skrbi\/embed\/#?secret=wD5mEyYpjG#?secret=0Pl4ChOamJ\" data-secret=\"0Pl4ChOamJ\" width=\"600\" height=\"338\" frameborder=\"0\" marginwidth=\"0\" marginheight=\"0\" scrolling=\"no\"><\/iframe>\n<\/div><\/figure>\n\n\n\n<hr class=\"wp-block-separator\"\/>\n\n\n\n<p><a href=\"https:\/\/www.telegram.hr\/kultura\/rajko-grlic-hrvatskom-vladaju-lopovi-i-budale-kad-bi-ti-nacionalisti-jednom-procitali-krlezu-brisali-bi-mu-ime-s-groba\/\">https:\/\/www.telegram.hr\/kultura\/rajko-grlic-hrvatskom-vladaju-lopovi-i-budale-kad-bi-ti-nacionalisti-jednom-procitali-krlezu-brisali-bi-mu-ime-s-groba\/<\/a><\/p>\n\n\n\n<p><a href=\"https:\/\/www.24sata.hr\/show\/rajko-grlic-o-posljednjem-filmu-krleza-mi-je-dao-45-minuta-da-objasnim-sto-zelim-s-romanom-975466\">https:\/\/www.24sata.hr\/show\/rajko-grlic-o-posljednjem-filmu-krleza-mi-je-dao-45-minuta-da-objasnim-sto-zelim-s-romanom-975466<\/a><\/p>\n\n\n\n<figure class=\"wp-block-embed-wordpress wp-block-embed is-type-wp-embed is-provider-nacional-hr\"><div class=\"wp-block-embed__wrapper\">\n<blockquote class=\"wp-embedded-content\" data-secret=\"8xYFhGHGKT\"><a href=\"https:\/\/www.nacional.hr\/rajko-grlic-cudna-je-odluka-da-se-ne-snimi-dokumentarac-o-sanaderu-on-je-dokument-jednog-vremena\/\">RAJKO GRLI\u0106 &#8216;\u010cudna je odluka da se ne snimi dokumentarac o Sanaderu, on je dokument jednog vremena&#8217;<\/a><\/blockquote><iframe loading=\"lazy\" class=\"wp-embedded-content\" sandbox=\"allow-scripts\" security=\"restricted\" style=\"position: absolute; clip: rect(1px, 1px, 1px, 1px);\" title=\"&#8220;RAJKO GRLI\u0106 &#8216;\u010cudna je odluka da se ne snimi dokumentarac o Sanaderu, on je dokument jednog vremena&#8217;&#8221; &#8212; NACIONAL.HR\" src=\"https:\/\/www.nacional.hr\/rajko-grlic-cudna-je-odluka-da-se-ne-snimi-dokumentarac-o-sanaderu-on-je-dokument-jednog-vremena\/embed\/#?secret=cpICXehohi#?secret=8xYFhGHGKT\" data-secret=\"8xYFhGHGKT\" width=\"600\" height=\"338\" frameborder=\"0\" marginwidth=\"0\" marginheight=\"0\" scrolling=\"no\"><\/iframe>\n<\/div><\/figure>\n\n\n\n<p><a href=\"https:\/\/www.vecernji.hr\/kultura\/boli-me-sto-su-iz-nase-zemlje-otisli-odlikasi-a-njome-zavladali-ponavljaci-1784975\">https:\/\/www.vecernji.hr\/kultura\/boli-me-sto-su-iz-nase-zemlje-otisli-odlikasi-a-njome-zavladali-ponavljaci-1784975<\/a><\/p>\n\n\n\n<hr class=\"wp-block-separator\"\/>\n","protected":false},"excerpt":{"rendered":"","protected":false},"author":2,"featured_media":41667,"comment_status":"open","ping_status":"open","sticky":false,"template":"","format":"standard","meta":{"_acf_changed":false,"jetpack_post_was_ever_published":false,"_jetpack_newsletter_access":"","_jetpack_dont_email_post_to_subs":false,"_jetpack_newsletter_tier_id":0,"_jetpack_memberships_contains_paywalled_content":false,"_jetpack_memberships_contains_paid_content":false,"footnotes":"","jetpack_publicize_message":"","jetpack_publicize_feature_enabled":true,"jetpack_social_post_already_shared":true,"jetpack_social_options":{"image_generator_settings":{"template":"highway","default_image_id":0,"font":"","enabled":false},"version":2}},"categories":[13,3],"tags":[],"class_list":["post-41666","post","type-post","status-publish","format-standard","has-post-thumbnail","hentry","category-filmovi-i-serije","category-novosti"],"acf":{"facebook_opis":""},"jetpack_publicize_connections":[],"jetpack_featured_media_url":"https:\/\/i0.wp.com\/historiografija.hr\/wp-content\/uploads\/2024\/07\/PROSLAVA.jpg?fit=730%2C400&ssl=1","jetpack_sharing_enabled":true,"jetpack-related-posts":[{"id":52556,"url":"https:\/\/historiografija.hr\/?p=52556","url_meta":{"origin":41666,"position":0},"title":"ZagrebDox 2026.","author":"Branimir Jankovi\u0107","date":"20. travnja 2026.","format":false,"excerpt":"Me\u0111unarodni festival dokumentarnog filma 19. - 26. travnja 2026. Kaptol Boutique Cinema, Zagreb Program i dodatne obavijesti: https:\/\/zagrebdox.net\/hr","rel":"","context":"U &quot;Filmovi i serije&quot;","block_context":{"text":"Filmovi i serije","link":"https:\/\/historiografija.hr\/?cat=13"},"img":{"alt_text":"","src":"https:\/\/i0.wp.com\/historiografija.hr\/wp-content\/uploads\/2026\/04\/DOX-logo.jpg?fit=600%2C600&ssl=1&resize=350%2C200","width":350,"height":200,"srcset":"https:\/\/i0.wp.com\/historiografija.hr\/wp-content\/uploads\/2026\/04\/DOX-logo.jpg?fit=600%2C600&ssl=1&resize=350%2C200 1x, https:\/\/i0.wp.com\/historiografija.hr\/wp-content\/uploads\/2026\/04\/DOX-logo.jpg?fit=600%2C600&ssl=1&resize=525%2C300 1.5x"},"classes":[]},{"id":52646,"url":"https:\/\/historiografija.hr\/?p=52646","url_meta":{"origin":41666,"position":1},"title":"5. MALI FESTIVAL POVIJESTI U LASTOVU","author":"Branimir Jankovi\u0107","date":"24. travnja 2026.","format":false,"excerpt":"Peti Mali festival povijesti odr\u017eava se od 25. do 27. travnja 2026. na Lastovu, u suradnji Zavoda za povijesne znanosti HAZU u Dubrovniku, Op\u0107ine Lastovo i Turisti\u010dke zajednice te uz potporu Dubrova\u010dko-neretvanske \u017eupanije. Predavanja: Dr. sc. Jasna \u010capo \u201eKu\u0107a kao zalog budu\u0107nosti i most izme\u0111u iseljenika i domovine\u201c Dr. sc.\u2026","rel":"","context":"U &quot;Novosti&quot;","block_context":{"text":"Novosti","link":"https:\/\/historiografija.hr\/?cat=3"},"img":{"alt_text":"","src":"https:\/\/i0.wp.com\/historiografija.hr\/wp-content\/uploads\/2026\/04\/Lastovo.jpg?fit=1200%2C700&ssl=1&resize=350%2C200","width":350,"height":200,"srcset":"https:\/\/i0.wp.com\/historiografija.hr\/wp-content\/uploads\/2026\/04\/Lastovo.jpg?fit=1200%2C700&ssl=1&resize=350%2C200 1x, https:\/\/i0.wp.com\/historiografija.hr\/wp-content\/uploads\/2026\/04\/Lastovo.jpg?fit=1200%2C700&ssl=1&resize=525%2C300 1.5x, https:\/\/i0.wp.com\/historiografija.hr\/wp-content\/uploads\/2026\/04\/Lastovo.jpg?fit=1200%2C700&ssl=1&resize=700%2C400 2x, https:\/\/i0.wp.com\/historiografija.hr\/wp-content\/uploads\/2026\/04\/Lastovo.jpg?fit=1200%2C700&ssl=1&resize=1050%2C600 3x"},"classes":[]},{"id":52547,"url":"https:\/\/historiografija.hr\/?p=52547","url_meta":{"origin":41666,"position":2},"title":"ISHA Zagreb \u2013 Filmska ve\u010der: Povratak Martina Guerrea","author":"Branimir Jankovi\u0107","date":"20. travnja 2026.","format":false,"excerpt":"Klub studenata povijesti \u2013 ISHA Zagreb poziva Vas na filmsku ve\u010der na kojoj \u0107e se prikazivati \u201ePovratak Martina Guerrea\u201c, povijesna drama iz 1982. godine s radnjom smje\u0161tenom u 16. stolje\u0107u. Radnja je utemeljena na stvarnoj povijesnoj li\u010dnosti Martina Guerrea koji se nakon mnogo godina izbivanja vra\u0107a u svoje rodno mjesto\u2026","rel":"","context":"U &quot;Filmovi i serije&quot;","block_context":{"text":"Filmovi i serije","link":"https:\/\/historiografija.hr\/?cat=13"},"img":{"alt_text":"","src":"https:\/\/i0.wp.com\/historiografija.hr\/wp-content\/uploads\/2026\/04\/M-Guerre.png?fit=702%2C1006&ssl=1&resize=350%2C200","width":350,"height":200,"srcset":"https:\/\/i0.wp.com\/historiografija.hr\/wp-content\/uploads\/2026\/04\/M-Guerre.png?fit=702%2C1006&ssl=1&resize=350%2C200 1x, https:\/\/i0.wp.com\/historiografija.hr\/wp-content\/uploads\/2026\/04\/M-Guerre.png?fit=702%2C1006&ssl=1&resize=525%2C300 1.5x, https:\/\/i0.wp.com\/historiografija.hr\/wp-content\/uploads\/2026\/04\/M-Guerre.png?fit=702%2C1006&ssl=1&resize=700%2C400 2x"},"classes":[]},{"id":52539,"url":"https:\/\/historiografija.hr\/?p=52539","url_meta":{"origin":41666,"position":3},"title":"Drugi po redu studentski simpozij &#8220;In fonte veritas&#8221;","author":"Branimir Jankovi\u0107","date":"20. travnja 2026.","format":false,"excerpt":"U srijedu, 22. travnja 2026. godine, u dvorani C 0.4 na Hrvatskom katoli\u010dkom sveu\u010dili\u0161tu odr\u017eat \u0107e se drugi studentski simpozij \u201eIn fonte veritas\". Ovogodi\u0161nja sredi\u0161nja tema simpozija je Papinstvo. Kroz istra\u017eiva\u010dko suo\u010davanje s povijesnim izvorima deset \u0107e studenata predstaviti rezultate svojih istra\u017eivanja o instituciji koja je stolje\u0107ima oblikovala europsku i\u2026","rel":"","context":"U &quot;Novosti&quot;","block_context":{"text":"Novosti","link":"https:\/\/historiografija.hr\/?cat=3"},"img":{"alt_text":"","src":"https:\/\/i0.wp.com\/historiografija.hr\/wp-content\/uploads\/2026\/04\/Papinstvo.png?fit=1024%2C500&ssl=1&resize=350%2C200","width":350,"height":200,"srcset":"https:\/\/i0.wp.com\/historiografija.hr\/wp-content\/uploads\/2026\/04\/Papinstvo.png?fit=1024%2C500&ssl=1&resize=350%2C200 1x, https:\/\/i0.wp.com\/historiografija.hr\/wp-content\/uploads\/2026\/04\/Papinstvo.png?fit=1024%2C500&ssl=1&resize=525%2C300 1.5x, https:\/\/i0.wp.com\/historiografija.hr\/wp-content\/uploads\/2026\/04\/Papinstvo.png?fit=1024%2C500&ssl=1&resize=700%2C400 2x"},"classes":[]},{"id":52666,"url":"https:\/\/historiografija.hr\/?p=52666","url_meta":{"origin":41666,"position":4},"title":"Najava programa Festivala povijesti Kliofest (5-8. V. 2026)","author":"Branimir Jankovi\u0107","date":"24. travnja 2026.","format":false,"excerpt":"Po trinaesti put odr\u017eava se Festival povijesti Kliofest! Do petka \u0107emo odr\u017eati osam okruglih stolova i dva kolokvija te niz predstavljanja knjiga i projekata razli\u010dite tematike, od antike do suvremenosti. Bit \u0107e predstavljeno i nekoliko izlo\u017ebi te odr\u017ean jedan povijesni kviz. Prikazat \u0107emo i jedan film \u2013 o generalu Boroevi\u0107u.\u2026","rel":"","context":"U &quot;Novosti&quot;","block_context":{"text":"Novosti","link":"https:\/\/historiografija.hr\/?cat=3"},"img":{"alt_text":"","src":"https:\/\/i0.wp.com\/historiografija.hr\/wp-content\/uploads\/2026\/04\/Kliofest-2026.jpg?fit=526%2C526&ssl=1&resize=350%2C200","width":350,"height":200,"srcset":"https:\/\/i0.wp.com\/historiografija.hr\/wp-content\/uploads\/2026\/04\/Kliofest-2026.jpg?fit=526%2C526&ssl=1&resize=350%2C200 1x, https:\/\/i0.wp.com\/historiografija.hr\/wp-content\/uploads\/2026\/04\/Kliofest-2026.jpg?fit=526%2C526&ssl=1&resize=525%2C300 1.5x"},"classes":[]},{"id":52592,"url":"https:\/\/historiografija.hr\/?p=52592","url_meta":{"origin":41666,"position":5},"title":"Predstavljanje knjige &#8220;Turska ku\u0107a u Rijeci&#8221; u Zagrebu","author":"Branimir Jankovi\u0107","date":"22. travnja 2026.","format":false,"excerpt":"U prostorijama Turskog kulturnog centra Yunus Emre u Zagrebu, u utorak 21. travnja 2026. godine, odr\u017eano je sve\u010dano predstavljanje dopunjenog izdanja knjige Turska ku\u0107a u Rijeci, u organizaciji Hrvatsko-turskog dru\u0161tva Rijeka i partnerstvu sa Skupinom prijateljstva Hrvatska-Turska Hrvatskog sabora, Veleposlanstvom Republike Turske u Republici Hrvatskoj te Turskim kulturnim centrom Yunus\u2026","rel":"","context":"U &quot;Novosti&quot;","block_context":{"text":"Novosti","link":"https:\/\/historiografija.hr\/?cat=3"},"img":{"alt_text":"","src":"https:\/\/i0.wp.com\/historiografija.hr\/wp-content\/uploads\/2026\/04\/Turska-kuca-ZG.jpg?fit=1200%2C800&ssl=1&resize=350%2C200","width":350,"height":200,"srcset":"https:\/\/i0.wp.com\/historiografija.hr\/wp-content\/uploads\/2026\/04\/Turska-kuca-ZG.jpg?fit=1200%2C800&ssl=1&resize=350%2C200 1x, https:\/\/i0.wp.com\/historiografija.hr\/wp-content\/uploads\/2026\/04\/Turska-kuca-ZG.jpg?fit=1200%2C800&ssl=1&resize=525%2C300 1.5x, https:\/\/i0.wp.com\/historiografija.hr\/wp-content\/uploads\/2026\/04\/Turska-kuca-ZG.jpg?fit=1200%2C800&ssl=1&resize=700%2C400 2x, https:\/\/i0.wp.com\/historiografija.hr\/wp-content\/uploads\/2026\/04\/Turska-kuca-ZG.jpg?fit=1200%2C800&ssl=1&resize=1050%2C600 3x"},"classes":[]}],"_links":{"self":[{"href":"https:\/\/historiografija.hr\/index.php?rest_route=\/wp\/v2\/posts\/41666","targetHints":{"allow":["GET"]}}],"collection":[{"href":"https:\/\/historiografija.hr\/index.php?rest_route=\/wp\/v2\/posts"}],"about":[{"href":"https:\/\/historiografija.hr\/index.php?rest_route=\/wp\/v2\/types\/post"}],"author":[{"embeddable":true,"href":"https:\/\/historiografija.hr\/index.php?rest_route=\/wp\/v2\/users\/2"}],"replies":[{"embeddable":true,"href":"https:\/\/historiografija.hr\/index.php?rest_route=%2Fwp%2Fv2%2Fcomments&post=41666"}],"version-history":[{"count":1,"href":"https:\/\/historiografija.hr\/index.php?rest_route=\/wp\/v2\/posts\/41666\/revisions"}],"predecessor-version":[{"id":41668,"href":"https:\/\/historiografija.hr\/index.php?rest_route=\/wp\/v2\/posts\/41666\/revisions\/41668"}],"wp:featuredmedia":[{"embeddable":true,"href":"https:\/\/historiografija.hr\/index.php?rest_route=\/wp\/v2\/media\/41667"}],"wp:attachment":[{"href":"https:\/\/historiografija.hr\/index.php?rest_route=%2Fwp%2Fv2%2Fmedia&parent=41666"}],"wp:term":[{"taxonomy":"category","embeddable":true,"href":"https:\/\/historiografija.hr\/index.php?rest_route=%2Fwp%2Fv2%2Fcategories&post=41666"},{"taxonomy":"post_tag","embeddable":true,"href":"https:\/\/historiografija.hr\/index.php?rest_route=%2Fwp%2Fv2%2Ftags&post=41666"}],"curies":[{"name":"wp","href":"https:\/\/api.w.org\/{rel}","templated":true}]}}