{"id":41660,"date":"2024-07-18T19:50:47","date_gmt":"2024-07-18T19:50:47","guid":{"rendered":"http:\/\/historiografija.hr\/?p=41660"},"modified":"2024-07-18T19:50:47","modified_gmt":"2024-07-18T19:50:47","slug":"routledge-research-in-gender-and-history-gender-generations-and-communism-in-central-and-eastern-europe-and-beyond","status":"publish","type":"post","link":"https:\/\/historiografija.hr\/?p=41660","title":{"rendered":"Routledge Research in Gender and History: Gender, Generations, and Communism in Central and Eastern Europe and Beyond"},"content":{"rendered":"\n<p>Edited by Anna Artwi\u0144ska and Agnieszka Mrozik<\/p>\n\n\n\n<hr class=\"wp-block-separator\"\/>\n\n\n\n<p>Communism in twentieth-century Europe is predominantly narrated as a totalitarian movement and\/or regime. This book aims to go beyond this narrative and provide an alternative framework to describe the communist past. This reframing is possible thanks to the concepts of generation and gender, which are used in the book as analytical categories in an intersectional overlap. The publication covers twentieth-century Poland, Czechoslovakia\/Czech Republic, the Soviet Union\/Russia, former Yugoslavia, Turkish communities in West Germany, Italy, and Cuba (as a comparative point of reference). It provides a theoretical frame and overview chapters on several important gender and generation narratives about communism, anticommunism, and postcommunism. Its starting point is the belief that although methodological reflection on communism, as well as on generations and gender, is conducted extensively in contemporary research, the overlapping of these three terms is still rare. The main focus in the first part is on methodological issues. The second part features studies which depict the possibility of generational-gender interpretations of history. The third part is informed by biographical perspectives. The last part shows how the problem of generations and gender is staged via the medium of literature and how it can be narrated.<\/p>\n\n\n\n<hr class=\"wp-block-separator\"\/>\n\n\n\n<p>ISBN 9780367522216<\/p>\n\n\n\n<p>352 Pages 1 B\/W Illustrations<\/p>\n\n\n\n<p>Published August 1, 2022 by Routledge<\/p>\n\n\n\n<hr class=\"wp-block-separator\"\/>\n\n\n\n<p><strong>Table of Contents<\/strong><\/p>\n\n\n\n<p>Introduction<\/p>\n\n\n\n<p><em>Anna Artwi\u0144ska and Agnieszka Mrozik<\/em><\/p>\n\n\n\n<p><strong>Part I: The Logic of Gender and Generation(s): Theoretical Approaches<\/strong><\/p>\n\n\n\n<p>1 Generational and Gendered Memory of Communism in Central and Eastern Europe: Methodological Perspectives and Political Challenges<\/p>\n\n\n\n<p><em>Anna Artwi\u0144ska and Agnieszka Mrozik<\/em><\/p>\n\n\n\n<p>2. Acting and Memory, Hope and Guilt: The Bond of Generations in Arendt, Benjamin, Heine, and Freud<\/p>\n\n\n\n<p><em>Sigrid Weigel<\/em><\/p>\n\n\n\n<p><strong>Part II: Generations and Gender in Historical Contexts: Comparative Case Studies<\/strong><\/p>\n\n\n\n<p>3. Communism, Left Feminism, and Generations in the 1930s: The Case of Yugoslavia<\/p>\n\n\n\n<p><em>Isidora Gruba\u010dki<\/em><\/p>\n\n\n\n<p>4. Communisms, Generations, and Waves: The Cases of Italy, Yugoslavia, and Cuba<\/p>\n\n\n\n<p><em>Chiara Bonfiglioli<\/em><\/p>\n\n\n\n<p>5. Generations of Italian Communist Women and the Making of a Women\u2019s Rights Agenda in the Cold War (1945\u201368): Historiography, Memory, and New Archival Evidence<\/p>\n\n\n\n<p><em>Eloisa Betti<\/em><\/p>\n\n\n\n<p>6. The Making of Turkish Migrant Left Feminism and Political Generations in the Ruhr, West Germany (1975\u201390)<\/p>\n\n\n\n<p><em>Sercan \u00c7inar<\/em><\/p>\n\n\n\n<p><strong>Part III: Women\u2019s Biographical Experiences and Communism<\/strong><\/p>\n\n\n\n<p>7. &#8220;Old&#8221; Women and &#8220;Old&#8221; Revolution: The Role of Gender and Generation in Postwar Polish Communist Women\u2019s Political Biographies<\/p>\n\n\n\n<p><em>Natalia Jarska<\/em><\/p>\n\n\n\n<p>8. Biographical Experience and Knowledge Production: Women Sociologists and Gender Issues in Communist Poland<\/p>\n\n\n\n<p><em>Barbara Klich-Kluczewska and Katarzyna Sta\u0144czak-Wi\u015blicz<\/em><\/p>\n\n\n\n<p>9. Without Tradition and Without Female Generation? The Case of Czech Artist Ester Krumbachov\u00e1<\/p>\n\n\n\n<p><em>Libu\u0161e Heczkov\u00e1 and Kate\u0159ina Svato\u0148ov\u00e1<\/em><\/p>\n\n\n\n<p><strong>Part IV: Aesthetic Representations of Gendered Generations in Communism and Beyond<\/strong><\/p>\n\n\n\n<p>10. Girls from the Polish Youth Union: (Dis)remembrance of the Generation<\/p>\n\n\n\n<p><em>Agnieszka Mrozik<\/em><\/p>\n\n\n\n<p>11. &#8220;We\u2019re Easy to Spot&#8221;: Soviet Generation(s) After Soviet Era and the Invention of the Self in Svetlana Alexievich\u2019s <em>Secondhand Time: The Last of the Soviets<\/em><\/p>\n\n\n\n<p><em>Anna Artwi\u0144ska<\/em><\/p>\n\n\n\n<p>12. Entering Gray Zones: Questions of Female Identity, Political Commitment, and Personal Choices in Ji\u0159ina \u0160iklov\u00e1\u2019s Memoir of Life Under Socialism and Beyond<\/p>\n\n\n\n<p><em>Anja Tippner<\/em><\/p>\n\n\n\n<p>13. Gender, Generational Conflict, and Communism: Tonia Lechtman\u2019s Story<\/p>\n\n\n\n<p><em>Anna M\u00fcller<\/em><\/p>\n\n\n\n<p>Conclusion: From &#8220;Communism as Male Generational History&#8221; to a More Inclusive Narrative<\/p>\n\n\n\n<p><em>Francisca de Haan<\/em><\/p>\n\n\n\n<hr class=\"wp-block-separator\"\/>\n\n\n\n<p><strong>Biography<\/strong><\/p>\n\n\n\n<p><strong>Anna Artwi\u0144ska<\/strong> is a Junior Professor of Slavic Literature and Culture Studies and Chair of the Center for Women\u2019s and Gender Studies at the University of Leipzig, Germany. Her main research interests are the memory of communism, postcatastrophic representation of the Shoah, the concept of generation, auto\/biographical writing and gender, and postcolonial studies.<\/p>\n\n\n\n<p><strong>Agnieszka Mrozik<\/strong> is an Assistant Professor at the Institute of Literary Research of the Polish Academy of Sciences (IBL PAN) in Warsaw, Poland. She is affiliated with two research teams, The Centre for Cultural and Literary Studies of Communism, and the Archives of Women. Her main research interests are communism and gender studies, cultural history of women and women\u2019s movement in Central and Eastern Europe, women\u2019s life writing and literature, critical analysis of media discourse and popular culture.<\/p>\n\n\n\n<hr class=\"wp-block-separator\"\/>\n\n\n\n<p><strong>Critics<\/strong><strong>\u02bc Reviews<\/strong><\/p>\n\n\n\n<p>&#8220;The strong points of the volume include a variety of sources and analytical approaches sensitive to their critical usage, the ability to develop a productive comparative and transnational frame, an embeddedness in relevant historiographical debates, and the still creative potential of &#8216;generation&#8217; as a concept for exploring communism in &#8216;Central and Eastern Europe, and beyond.&#8217; <em>Gender, Generations, and Communism<\/em> certainly provides an excellent interdisciplinary contribution to the growing historiography on women\u2019s activism and organizations in the region and proves the analytical potential of a gender-centered approach to the history of communism from the interwar period to the end of the Cold War.&#8221;<\/p>\n\n\n\n<p><strong>Ivana Michaela \u017dimbrek,<\/strong><em> East Central Europe 48 (2021)<\/em><\/p>\n\n\n\n<hr class=\"wp-block-separator\"\/>\n\n\n\n<p><a href=\"https:\/\/www.routledge.com\/Gender-Generations-and-Communism-in-Central-and-Eastern-Europe-and-Beyond\/Artwinska-Mrozik\/p\/book\/9780367522216\">https:\/\/www.routledge.com\/Gender-Generations-and-Communism-in-Central-and-Eastern-Europe-and-Beyond\/Artwinska-Mrozik\/p\/book\/9780367522216<\/a><\/p>\n\n\n\n<hr class=\"wp-block-separator\"\/>\n","protected":false},"excerpt":{"rendered":"","protected":false},"author":2,"featured_media":41661,"comment_status":"open","ping_status":"open","sticky":false,"template":"","format":"standard","meta":{"_acf_changed":false,"jetpack_post_was_ever_published":false,"_jetpack_newsletter_access":"","_jetpack_dont_email_post_to_subs":false,"_jetpack_newsletter_tier_id":0,"_jetpack_memberships_contains_paywalled_content":false,"_jetpack_memberships_contains_paid_content":false,"footnotes":"","jetpack_publicize_message":"","jetpack_publicize_feature_enabled":true,"jetpack_social_post_already_shared":true,"jetpack_social_options":{"image_generator_settings":{"template":"highway","default_image_id":0,"font":"","enabled":false},"version":2}},"categories":[8,3],"tags":[],"class_list":["post-41660","post","type-post","status-publish","format-standard","has-post-thumbnail","hentry","category-knjige","category-novosti"],"acf":{"facebook_opis":""},"jetpack_publicize_connections":[],"jetpack_featured_media_url":"https:\/\/i0.wp.com\/historiografija.hr\/wp-content\/uploads\/2024\/07\/Gender_Generations.jpg?fit=350%2C524&ssl=1","jetpack_sharing_enabled":true,"jetpack-related-posts":[{"id":52679,"url":"https:\/\/historiografija.hr\/?p=52679","url_meta":{"origin":41660,"position":0},"title":"CfP: CHOSEN NATION(S): HISTORICAL AND CULTURAL INTERPRETATIONS OF EXCEPTIONALISM, BUDAPEST, 10TH\u201311TH JUNE 2026 (DEADLINE: 1ST MAY 2026)","author":"Branimir Jankovi\u0107","date":"27. travnja 2026.","format":false,"excerpt":"The Ludovika University of Public Service (NKE) and the Jewish Theological Seminary \u2013 University of Jewish Studies (OR-ZSE) are pleased to announce a joint academic conference on \u201cChosen Nation(s): Historical and Cultural Interpretations of Exceptionalism\u201d, to be held in Budapest, Hungary. Chosen Nation(s): Historical and Cultural Interpretations of Exceptionalism Keynote\u2026","rel":"","context":"U &quot;Novosti&quot;","block_context":{"text":"Novosti","link":"https:\/\/historiografija.hr\/?cat=3"},"img":{"alt_text":"","src":"https:\/\/i0.wp.com\/historiografija.hr\/wp-content\/uploads\/2017\/10\/hsozkult.png?fit=1006%2C241&ssl=1&resize=350%2C200","width":350,"height":200,"srcset":"https:\/\/i0.wp.com\/historiografija.hr\/wp-content\/uploads\/2017\/10\/hsozkult.png?fit=1006%2C241&ssl=1&resize=350%2C200 1x, https:\/\/i0.wp.com\/historiografija.hr\/wp-content\/uploads\/2017\/10\/hsozkult.png?fit=1006%2C241&ssl=1&resize=525%2C300 1.5x, https:\/\/i0.wp.com\/historiografija.hr\/wp-content\/uploads\/2017\/10\/hsozkult.png?fit=1006%2C241&ssl=1&resize=700%2C400 2x"},"classes":[]},{"id":52673,"url":"https:\/\/historiografija.hr\/?p=52673","url_meta":{"origin":41660,"position":1},"title":"TWO POSTDOCTORAL POSITIONS IN THE &#8220;PROLETGARD ERC STARTING GRANT PROJECT&#8221;, KASS\u00c1K FOUNDATION, BUDAPEST (DEADLINE: 1ST MAY 2026)","author":"Branimir Jankovi\u0107","date":"27. travnja 2026.","format":false,"excerpt":"This five-year ERC-funded project examines how avant-garde art contributed to the formation of a workers\u2019 movement counterculture in East Central Europe after 1918. It argues that socialist and avant-garde periodicals, groups, and figures shaped both avant-garde culture and transnational workers\u2019 movements. Focusing on the successor states of the Austro\u2013Hungarian Empire\u2026","rel":"","context":"U &quot;Novosti&quot;","block_context":{"text":"Novosti","link":"https:\/\/historiografija.hr\/?cat=3"},"img":{"alt_text":"","src":"https:\/\/i0.wp.com\/historiografija.hr\/wp-content\/uploads\/2017\/10\/hsozkult.png?fit=1006%2C241&ssl=1&resize=350%2C200","width":350,"height":200,"srcset":"https:\/\/i0.wp.com\/historiografija.hr\/wp-content\/uploads\/2017\/10\/hsozkult.png?fit=1006%2C241&ssl=1&resize=350%2C200 1x, https:\/\/i0.wp.com\/historiografija.hr\/wp-content\/uploads\/2017\/10\/hsozkult.png?fit=1006%2C241&ssl=1&resize=525%2C300 1.5x, https:\/\/i0.wp.com\/historiografija.hr\/wp-content\/uploads\/2017\/10\/hsozkult.png?fit=1006%2C241&ssl=1&resize=700%2C400 2x"},"classes":[]},{"id":52580,"url":"https:\/\/historiografija.hr\/?p=52580","url_meta":{"origin":41660,"position":2},"title":"Conference &#8220;Living in the aftermaths: Trauma, politics and survival in Yugoslavia and successor states, 1945 \u2013 present&#8221;","author":"Branimir Jankovi\u0107","date":"21. travnja 2026.","format":false,"excerpt":"The conference aims to explore how war-related psychological distress was experienced, narrated, debated and reframed in Yugoslavia in the second half of the twentieth century. It asks how the theme of wounded psyche and wartime suffering was addressed and acknowledged in political, psychiatric and broader cultural discourses of socialist Yugoslavia,\u2026","rel":"","context":"U &quot;Novosti&quot;","block_context":{"text":"Novosti","link":"https:\/\/historiografija.hr\/?cat=3"},"img":{"alt_text":"","src":"https:\/\/i0.wp.com\/historiografija.hr\/wp-content\/uploads\/2026\/04\/Battle_of_Neretva_Picasso_poster-Conference-Living-in-the-aftermaths.webp?fit=564%2C954&ssl=1&resize=350%2C200","width":350,"height":200,"srcset":"https:\/\/i0.wp.com\/historiografija.hr\/wp-content\/uploads\/2026\/04\/Battle_of_Neretva_Picasso_poster-Conference-Living-in-the-aftermaths.webp?fit=564%2C954&ssl=1&resize=350%2C200 1x, https:\/\/i0.wp.com\/historiografija.hr\/wp-content\/uploads\/2026\/04\/Battle_of_Neretva_Picasso_poster-Conference-Living-in-the-aftermaths.webp?fit=564%2C954&ssl=1&resize=525%2C300 1.5x"},"classes":[]},{"id":52516,"url":"https:\/\/historiografija.hr\/?p=52516","url_meta":{"origin":41660,"position":3},"title":"Marko Grde\u0161i\u0107, Mislav \u017ditko, \u201eSocialist Economics in Yugoslavia: A Critical History\u201c","author":"Branimir Jankovi\u0107","date":"17. travnja 2026.","format":false,"excerpt":"This book presents a critical history of Yugoslav socialist economics, from its inception in the late 1940s to its dissolution in the late 1980s. After the dramatic break with the Soviet Union in 1948, Yugoslavia found itself in urgent need of a third way: A socialist trajectory which would not\u2026","rel":"","context":"U &quot;Knjige&quot;","block_context":{"text":"Knjige","link":"https:\/\/historiografija.hr\/?cat=8"},"img":{"alt_text":"","src":"https:\/\/i0.wp.com\/historiografija.hr\/wp-content\/uploads\/2026\/04\/Zitko_Grdesic.jpg?fit=350%2C535&ssl=1&resize=350%2C200","width":350,"height":200},"classes":[]},{"id":52622,"url":"https:\/\/historiografija.hr\/?p=52622","url_meta":{"origin":41660,"position":4},"title":"Annual CAPONEU conference: Political Novel in Europe Between Democracy and Authoritarianism","author":"Branimir Jankovi\u0107","date":"23. travnja 2026.","format":false,"excerpt":"Caponeu event 22.04.2026 - 24.04.2026 Location: The Faculty of Polish and Classical Philology AMU (Fredry 10, Pozna\u0144)Organized by: Tomasz Mizerkiewicz, Krystyna Pieni\u0105\u017cek-Markovi\u0107, Anna Gawarecka, Ewa Szperlik, Magda Potok, B\u0142a\u017cej Warkocki, Gerard Ronge (all Adam Mickiewicz University in Pozna\u0144)Contact: gerron@amu.edu.pl The Adam Mickiewicz University team, as part of the international CAPONEU\u2026","rel":"","context":"U &quot;Novosti&quot;","block_context":{"text":"Novosti","link":"https:\/\/historiografija.hr\/?cat=3"},"img":{"alt_text":"","src":"https:\/\/i0.wp.com\/historiografija.hr\/wp-content\/uploads\/2026\/04\/Caponeu-political-novel.jpg?fit=500%2C261&ssl=1&resize=350%2C200","width":350,"height":200},"classes":[]},{"id":52664,"url":"https:\/\/historiografija.hr\/?p=52664","url_meta":{"origin":41660,"position":5},"title":"CfP: CONFERENCE OF THE HISTORY OF CONCEPTS GROUP, HELSINKI, 19TH\u201321ST AUGUST 2026 (DEADLINE: 30TH APRIL 2026)","author":"Branimir Jankovi\u0107","date":"24. travnja 2026.","format":false,"excerpt":"The annual conference of the History of Concepts Group is held at the University of Helsinki, 19-21 August 2026. Conference of the History of Concepts Group Conceptual history studies the use of concepts and tries to understand how historical actors have linguistically articulated views of the world. Studying concepts from\u2026","rel":"","context":"U &quot;Novosti&quot;","block_context":{"text":"Novosti","link":"https:\/\/historiografija.hr\/?cat=3"},"img":{"alt_text":"","src":"https:\/\/i0.wp.com\/historiografija.hr\/wp-content\/uploads\/2017\/10\/hsozkult.png?fit=1006%2C241&ssl=1&resize=350%2C200","width":350,"height":200,"srcset":"https:\/\/i0.wp.com\/historiografija.hr\/wp-content\/uploads\/2017\/10\/hsozkult.png?fit=1006%2C241&ssl=1&resize=350%2C200 1x, https:\/\/i0.wp.com\/historiografija.hr\/wp-content\/uploads\/2017\/10\/hsozkult.png?fit=1006%2C241&ssl=1&resize=525%2C300 1.5x, https:\/\/i0.wp.com\/historiografija.hr\/wp-content\/uploads\/2017\/10\/hsozkult.png?fit=1006%2C241&ssl=1&resize=700%2C400 2x"},"classes":[]}],"_links":{"self":[{"href":"https:\/\/historiografija.hr\/index.php?rest_route=\/wp\/v2\/posts\/41660","targetHints":{"allow":["GET"]}}],"collection":[{"href":"https:\/\/historiografija.hr\/index.php?rest_route=\/wp\/v2\/posts"}],"about":[{"href":"https:\/\/historiografija.hr\/index.php?rest_route=\/wp\/v2\/types\/post"}],"author":[{"embeddable":true,"href":"https:\/\/historiografija.hr\/index.php?rest_route=\/wp\/v2\/users\/2"}],"replies":[{"embeddable":true,"href":"https:\/\/historiografija.hr\/index.php?rest_route=%2Fwp%2Fv2%2Fcomments&post=41660"}],"version-history":[{"count":1,"href":"https:\/\/historiografija.hr\/index.php?rest_route=\/wp\/v2\/posts\/41660\/revisions"}],"predecessor-version":[{"id":41662,"href":"https:\/\/historiografija.hr\/index.php?rest_route=\/wp\/v2\/posts\/41660\/revisions\/41662"}],"wp:featuredmedia":[{"embeddable":true,"href":"https:\/\/historiografija.hr\/index.php?rest_route=\/wp\/v2\/media\/41661"}],"wp:attachment":[{"href":"https:\/\/historiografija.hr\/index.php?rest_route=%2Fwp%2Fv2%2Fmedia&parent=41660"}],"wp:term":[{"taxonomy":"category","embeddable":true,"href":"https:\/\/historiografija.hr\/index.php?rest_route=%2Fwp%2Fv2%2Fcategories&post=41660"},{"taxonomy":"post_tag","embeddable":true,"href":"https:\/\/historiografija.hr\/index.php?rest_route=%2Fwp%2Fv2%2Ftags&post=41660"}],"curies":[{"name":"wp","href":"https:\/\/api.w.org\/{rel}","templated":true}]}}