{"id":41649,"date":"2024-07-17T18:11:42","date_gmt":"2024-07-17T18:11:42","guid":{"rendered":"http:\/\/historiografija.hr\/?p=41649"},"modified":"2024-07-17T18:13:36","modified_gmt":"2024-07-17T18:13:36","slug":"kolegijalna-poruka-politicaru-marijanu-pavliceku-jednom-od-glavnih-protivnika-rodnih-studija-koji-je-zavrsio-germanistiku-i-povijest-na-filozofskom-fakultetu-u-zagrebu","status":"publish","type":"post","link":"https:\/\/historiografija.hr\/?p=41649","title":{"rendered":"Kolegijalna poruka politi\u010daru Marijanu Pavli\u010deku, jednom od glavnih protivnika Rodnih studija, koji je zavr\u0161io germanistiku i povijest na Filozofskom fakultetu u Zagrebu"},"content":{"rendered":"\n<p>Po\u0161tovani kolega Pavli\u010dek,<\/p>\n\n\n\n<p>pratio sam Va\u0161e sna\u017eno <a href=\"https:\/\/n1info.hr\/vijesti\/pavlicek-opet-o-rodnom-studij-to-je-samo-puzajuci-pocetak-sve-je-krenulo-s-tom-nesretnom-istanbulskom\/\">protivljenje<\/a> pokretanju Rodnih studija na Filozofskom fakultetu Sveu\u010dili\u0161ta u Zagrebu, ali sam tek nedavno saznao da ste i Vi <a href=\"https:\/\/www.sabor.hr\/hr\/zastupnici\/pavlicek-marijan-11-saziv-hrvatskoga-sabora-16052024\">diplomirali<\/a> germanistiku i povijest upravo na tom Fakultetu.<\/p>\n\n\n\n<p>Stoga bih Vas pitao za\u0161to akademsku slobodu koju ste dobili na Filozofskom fakultetu da se intelektualno oblikujete u kojem god smjeru \u017eelite (kao i toliki drugi alumni FFZG-a koje nalazimo na svim stranama politi\u010dkog spektra) niste spremni, kada je rije\u010d o rodnim studijima, dopustiti i drugima.<\/p>\n\n\n\n<p>S obzirom da akademske godine 2024\/2025. Filozofski fakultet obilje\u017eava 150. godi\u0161njicu, vjerujem da je to odli\u010dna prigoda da se vidimo na proslavi obljetnice, podijelimo uspomene sa studija (tim vi\u0161e \u0161to smo isto godi\u0161te) i kolegijalno raspravimo o svemu. To bi zaista bilo u duhu zajedni\u010dkog nam Fakulteta.<\/p>\n\n\n\n<p>Srda\u010dan pozdrav,<\/p>\n\n\n\n<p>Branimir Jankovi\u0107<\/p>\n\n\n\n<p>Odsjek za povijest<\/p>\n\n\n\n<p>Filozofski fakultet<\/p>\n\n\n\n<p>Sveu\u010dili\u0161te u Zagrebu<\/p>\n\n\n\n<hr class=\"wp-block-separator\"\/>\n\n\n\n<p>Urednik portala Historiografija.hr<\/p>\n\n\n\n<hr class=\"wp-block-separator\"\/>\n","protected":false},"excerpt":{"rendered":"","protected":false},"author":2,"featured_media":18021,"comment_status":"open","ping_status":"open","sticky":false,"template":"","format":"standard","meta":{"_acf_changed":false,"jetpack_post_was_ever_published":false,"_jetpack_newsletter_access":"","_jetpack_dont_email_post_to_subs":false,"_jetpack_newsletter_tier_id":0,"_jetpack_memberships_contains_paywalled_content":false,"_jetpack_memberships_contains_paid_content":false,"footnotes":"","jetpack_publicize_message":"","jetpack_publicize_feature_enabled":true,"jetpack_social_post_already_shared":true,"jetpack_social_options":{"image_generator_settings":{"template":"highway","default_image_id":0,"font":"","enabled":false},"version":2}},"categories":[3,17],"tags":[],"class_list":["post-41649","post","type-post","status-publish","format-standard","has-post-thumbnail","hentry","category-novosti","category-rasprave"],"acf":{"facebook_opis":""},"jetpack_publicize_connections":[],"jetpack_featured_media_url":"https:\/\/i0.wp.com\/historiografija.hr\/wp-content\/uploads\/2019\/12\/ffzg-home-fb.jpg?fit=1200%2C630&ssl=1","jetpack_sharing_enabled":true,"jetpack-related-posts":[],"_links":{"self":[{"href":"https:\/\/historiografija.hr\/index.php?rest_route=\/wp\/v2\/posts\/41649","targetHints":{"allow":["GET"]}}],"collection":[{"href":"https:\/\/historiografija.hr\/index.php?rest_route=\/wp\/v2\/posts"}],"about":[{"href":"https:\/\/historiografija.hr\/index.php?rest_route=\/wp\/v2\/types\/post"}],"author":[{"embeddable":true,"href":"https:\/\/historiografija.hr\/index.php?rest_route=\/wp\/v2\/users\/2"}],"replies":[{"embeddable":true,"href":"https:\/\/historiografija.hr\/index.php?rest_route=%2Fwp%2Fv2%2Fcomments&post=41649"}],"version-history":[{"count":2,"href":"https:\/\/historiografija.hr\/index.php?rest_route=\/wp\/v2\/posts\/41649\/revisions"}],"predecessor-version":[{"id":41651,"href":"https:\/\/historiografija.hr\/index.php?rest_route=\/wp\/v2\/posts\/41649\/revisions\/41651"}],"wp:featuredmedia":[{"embeddable":true,"href":"https:\/\/historiografija.hr\/index.php?rest_route=\/wp\/v2\/media\/18021"}],"wp:attachment":[{"href":"https:\/\/historiografija.hr\/index.php?rest_route=%2Fwp%2Fv2%2Fmedia&parent=41649"}],"wp:term":[{"taxonomy":"category","embeddable":true,"href":"https:\/\/historiografija.hr\/index.php?rest_route=%2Fwp%2Fv2%2Fcategories&post=41649"},{"taxonomy":"post_tag","embeddable":true,"href":"https:\/\/historiografija.hr\/index.php?rest_route=%2Fwp%2Fv2%2Ftags&post=41649"}],"curies":[{"name":"wp","href":"https:\/\/api.w.org\/{rel}","templated":true}]}}