{"id":41634,"date":"2024-07-16T16:01:44","date_gmt":"2024-07-16T16:01:44","guid":{"rendered":"http:\/\/historiografija.hr\/?p=41634"},"modified":"2024-07-17T16:56:43","modified_gmt":"2024-07-17T16:56:43","slug":"najava-programa-vii-kongresa-hrvatskih-povjesnicara-osijek-25-28-ix-2024","status":"publish","type":"post","link":"https:\/\/historiografija.hr\/?p=41634","title":{"rendered":"Najava programa VII. kongresa hrvatskih povjesni\u010dara (Osijek, 25. \u2013 28. IX. 2024.)"},"content":{"rendered":"\n<p>U punom tijeku je rad na organizaciji VII. kongresa hrvatskih povjesni\u010dara koji \u0107e se od 25. do 28. rujna 2024. odr\u017eati u Osijeku. Po\u010detkom srpnja izra\u0111ena je prva \u2013 radna \u2013 verzija programa, koja je u me\u0111uvremenu nadopunjena i na koju upu\u0107ujemo u prilogu. Nastavit \u0107emo obavje\u0161tavati o novostima u vezi Kongresa.<\/p>\n\n\n\n<hr class=\"wp-block-separator\"\/>\n\n\n\n<div class=\"wp-block-file\"><a href=\"https:\/\/historiografija.hr\/wp-content\/uploads\/2024\/07\/Program-Kongresa-za-historiografija.hr_.pdf\">Program-Kongresa-za-historiografija.hr_<\/a><a href=\"https:\/\/historiografija.hr\/wp-content\/uploads\/2024\/07\/Program-Kongresa-za-historiografija.hr_.pdf\" class=\"wp-block-file__button\" download>Preuzmi<\/a><\/div>\n\n\n\n<hr class=\"wp-block-separator\"\/>\n","protected":false},"excerpt":{"rendered":"","protected":false},"author":2,"featured_media":16443,"comment_status":"open","ping_status":"open","sticky":false,"template":"","format":"standard","meta":{"_acf_changed":false,"jetpack_post_was_ever_published":false,"_jetpack_newsletter_access":"","_jetpack_dont_email_post_to_subs":false,"_jetpack_newsletter_tier_id":0,"_jetpack_memberships_contains_paywalled_content":false,"_jetpack_memberships_contains_paid_content":false,"footnotes":"","jetpack_publicize_message":"","jetpack_publicize_feature_enabled":true,"jetpack_social_post_already_shared":true,"jetpack_social_options":{"image_generator_settings":{"template":"highway","default_image_id":0,"font":"","enabled":false},"version":2}},"categories":[3,9],"tags":[],"class_list":["post-41634","post","type-post","status-publish","format-standard","has-post-thumbnail","hentry","category-novosti","category-skupovi"],"acf":{"facebook_opis":""},"jetpack_publicize_connections":[],"jetpack_featured_media_url":"https:\/\/i0.wp.com\/historiografija.hr\/wp-content\/uploads\/2019\/09\/hnopz-logo.jpg?fit=365%2C264&ssl=1","jetpack_sharing_enabled":true,"jetpack-related-posts":[],"_links":{"self":[{"href":"https:\/\/historiografija.hr\/index.php?rest_route=\/wp\/v2\/posts\/41634","targetHints":{"allow":["GET"]}}],"collection":[{"href":"https:\/\/historiografija.hr\/index.php?rest_route=\/wp\/v2\/posts"}],"about":[{"href":"https:\/\/historiografija.hr\/index.php?rest_route=\/wp\/v2\/types\/post"}],"author":[{"embeddable":true,"href":"https:\/\/historiografija.hr\/index.php?rest_route=\/wp\/v2\/users\/2"}],"replies":[{"embeddable":true,"href":"https:\/\/historiografija.hr\/index.php?rest_route=%2Fwp%2Fv2%2Fcomments&post=41634"}],"version-history":[{"count":4,"href":"https:\/\/historiografija.hr\/index.php?rest_route=\/wp\/v2\/posts\/41634\/revisions"}],"predecessor-version":[{"id":41643,"href":"https:\/\/historiografija.hr\/index.php?rest_route=\/wp\/v2\/posts\/41634\/revisions\/41643"}],"wp:featuredmedia":[{"embeddable":true,"href":"https:\/\/historiografija.hr\/index.php?rest_route=\/wp\/v2\/media\/16443"}],"wp:attachment":[{"href":"https:\/\/historiografija.hr\/index.php?rest_route=%2Fwp%2Fv2%2Fmedia&parent=41634"}],"wp:term":[{"taxonomy":"category","embeddable":true,"href":"https:\/\/historiografija.hr\/index.php?rest_route=%2Fwp%2Fv2%2Fcategories&post=41634"},{"taxonomy":"post_tag","embeddable":true,"href":"https:\/\/historiografija.hr\/index.php?rest_route=%2Fwp%2Fv2%2Ftags&post=41634"}],"curies":[{"name":"wp","href":"https:\/\/api.w.org\/{rel}","templated":true}]}}