{"id":41614,"date":"2024-07-15T14:42:20","date_gmt":"2024-07-15T14:42:20","guid":{"rendered":"http:\/\/historiografija.hr\/?p=41614"},"modified":"2024-07-31T21:07:27","modified_gmt":"2024-07-31T21:07:27","slug":"priopcenje-za-javnost-znanstvenica-i-znanstvenika-instituta-za-etnologiju-i-folkloristiku-u-povodu-neizdavanja-dopusnice-filozofskom-fakultetu-sveucilista-u-zagrebu-za-pokretanje-rodnih-studija","status":"publish","type":"post","link":"https:\/\/historiografija.hr\/?p=41614","title":{"rendered":"Priop\u0107enje za javnost znanstvenica i znanstvenika Instituta za etnologiju i folkloristiku u povodu neizdavanja dopusnice Filozofskom fakultetu Sveu\u010dili\u0161ta u Zagrebu za pokretanje Rodnih studija"},"content":{"rendered":"\n<p>Mi, dolje potpisani, znanstvenice i znanstvenici Instituta za etnologiju i folkloristiku u Zagrebu \u017eelimo izraziti zabrinutost zbog uglavnom povr\u0161nih, neargumentiranih i nestru\u010dnih rasprava koje se vode u javnosti, a vezano za najavu pokretanja Rodnih studija na Filozofskom fakultetu Sveu\u010dili\u0161ta u Zagrebu. Posebice nas zabrinjavaju okolnosti i na\u010din na koji je uskratom dopusnice Ministarstva znanosti, obrazovanja i mladih za pokretanje Rodnih studija dovedena u pitanje autonomija sveu\u010dili\u0161ne institucije i njezine legitimne procedure.<\/p>\n\n\n\n<p>Jo\u0161 ranih osamdesetih godina pro\u0161loga stolje\u0107a na mnogim sveu\u010dili\u0161tima u svijetu zapo\u010dinju, prvo feministi\u010dki i \u017eenskostudijski programi, a zatim i rodna istra\u017eivanja i studiji sa do danas bogatom znanstvenom produkcijom. U fokusu im je dru\u0161tvena konstrukcija roda i zna\u010denje koje ona ima za pojedince, dru\u0161tvene skupine i (nacionalne) zajednice. Naime, istra\u017eivanja roda nerijetko su povezana s pitanjima identiteta, s naglaskom na marginalizirane, manjinske, potla\u010dene ili ugnjetavane zajednice. Suvremeni intersekcijski pristup u tim istra\u017eivanjima posebice nagla\u0161ava isprepletenost etniciteta, klase, rase, vjere, dobi, itd. Time pridonosi kompleksnijem razumijevanju sinergije patrijarhalne i (neo)liberalne agende za odr\u017eavanje odnosa mo\u0107i, nejednakosti i <em>statusa quo<\/em>, utje\u010de na promjene u pravosudnim, ekonomskim i politi\u010dkim praksama demokratskih zemalja i uvodi rodnu perspektivu u mnoge javne politike.<\/p>\n\n\n\n<p>Institut za etnologiju i folkloristiku je jedna od prvih znanstvenih institucija u Republici Hrvatskoj \u010diji su suradnici zapo\u010deli s istra\u017eivanjem povijesnih i dru\u0161tvenih fenomena kroz prizmu roda i izvedbi rodnih uloga u obi\u010dajnoj i svakodnevnoj praksi. Prate\u0107i intelektualnu tradiciju sociokriti\u010dkog djelovanja znanstvenica na\u0161e discipline mogu\u0107e je ustanoviti ishodi\u0161ta rodnih istra\u017eivanja, po\u010dev\u0161i od \u017eenskog autorstva radi\u0107evske etnografije (Kata Jajn\u010derova, sestra Antuna Radi\u0107a), preko sociologije i antropologije obitelji (Vera Stein Erlich), analize mizoginih motiva usmene knji\u017eevnosti (akademkinja Maja Bo\u0161kovi\u0107-Stulli), etnologije svakodnevice i studija zadruge (Dunja Rihtman-Augu\u0161tin), feministi\u010dke historiografije (Lydia Sklevicky) do interdisciplinarnih istra\u017eivanja posljednjih trideset godina u kojima sudjeluju \u2013 u manjem ili ve\u0107em opsegu \u2013 gotovo sve suradnice Instituta. Okrenutost tradiciji i ba\u0161tini, ritualima te simboli\u010dkim praksama, ba\u0161 kao i suvremenim fenomenima, nagnala je mnoge od nas da prepoznaju rodno uvjetovane oblike reprodukcije dru\u0161tvenosti, ali i otklone i otpore, pa \u010dak i tradicijsko poznavanje nebinarnog &#8220;tre\u0107eg roda&#8221;. Danas je Institut, izme\u0111u mnogih svojih znanstvenoistra\u017eiva\u010dkih kvaliteta, svjetski prepoznat i kao mjesto obrazovanja i suradnje jer ve\u0107 sedamnaest godina zaredom suorganizira me\u0111unarodni poslijediplomski seminar <em>Feminizmi u transnacionalnoj perspektivi<\/em>. Ovaj seminar ukazuje na nu\u017enu povezanost rodnih, okoli\u0161nih i postkolonijalnih studija u tra\u017eenju alternativnih modela globalnog odr\u017eivog razvoja.<\/p>\n\n\n\n<p>\u017delimo se osvrnuti i na manipulacije pojmom \u201erodne ideologije\u201c s ciljem politi\u010dkog zadiranja u institucionalnu i akademsku autonomiju, koja je u <em>Nacionalnom planu za oporavak i otpornost 2021.- 2026. <\/em>navedena kao jedan od glavnih preduvjeta za reformu i ja\u010danje kapaciteta javnog znanstveno- istra\u017eiva\u010dkog sektora. Svjetonazorske premise pojedinih politi\u010dkih opcija ne mogu i ne smiju sprje\u010davati, cenzurirati i reducirati autonomiju znanstvenoistra\u017eiva\u010dkog djelovanja javnih znanstvenih i obrazovnih institucija te pojedinaca koji u njima rade. Za nas kao humanisti\u010dke znanstvenice i znanstvenike posebno je problemati\u010dno \u0161to se konstruktom \u201erodne ideologije\u201c znanstvena istra\u017eivanja koja dovode u pitanje esencijalisti\u010dka i naturalisti\u010dka razumijevanja roda diskreditiraju kao \u201eideolo\u0161ka\u201c. Stoga vjerujemo da \u0107e Filozofski fakultet, nakon \u0161to se razrije\u0161e nejasno\u0107e oko eventualnih proceduralnih propusta, u kratkom roku dobiti dopusnicu za pokretanje Rodnih studija.<\/p>\n\n\n\n<p>Kao jedinstveno sredi\u0161te etnolo\u0161kih, kulturnoantropolo\u0161kih, folkloristi\u010dkih, etnomuzikolo\u0161kih i srodnih znanstvenih istra\u017eivanja s te\u017ei\u0161tem na inter- i transdisciplinarnim kriti\u010dkim istra\u017eivanjima kulture, na\u0161im Statutom omogu\u0107eno nam je ekspertno i javno djelovanje. S obzirom na to, kao i na dugogodi\u0161nje znanstvenoistra\u017eiva\u010dko bavljenje rodnim temama te na na\u0161e iskustvo sudjelovanja u postupku izbora kandidata i kandidatkinja u interdisciplinarnom polju rodnih studija, rado \u0107emo iza\u0107i u susret nadle\u017enom ministarstvu sa stru\u010dnom procjenom kvalitete ove vrste programa i studija.<\/p>\n\n\n\n<p>                                                                                                                                                                                                 <\/p>\n\n\n\n<p>dr. sc. Tea \u0160koki\u0107<\/p>\n\n\n\n<p>dr. sc. Renata Jambre\u0161i\u0107 Kirin<\/p>\n\n\n\n<p>dr. sc. Suzana Marjani\u0107<\/p>\n\n\n\n<p>dr. sc. Marijana Hamer\u0161ak<\/p>\n\n\n\n<p>dr. sc. Romana Pozniak<\/p>\n\n\n\n<p>Mirna Tkal\u010di\u0107 Simeti\u0107<\/p>\n\n\n\n<p>dr. sc. Ana-Marija Vuku\u0161i\u0107<\/p>\n\n\n\n<p>dr. sc. Sanja \u0110urin<\/p>\n\n\n\n<p>dr. sc. Iva Ple\u0161e<\/p>\n\n\n\n<p>dr. sc. Naila Ceriba\u0161i\u0107<\/p>\n\n\n\n<p>dr. sc. Orlanda Obad<\/p>\n\n\n\n<p>dr. sc. Nata\u0161a Polgar<\/p>\n\n\n\n<p>dr. sc. Ivana \u0160tokov<\/p>\n\n\n\n<p>dr. sc. Bojan Mucko<\/p>\n\n\n\n<p>dr. sc. Jelena Ivani\u0161evi\u0107<\/p>\n\n\n\n<p>Dora Dunatov<\/p>\n\n\n\n<p>dr. sc. Maja Pasari\u0107<\/p>\n\n\n\n<p>dr. sc. Melanija Belaj<\/p>\n\n\n\n<p>dr. sc. Iva Niem\u010di\u0107<\/p>\n\n\n\n<p>dr. sc. Petar Bagari\u0107<\/p>\n\n\n\n<p>dr. sc. Marina Blagai\u0107 Bergman<\/p>\n\n\n\n<p>Zagreb, 15. srpnja 2024.<\/p>\n\n\n\n<hr class=\"wp-block-separator\"\/>\n\n\n\n<div class=\"wp-block-file\"><a href=\"https:\/\/historiografija.hr\/wp-content\/uploads\/2024\/07\/Priopc\u0301enje-IEF.pdf\">Priopc\u0301enje-IEF<\/a><a href=\"https:\/\/historiografija.hr\/wp-content\/uploads\/2024\/07\/Priopc\u0301enje-IEF.pdf\" class=\"wp-block-file__button\" download>Preuzmi<\/a><\/div>\n\n\n\n<hr class=\"wp-block-separator\"\/>\n\n\n\n<p>Izvor:<\/p>\n\n\n\n<figure class=\"wp-block-embed-wordpress wp-block-embed is-type-wp-embed is-provider-institut-za-etnologiju-i-folkloristiku\"><div class=\"wp-block-embed__wrapper\">\n<blockquote class=\"wp-embedded-content\" data-secret=\"BgUF6QuYB1\"><a href=\"https:\/\/www.ief.hr\/\">Naslovna<\/a><\/blockquote><iframe loading=\"lazy\" class=\"wp-embedded-content\" sandbox=\"allow-scripts\" security=\"restricted\" style=\"position: absolute; clip: rect(1px, 1px, 1px, 1px);\" title=\"&#8220;Naslovna&#8221; &#8212; Institut za etnologiju i folkloristiku\" src=\"https:\/\/www.ief.hr\/embed\/#?secret=BgUF6QuYB1\" data-secret=\"BgUF6QuYB1\" width=\"600\" height=\"338\" frameborder=\"0\" marginwidth=\"0\" marginheight=\"0\" scrolling=\"no\"><\/iframe>\n<\/div><\/figure>\n\n\n\n<hr class=\"wp-block-separator\"\/>\n\n\n\n<p>Iz medija:<\/p>\n\n\n\n<p><a href=\"https:\/\/hina.hr\/vijest\/11678530\">https:\/\/hina.hr\/vijest\/11678530<\/a><\/p>\n\n\n\n<p><a href=\"https:\/\/www.index.hr\/vijesti\/clanak\/etnolozi-izdali-priopcenje-oko-problema-rodnih-studija\/2582659.aspx\">https:\/\/www.index.hr\/vijesti\/clanak\/etnolozi-izdali-priopcenje-oko-problema-rodnih-studija\/2582659.aspx<\/a><\/p>\n\n\n\n<p><a href=\"https:\/\/www.srednja.hr\/faks\/etnologe-i-folkloriste-zabrinule-povrsne-rasprave-oko-rodnih-studija-sve-je-krenulo-jos-80-ih\/\">https:\/\/www.srednja.hr\/faks\/etnologe-i-folkloriste-zabrinule-povrsne-rasprave-oko-rodnih-studija-sve-je-krenulo-jos-80-ih\/<\/a><\/p>\n\n\n\n<figure class=\"wp-block-embed-wordpress wp-block-embed is-type-wp-embed is-provider-novi-list\"><div class=\"wp-block-embed__wrapper\">\n<blockquote class=\"wp-embedded-content\" data-secret=\"rVWWgQzXLa\"><a href=\"https:\/\/www.novilist.hr\/novosti\/hrvatska\/etnolozi-izrazili-zabrinutost-zbog-nestrucnih-rasprava-oko-rodnih-studija\/\">Etnolozi izrazili zabrinutost zbog nestru\u010dnih rasprava oko Rodnih studija<\/a><\/blockquote><iframe loading=\"lazy\" class=\"wp-embedded-content\" sandbox=\"allow-scripts\" security=\"restricted\" style=\"position: absolute; clip: rect(1px, 1px, 1px, 1px);\" title=\"&#8220;Etnolozi izrazili zabrinutost zbog nestru\u010dnih rasprava oko Rodnih studija&#8221; &#8212; Novi list\" src=\"https:\/\/www.novilist.hr\/novosti\/hrvatska\/etnolozi-izrazili-zabrinutost-zbog-nestrucnih-rasprava-oko-rodnih-studija\/embed\/#?secret=RThFiqUUH0#?secret=rVWWgQzXLa\" data-secret=\"rVWWgQzXLa\" width=\"600\" height=\"338\" frameborder=\"0\" marginwidth=\"0\" marginheight=\"0\" scrolling=\"no\"><\/iframe>\n<\/div><\/figure>\n\n\n\n<figure class=\"wp-block-embed-wordpress wp-block-embed is-type-wp-embed is-provider-narod-hr\"><div class=\"wp-block-embed__wrapper\">\n<blockquote class=\"wp-embedded-content\" data-secret=\"Mkm63O6Gdk\"><a href=\"https:\/\/narod.hr\/hrvatska\/institut-za-etnologiju-i-folkloristiku-stao-uz-rodne-studije-navevsi-krivu-informaciju-o-odbijenici\">Institut za etnologiju i folkloristiku stao uz Rodne studije navev\u0161i krivu informaciju o odbijenici<\/a><\/blockquote><iframe loading=\"lazy\" class=\"wp-embedded-content\" sandbox=\"allow-scripts\" security=\"restricted\" style=\"position: absolute; clip: rect(1px, 1px, 1px, 1px);\" title=\"&#8220;Institut za etnologiju i folkloristiku stao uz Rodne studije navev\u0161i krivu informaciju o odbijenici&#8221; &#8212; narod.hr\" src=\"https:\/\/narod.hr\/hrvatska\/institut-za-etnologiju-i-folkloristiku-stao-uz-rodne-studije-navevsi-krivu-informaciju-o-odbijenici\/embed#?secret=vWzoPUSo1Y#?secret=Mkm63O6Gdk\" data-secret=\"Mkm63O6Gdk\" width=\"600\" height=\"338\" frameborder=\"0\" marginwidth=\"0\" marginheight=\"0\" scrolling=\"no\"><\/iframe>\n<\/div><\/figure>\n\n\n\n<hr class=\"wp-block-separator\"\/>\n","protected":false},"excerpt":{"rendered":"","protected":false},"author":2,"featured_media":6346,"comment_status":"open","ping_status":"open","sticky":false,"template":"","format":"standard","meta":{"_acf_changed":false,"jetpack_post_was_ever_published":false,"_jetpack_newsletter_access":"","_jetpack_dont_email_post_to_subs":false,"_jetpack_newsletter_tier_id":0,"_jetpack_memberships_contains_paywalled_content":false,"_jetpack_memberships_contains_paid_content":false,"footnotes":"","jetpack_publicize_message":"","jetpack_publicize_feature_enabled":true,"jetpack_social_post_already_shared":true,"jetpack_social_options":{"image_generator_settings":{"template":"highway","default_image_id":0,"font":"","enabled":false},"version":2}},"categories":[3,17],"tags":[],"class_list":["post-41614","post","type-post","status-publish","format-standard","has-post-thumbnail","hentry","category-novosti","category-rasprave"],"acf":{"facebook_opis":""},"jetpack_publicize_connections":[],"jetpack_featured_media_url":"https:\/\/i0.wp.com\/historiografija.hr\/wp-content\/uploads\/2017\/10\/ief-logo.jpg?fit=600%2C400&ssl=1","jetpack_sharing_enabled":true,"jetpack-related-posts":[],"_links":{"self":[{"href":"https:\/\/historiografija.hr\/index.php?rest_route=\/wp\/v2\/posts\/41614","targetHints":{"allow":["GET"]}}],"collection":[{"href":"https:\/\/historiografija.hr\/index.php?rest_route=\/wp\/v2\/posts"}],"about":[{"href":"https:\/\/historiografija.hr\/index.php?rest_route=\/wp\/v2\/types\/post"}],"author":[{"embeddable":true,"href":"https:\/\/historiografija.hr\/index.php?rest_route=\/wp\/v2\/users\/2"}],"replies":[{"embeddable":true,"href":"https:\/\/historiografija.hr\/index.php?rest_route=%2Fwp%2Fv2%2Fcomments&post=41614"}],"version-history":[{"count":7,"href":"https:\/\/historiografija.hr\/index.php?rest_route=\/wp\/v2\/posts\/41614\/revisions"}],"predecessor-version":[{"id":41807,"href":"https:\/\/historiografija.hr\/index.php?rest_route=\/wp\/v2\/posts\/41614\/revisions\/41807"}],"wp:featuredmedia":[{"embeddable":true,"href":"https:\/\/historiografija.hr\/index.php?rest_route=\/wp\/v2\/media\/6346"}],"wp:attachment":[{"href":"https:\/\/historiografija.hr\/index.php?rest_route=%2Fwp%2Fv2%2Fmedia&parent=41614"}],"wp:term":[{"taxonomy":"category","embeddable":true,"href":"https:\/\/historiografija.hr\/index.php?rest_route=%2Fwp%2Fv2%2Fcategories&post=41614"},{"taxonomy":"post_tag","embeddable":true,"href":"https:\/\/historiografija.hr\/index.php?rest_route=%2Fwp%2Fv2%2Ftags&post=41614"}],"curies":[{"name":"wp","href":"https:\/\/api.w.org\/{rel}","templated":true}]}}