{"id":41600,"date":"2024-07-15T09:57:49","date_gmt":"2024-07-15T09:57:49","guid":{"rendered":"http:\/\/historiografija.hr\/?p=41600"},"modified":"2024-07-15T10:10:36","modified_gmt":"2024-07-15T10:10:36","slug":"reakcija-djelatnika-podruznice-za-povijest-slavonije-srijema-i-baranje-hrvatskog-instituta-za-povijest-povodom-javnih-napada-na-dr-sc-stanka-andrica","status":"publish","type":"post","link":"https:\/\/historiografija.hr\/?p=41600","title":{"rendered":"Reakcija djelatnika Podru\u017enice za povijest Slavonije, Srijema i Baranje Hrvatskog instituta za povijest povodom javnih napada na dr. sc. Stanka Andri\u0107a"},"content":{"rendered":"\n<p>Ni\u017eepotpisani djelatnici Podru\u017enice za povijest Slavonije, Srijema i Baranje Hrvatskog instituta za povijest, ponukani zbivanjima povezanim s izborom redovitih \u010dlanova HAZU, solidariziraju se s dr. sc. Stankom Andri\u0107em i osu\u0111uju bezrazlo\u017enu javnu i klevetni\u010dku hajku \u010diji je rezultat bio uskra\u0107ivanje redovitog \u010dlanstva u HAZU ovom povjesni\u010daru. Izra\u017eavamo potporu javnim reakcijama dekana i \u010dlanova Odsjeka za povijest <a href=\"https:\/\/historiografija.hr\/?p=40952\">Filozofskog fakulteta u Osijeku<\/a> te dr. sc. <a href=\"https:\/\/historiografija.hr\/?p=41145\">Zdravke Jelaske Marijan<\/a> u kojima su veoma argumentirano razobli\u010deni napadi na dr. sc. Stanka Andri\u0107a. <\/p>\n\n\n\n<p>Zgro\u017eeni smo maliciozno\u0161\u0107u, neutemeljeno\u0161\u0107u i niskom razinom politi\u010dki motivirane argumentacije akademika Josipa Pe\u010dari\u0107a, koja je bila upotrijebljena u kampanji protiv njegova izbora. Ovi napadi su bili usmjereni protiv Andri\u0107evih stavova, s kojima se netko ne mora slo\u017eiti, no koji nipo\u0161to ne daju povoda za postupke kojima je Andri\u0107 bio izlo\u017een. Osim toga, \u0161to je nama apsolutno nepojmljivo, omalova\u017eavana je vrijednost njegove znanstvene karijere. <\/p>\n\n\n\n<p>Na\u0161 kolega Stanko Andri\u0107 nije samo izniman znanstvenik, o \u010demu svjedo\u010de njegovi brojni, u doma\u0107im i inozemnim profesionalnim krugovima iznimno cijenjeni historiografski i filolo\u0161ki radovi, nego je rije\u010d o javnom slu\u017ebeniku dokazanih organizacijskih sposobnosti i neupitne eti\u010dnosti, \u0161to je pokazao vi\u0161egodi\u0161njim uspje\u0161nim vo\u0111enjem Podru\u017enice i njenog nakladni\u010dkog programa te ure\u0111ivanjem Scopusova \u010dasopisa <em>Scrinia Slavonica<\/em>, jedinstvenog periodi\u010dnog izdanja posve\u0107enog povijesti Slavonije, Srijema i Baranje. <\/p>\n\n\n\n<p>Stanko Andri\u0107 dao je bez sumnje najve\u0107i pojedina\u010dni doprinos u o\u017eivljavanju istra\u017eivanja srednjovjekovne povijesti Slavonije, Srijema i Baranje od devedesetih do danas te je ovo historiografsko podru\u010dje, dobrim dijelom njegovom zaslugom, dovedeno na zavidnu, me\u0111unarodno relevantnu razinu. Zadnjih pet godina intenzivno radi na nizu zahtjevnih monografskih knjiga o srednjovjekovnim samostanima razli\u010ditih crkvenih redova na podru\u010dju moderne Slavonije, Srijema i hrvatskog dijela Baranje. Njegov opus nesumnjivo opravdava njegovu kandidaturu i, nadamo se, budu\u0107i izbor za redovitog \u010dlana HAZU. <\/p>\n\n\n\n<p>Andri\u0107eve javne reakcije bile su i u pro\u0161losti posve\u0107ene borbi za profesionalizaciju i dignitet historiografije te su veoma dobro prihva\u0107ene u stru\u010dnoj javnosti, osobito me\u0111u povjesni\u010darima mla\u0111e generacije, rezultirav\u0161i u kona\u010dnici pozitivnim promjenama i napretkom struke. Ovdje prije svega mislimo na njegove istupe protiv povjesni\u010darskog \u0161arlatanstva dr. sc. Ivana Balte. Andri\u0107 je stekao glas iznimno korektnog kolege koji je do krajnosti posve\u0107en svojoj profesiji, ali je istovremeno spreman pomo\u0107i drugima u stru\u010dnim pitanjima te zauzeti i principijelno braniti stajali\u0161te, znanstveni integritet i elementarno po\u0161tenje, ponekad unato\u010d pritiscima. Zbog svega toga smatramo svojom du\u017eno\u0161\u0107u stati u njegovu obranu.<\/p>\n\n\n\n<p>Ivan Marjanovi\u0107, mag. educ. hist. et Croat. Lat.<\/p>\n\n\n\n<p>dr. sc. Dino Mujad\u017eevi\u0107, vi\u0161i znanstveni suradnik<\/p>\n\n\n\n<p>dr. sc. Ana Rajkovi\u0107 Peji\u0107, znanstvena suradnica<\/p>\n\n\n\n<p>Petar Seletkovi\u0107, prof.<\/p>\n\n\n\n<p>nasl. izv. prof. dr. sc. Marijan \u0160abi\u0107, znanstveni savjetnik<\/p>\n\n\n\n<p>dr. sc. Milan Vrbanus, znanstveni savjetnik<\/p>\n\n\n\n<p>dr. sc. Dinko \u017dupan, vi\u0161i znanstveni suradnik<\/p>\n\n\n\n<hr class=\"wp-block-separator\"\/>\n","protected":false},"excerpt":{"rendered":"","protected":false},"author":2,"featured_media":0,"comment_status":"open","ping_status":"open","sticky":false,"template":"","format":"standard","meta":{"_acf_changed":false,"jetpack_post_was_ever_published":false,"_jetpack_newsletter_access":"","_jetpack_dont_email_post_to_subs":false,"_jetpack_newsletter_tier_id":0,"_jetpack_memberships_contains_paywalled_content":false,"_jetpack_memberships_contains_paid_content":false,"footnotes":"","jetpack_publicize_message":"","jetpack_publicize_feature_enabled":true,"jetpack_social_post_already_shared":true,"jetpack_social_options":{"image_generator_settings":{"template":"highway","default_image_id":0,"font":"","enabled":false},"version":2}},"categories":[4,17],"tags":[],"class_list":["post-41600","post","type-post","status-publish","format-standard","hentry","category-osvrti","category-rasprave"],"acf":{"facebook_opis":""},"jetpack_publicize_connections":[],"jetpack_featured_media_url":"","jetpack_sharing_enabled":true,"jetpack-related-posts":[],"_links":{"self":[{"href":"https:\/\/historiografija.hr\/index.php?rest_route=\/wp\/v2\/posts\/41600","targetHints":{"allow":["GET"]}}],"collection":[{"href":"https:\/\/historiografija.hr\/index.php?rest_route=\/wp\/v2\/posts"}],"about":[{"href":"https:\/\/historiografija.hr\/index.php?rest_route=\/wp\/v2\/types\/post"}],"author":[{"embeddable":true,"href":"https:\/\/historiografija.hr\/index.php?rest_route=\/wp\/v2\/users\/2"}],"replies":[{"embeddable":true,"href":"https:\/\/historiografija.hr\/index.php?rest_route=%2Fwp%2Fv2%2Fcomments&post=41600"}],"version-history":[{"count":3,"href":"https:\/\/historiografija.hr\/index.php?rest_route=\/wp\/v2\/posts\/41600\/revisions"}],"predecessor-version":[{"id":41603,"href":"https:\/\/historiografija.hr\/index.php?rest_route=\/wp\/v2\/posts\/41600\/revisions\/41603"}],"wp:attachment":[{"href":"https:\/\/historiografija.hr\/index.php?rest_route=%2Fwp%2Fv2%2Fmedia&parent=41600"}],"wp:term":[{"taxonomy":"category","embeddable":true,"href":"https:\/\/historiografija.hr\/index.php?rest_route=%2Fwp%2Fv2%2Fcategories&post=41600"},{"taxonomy":"post_tag","embeddable":true,"href":"https:\/\/historiografija.hr\/index.php?rest_route=%2Fwp%2Fv2%2Ftags&post=41600"}],"curies":[{"name":"wp","href":"https:\/\/api.w.org\/{rel}","templated":true}]}}