{"id":41572,"date":"2024-07-13T21:12:12","date_gmt":"2024-07-13T21:12:12","guid":{"rendered":"http:\/\/historiografija.hr\/?p=41572"},"modified":"2024-07-24T20:37:09","modified_gmt":"2024-07-24T20:37:09","slug":"sto-dalje-nakon-upucivanja-rodnih-studija-na-novu-proceduru-prijave","status":"publish","type":"post","link":"https:\/\/historiografija.hr\/?p=41572","title":{"rendered":"\u0160to dalje nakon upu\u0107ivanja Rodnih studija na novu proceduru prijave?"},"content":{"rendered":"\n<p>Novu <a href=\"https:\/\/historiografija.hr\/?p=41419\">buru<\/a> u javnosti izazvala je vijest &#8211; o \u010demu vi\u0161e na poveznicama u nastavku &#8211; da je prijedlog Rodnih studija na Filozofskom fakultetu u Zagrebu upu\u0107en u novu proceduru prijave. Jedni to slavodobitno smatraju njihovim zaustavljanjem, a drugi da je upu\u0107ivanje na novu proceduru rezultat politi\u010dkih pritisaka, dok nadle\u017ena tijela odbacuju takva tuma\u010denja. Nismo dovoljno upu\u0107eni u sve detalje da bismo to mogli komentirati i pustit \u0107emo da se novozatra\u017eena procedura odvije do kraja.<\/p>\n\n\n\n<p>Sigurno je da \u0107e prijaviteljice studijskog programa, Filozofski fakultet i svi koji ih podr\u017eavamo nastaviti i dalje raditi sve \u0161to je potrebno za pokretanjem Rodnih studija, svim okolnostima usprkos. A okolnosti su odre\u0111ene atmosferom javnih poziva za njihovim zaustavljanjem ili zabranom &#8211; predvo\u0111enima politi\u010dkim napadima Hrvatskih suverenista, Mosta i Domovinskog pokreta \u2013 koji su u suprotnosti s autonomijom i svrhom sveu\u010dili\u0161ta, pa i liberalne demokracije. Tome se na\u017ealost pridru\u017eila i Hrvatska biskupska konferencija, primjerice <a href=\"https:\/\/ika.hkm.hr\/hbk\/priopcenje-komisije-iustitia-et-pax-o-najavi-uvodenja-rodnih-studija-na-filozofskom-fakultetu-u-zagrebu\/\">sljede\u0107im rije\u010dima<\/a>: \u201eVrijedno je naglasiti da i zakonodavac ima pravo, \u010dak i du\u017enost, ograni\u010diti i zabraniti studijske programe na javnim sveu\u010dili\u0161tima koji nisu u skladu s uvjerenjima ve\u0107ine gra\u0111ana, ili umjesto znanstvene misije promi\u010du ideolo\u0161ki aktivizam.\u201c<\/p>\n\n\n\n<p>Tom prilikom se polazi od tobo\u017enje neprihvatljivosti rodnih teorija, iako i u Katoli\u010dkoj crkvi o tome ima itekako druga\u010dijih pogleda. O tome svjedo\u010di naprimjer knjiga Jadranke Rebeke Ani\u0107 <em>Kako razumjeti rod? Povijest rasprave i razli\u010dita razumijevanja u Crkvi<\/em>, na koju smo ve\u0107 <a href=\"https:\/\/historiografija.hr\/?p=9256\">upu\u0107ivali<\/a>, a autorica je <a href=\"https:\/\/www.tockazarez.hr\/rebeka-anic-feministicka-teologija-nije-samo-potrebna-vec-je-i-nuzna\/\">nedavno<\/a> govorila i o va\u017enosti feministi\u010dke teologije.<\/p>\n\n\n\n<p>U cjelini, politi\u010dki i javni napadi na Rodne studije su na iznimno niskoj stru\u010dnoj i intelektualnoj razini koja duboko obezvre\u0111uje sve ono \u0161to je proteklih desetlje\u0107a pisano ili polemizirano o njima. Pritom se odbija uzeti u obzir \u010dak i polaznu \u010dinjenicu da je pojam roda ve\u0107 desetlje\u0107ima ukorijenjen u dru\u0161tvenim i humanisti\u010dkim znanostima. O \u010demu dobro svjedo\u010di primjerice svima dostupna natuknica <a href=\"https:\/\/www.enciklopedija.hr\/clanak\/53130\">Rod<\/a> <em>Hrvatske enciklopedije<\/em>.<\/p>\n\n\n\n<p>S obzirom na spomenuto zazivanje ograni\u010davanja studijskih programa ako su suprotna \u201euvjerenjima ve\u0107ine gra\u0111ana\u201c, treba re\u0107i nasuprot tome da je sveu\u010dili\u0161te mjesto na kojem na\u010delno mo\u017eete slobodno govoriti o raznim temama, oslobo\u0111eni bilo kakvog vanjskog pritiska ili imperativa ve\u0107inskog mi\u0161ljenja i dru\u0161tveno-politi\u010dkih o\u010dekivanja. Stoga je upravo sveu\u010dili\u0161te mjesto gdje se o\u010dekuje davanje prostora su\u010deljavanju razli\u010ditih mi\u0161ljenja, otvorenih kritici i slobodnoj diskusiji. Unato\u010d tome, \u010desto se u dijelu hrvatske javnosti smatra da sveu\u010dili\u0161no i \u0161kolsko obrazovanje samo trebaju prenositi uvrije\u017eena stajali\u0161ta koja nisu namijenjena nikakvom propitivanju.<\/p>\n\n\n\n<p>Zbog toga nas se ova problematika ti\u010de kao gra\u0111ana i gra\u0111anki, intelektualaca i intelektualki, znanstvenika i znanstvenica, povjesni\u010dara i povjesni\u010darki i povezana je s pitanjima kurikularne reforme, gra\u0111anskog odgoja, ud\u017ebenika (povijesti), popisa lektire \u2013 koja su \u010desto tako sna\u017eno prisutna u javnosti \u2013 a da o mnogim drugim povijesnim temama koje mogu izazvati buru u politi\u010dkoj i \u0161iroj javnosti te prate\u0107e posljedice i ne govorimo. Ne zaboravljamo pritom na povu\u010deni ud\u017ebenik povijesti \u201eZa\u0161to je povijest va\u017ena?\u201c ili odnos \u010dlanova HAZU prema Stanku Andri\u0107u zbog objave teksta koji propituje.<\/p>\n\n\n\n<p>I ovo \u0107e stoga nadalje za portal <em>Historiografija.hr<\/em> biti tema od na\u0161eg primarnog interesa.<\/p>\n\n\n\n<p>Jednom kad politi\u010dki i javni zahtjevi za zabranom studijskog programa poput ovog ne nai\u0111u na unisono suprotstavljanje akademske zajednice i drugih va\u017enih politi\u010dkih i dru\u0161tvenih instanci, presedan je napravljen i nastavit \u0107e se posve arbitrarno javljati i dalje, s jo\u0161 ve\u0107im apetitima. Izgleda dakle da dolazi vrijeme \u2013 kao kad su se sufra\u017eetkinje morale javnim zagovaranjima i protestima izboriti za pravo glasa za \u017eene \u2013 da \u0107emo se i mi morati kroz <a href=\"https:\/\/historiografija.hr\/?p=41505\">sindikalna<\/a> ili neka druga tijela organizirati kako bismo se javnim ogla\u0161avanjima ili prosvjeduju\u0107i izborili za o\u010duvanje znanstvenog prava glasa. Raspr\u0161eni pojedina\u010dni glasovi po medijima i portalima ne\u0107e izgleda biti dovoljni.<\/p>\n\n\n\n<p>Problematika nas se izravno historiografski ti\u010de i zbog toga jer je u predlo\u017eeni program izrijekom uklju\u010dena rodna povijest, u \u010demu sudjeluju na\u0161e kolegice povjesni\u010darke s Odsjeka za povijest Filozofskog fakulteta u Zagrebu koje se time ve\u0107 du\u017ee vremena bave. Povijest \u017eena i rodna povijest prisutne su u hrvatskoj historiografiji barem 40-ak godina, jo\u0161 tamo od 1980-ih godina. Upozoravali smo u <a href=\"https:\/\/historiografija.hr\/?p=41480\">na\u0161im<\/a> prethodnim prilozima na va\u017enu produkciju na\u0161ih kolegica i kolega (jedan od zadnjih priloga je i me\u0111unarodni tematski <a href=\"https:\/\/hrcak.srce.hr\/broj\/24470\">broj <\/a>u <em>Radovima Zavoda za hrvatsku povijest<\/em>), a tu je i vi\u0161e sveu\u010dili\u0161nih kolegija iz povijesti \u017eena i rodne povijesti koji se ve\u0107 godinama izvode.<\/p>\n\n\n\n<p>U hrvatskoj historiografiji afirmacija povijesti \u017eena i rodne povijesti nailazila je ve\u0107inom na interes i podr\u0161ku dovoljnog broja kolegica i kolega pa vjerujem da \u0107emo im mo\u0107i pru\u017eiti zajedni\u010dku podr\u0161ku i u ovom ili nekom drugom trenutku u kojem \u0107e im zatrebati.<\/p>\n\n\n\n<p>Ne kako bi mogle \u0161iriti \u201erodnu ideologiju\u201c (sic!), ve\u0107 pridonositi jednoj ve\u0107 odavno priznatoj znanstvenoj disciplini, su\u010deljuju\u0107i u svojim predavanjima razli\u010dita povijesna iskustva te razli\u010dita tuma\u010denja i pristupe temama iz povijesti \u017eena i rodne povijesti.<\/p>\n\n\n\n<p>O svim pak ovim i drugima temama od rodnih studija do sveu\u010dili\u0161ta, znanosti, mo\u0107i, ideologije i aktivizma mo\u017eemo uvijek nastaviti raspravljati i polemizirati. Upravo je u tome prava svrha sveu\u010dili\u0161ta.<\/p>\n\n\n\n<p>Branimir Jankovi\u0107<\/p>\n\n\n\n<p>Urednik portala Historiografija.hr<\/p>\n\n\n\n<hr class=\"wp-block-separator\"\/>\n\n\n\n<p>Iz medija:<\/p>\n\n\n\n<p><a href=\"https:\/\/www.vecernji.hr\/vijesti\/rodni-studiji-dobili-fuchsovu-odbijenicu-sudbina-ima-je-sada-vrlo-neizvjesna-1784215\">https:\/\/www.vecernji.hr\/vijesti\/rodni-studiji-dobili-fuchsovu-odbijenicu-sudbina-ima-je-sada-vrlo-neizvjesna-1784215<\/a><\/p>\n\n\n\n<p><a href=\"https:\/\/www.tportal.hr\/vijesti\/clanak\/ministarstvo-odbilo-rodne-studije-stigle-i-prve-reakcije-20240712\">https:\/\/www.tportal.hr\/vijesti\/clanak\/ministarstvo-odbilo-rodne-studije-stigle-i-prve-reakcije-20240712<\/a><\/p>\n\n\n\n<figure class=\"wp-block-embed-wordpress wp-block-embed is-type-wp-embed is-provider-n-1\"><div class=\"wp-block-embed__wrapper\">\n<blockquote class=\"wp-embedded-content\" data-secret=\"2QnGrqMv3z\"><a href=\"https:\/\/n1info.hr\/vijesti\/ministarstvo-odbilo-rodne-studije-stigle-i-prve-reakcije\/\">Ministarstvo odbilo Rodne studije, stigle i prve reakcije<\/a><\/blockquote><iframe loading=\"lazy\" class=\"wp-embedded-content\" sandbox=\"allow-scripts\" security=\"restricted\" style=\"position: absolute; clip: rect(1px, 1px, 1px, 1px);\" title=\"&#8220;Ministarstvo odbilo Rodne studije, stigle i prve reakcije&#8221; &#8212; N1\" src=\"https:\/\/n1info.hr\/vijesti\/ministarstvo-odbilo-rodne-studije-stigle-i-prve-reakcije\/embed\/#?secret=IvUZRIZvb4#?secret=2QnGrqMv3z\" data-secret=\"2QnGrqMv3z\" width=\"600\" height=\"338\" frameborder=\"0\" marginwidth=\"0\" marginheight=\"0\" scrolling=\"no\"><\/iframe>\n<\/div><\/figure>\n\n\n\n<p><a href=\"https:\/\/www.jutarnji.hr\/vijesti\/hrvatska\/ministarstvo-odbilo-rodne-studije-stizu-burne-reakcije-kosor-bas-kako-je-to-trazio-dp-15481271\">https:\/\/www.jutarnji.hr\/vijesti\/hrvatska\/ministarstvo-odbilo-rodne-studije-stizu-burne-reakcije-kosor-bas-kako-je-to-trazio-dp-15481271<\/a><\/p>\n\n\n\n<p><a href=\"https:\/\/www.telegram.hr\/politika-kriminal\/nista-od-rodnih-studija-navodno-zapelo-u-proceduri-pokretacica-uvjerena-da-iza-svega-stoji-politika-raspudic-ma-to-je-hdz-ova-finta\/\">https:\/\/www.telegram.hr\/politika-kriminal\/nista-od-rodnih-studija-navodno-zapelo-u-proceduri-pokretacica-uvjerena-da-iza-svega-stoji-politika-raspudic-ma-to-je-hdz-ova-finta\/<\/a><\/p>\n\n\n\n<figure class=\"wp-block-embed-wordpress wp-block-embed is-type-wp-embed is-provider-nacional-hr\"><div class=\"wp-block-embed__wrapper\">\n<blockquote class=\"wp-embedded-content\" data-secret=\"DVOYIFNq8A\"><a href=\"https:\/\/www.nacional.hr\/stizu-reakcije-ministarstvo-odbilo-rodne-studije-pavlicek-ovo-je-pobjeda-normalne-hrvatske\/\">SKANDAL! Ministarstvo odbilo Rodne studije, Plenkovi\u0107 je o\u010dito popustio Domovinskom pokretu. Reakcije plju\u0161te<\/a><\/blockquote><iframe loading=\"lazy\" class=\"wp-embedded-content\" sandbox=\"allow-scripts\" security=\"restricted\" style=\"position: absolute; clip: rect(1px, 1px, 1px, 1px);\" title=\"&#8220;SKANDAL! Ministarstvo odbilo Rodne studije, Plenkovi\u0107 je o\u010dito popustio Domovinskom pokretu. Reakcije plju\u0161te&#8221; &#8212; NACIONAL.HR\" src=\"https:\/\/www.nacional.hr\/stizu-reakcije-ministarstvo-odbilo-rodne-studije-pavlicek-ovo-je-pobjeda-normalne-hrvatske\/embed\/#?secret=RpeKcfG6hq#?secret=DVOYIFNq8A\" data-secret=\"DVOYIFNq8A\" width=\"600\" height=\"338\" frameborder=\"0\" marginwidth=\"0\" marginheight=\"0\" scrolling=\"no\"><\/iframe>\n<\/div><\/figure>\n\n\n\n<p><a href=\"https:\/\/www.vecernji.hr\/vijesti\/fuchs-rodni-studiji-moraju-ponoviti-postupak-akreditacije-zahtjev-poslali-na-krivu-adresu-1784469\">https:\/\/www.vecernji.hr\/vijesti\/fuchs-rodni-studiji-moraju-ponoviti-postupak-akreditacije-zahtjev-poslali-na-krivu-adresu-1784469<\/a><\/p>\n\n\n\n<p><a href=\"https:\/\/www.index.hr\/vijesti\/clanak\/pokretacica-rodnih-studija-moramo-ponovno-traziti-dozvolu-to-ce-trajati-godinu-dana\/2581847.aspx\">https:\/\/www.index.hr\/vijesti\/clanak\/pokretacica-rodnih-studija-moramo-ponovno-traziti-dozvolu-to-ce-trajati-godinu-dana\/2581847.aspx<\/a><\/p>\n\n\n\n<p><a href=\"https:\/\/www.24sata.hr\/news\/ministarstvo-je-odbilo-osnivanje-rodnih-studija-ismijavaju-nas-i-prave-nas-budalama-strasno-993870\">https:\/\/www.24sata.hr\/news\/ministarstvo-je-odbilo-osnivanje-rodnih-studija-ismijavaju-nas-i-prave-nas-budalama-strasno-993870<\/a><\/p>\n\n\n\n<p><a href=\"https:\/\/www.tportal.hr\/vijesti\/clanak\/agencija-nismo-imali-rodne-studije-u-postupku-vrednovanja-studijskih-programa-20240712\">https:\/\/www.tportal.hr\/vijesti\/clanak\/agencija-nismo-imali-rodne-studije-u-postupku-vrednovanja-studijskih-programa-20240712<\/a><\/p>\n\n\n\n<figure class=\"wp-block-embed-wordpress wp-block-embed is-type-wp-embed is-provider-novi-list\"><div class=\"wp-block-embed__wrapper\">\n<blockquote class=\"wp-embedded-content\" data-secret=\"lPS3StgBvU\"><a href=\"https:\/\/www.novilist.hr\/novosti\/pala-je-odluka-da-rodni-studiji-moraju-ponovo-zatraziti-akreditaciju-to-moze-trajati-i-godinu-dana\/\">Pala je odluka da Rodni studiji moraju ponovo zatra\u017eiti akreditaciju. To mo\u017ee trajati i godinu dana<\/a><\/blockquote><iframe loading=\"lazy\" class=\"wp-embedded-content\" sandbox=\"allow-scripts\" security=\"restricted\" style=\"position: absolute; clip: rect(1px, 1px, 1px, 1px);\" title=\"&#8220;Pala je odluka da Rodni studiji moraju ponovo zatra\u017eiti akreditaciju. To mo\u017ee trajati i godinu dana&#8221; &#8212; Novi list\" src=\"https:\/\/www.novilist.hr\/novosti\/pala-je-odluka-da-rodni-studiji-moraju-ponovo-zatraziti-akreditaciju-to-moze-trajati-i-godinu-dana\/embed\/#?secret=ElExQ1MOUp#?secret=lPS3StgBvU\" data-secret=\"lPS3StgBvU\" width=\"600\" height=\"338\" frameborder=\"0\" marginwidth=\"0\" marginheight=\"0\" scrolling=\"no\"><\/iframe>\n<\/div><\/figure>\n\n\n\n<p><a href=\"https:\/\/h-alter.org\/vijesti\/rodne-studije-na-ffzg-u-srusilo-resorno-ministarstvo-desnica-trijumfira\/\">https:\/\/h-alter.org\/vijesti\/rodne-studije-na-ffzg-u-srusilo-resorno-ministarstvo-desnica-trijumfira\/<\/a><\/p>\n\n\n\n<p><a href=\"https:\/\/www.portalnovosti.com\/odbijena-akreditacija-rodnim-studijima\">https:\/\/www.portalnovosti.com\/odbijena-akreditacija-rodnim-studijima<\/a><\/p>\n\n\n\n<p><a href=\"https:\/\/vijesti.hrt.hr\/hrvatska\/program-rodnih-studija-vracen-na-dodatno-uskladivanje-11657121\">https:\/\/vijesti.hrt.hr\/hrvatska\/program-rodnih-studija-vracen-na-dodatno-uskladivanje-11657121<\/a><\/p>\n\n\n\n<p><a href=\"https:\/\/vijesti.hrt.hr\/hrvatska\/fuchs-rodni-studiji-nisu-dobili-odbijenicu-poslali-su-zahtjev-na-krivu-adresu-11657374\">https:\/\/vijesti.hrt.hr\/hrvatska\/fuchs-rodni-studiji-nisu-dobili-odbijenicu-poslali-su-zahtjev-na-krivu-adresu-11657374<\/a><\/p>\n\n\n\n<p><a href=\"https:\/\/www.index.hr\/vijesti\/clanak\/fuchs-rodni-studiji-nisu-dobili-odbijenicu-poslali-su-zahtjev-na-krivu-adresu\/2581868.aspx?index_ref=naslovnica_vijesti_najnovije_d\">https:\/\/www.index.hr\/vijesti\/clanak\/fuchs-rodni-studiji-nisu-dobili-odbijenicu-poslali-su-zahtjev-na-krivu-adresu\/2581868.aspx<\/a><\/p>\n\n\n\n<figure class=\"wp-block-embed-wordpress wp-block-embed is-type-wp-embed is-provider-n-1\"><div class=\"wp-block-embed__wrapper\">\n<blockquote class=\"wp-embedded-content\" data-secret=\"uClGZoiYzs\"><a href=\"https:\/\/n1info.hr\/vijesti\/fuchs-rodni-studiji-nisu-dobili-odbijenicu-zahtjev-su-poslali-na-krivu-adresu\/\">Fuchs: Rodni studiji nisu dobili odbijenicu, zahtjev su poslali na krivu adresu!<\/a><\/blockquote><iframe loading=\"lazy\" class=\"wp-embedded-content\" sandbox=\"allow-scripts\" security=\"restricted\" style=\"position: absolute; clip: rect(1px, 1px, 1px, 1px);\" title=\"&#8220;Fuchs: Rodni studiji nisu dobili odbijenicu, zahtjev su poslali na krivu adresu!&#8221; &#8212; N1\" src=\"https:\/\/n1info.hr\/vijesti\/fuchs-rodni-studiji-nisu-dobili-odbijenicu-zahtjev-su-poslali-na-krivu-adresu\/embed\/#?secret=GMMsyMSYm9#?secret=uClGZoiYzs\" data-secret=\"uClGZoiYzs\" width=\"600\" height=\"338\" frameborder=\"0\" marginwidth=\"0\" marginheight=\"0\" scrolling=\"no\"><\/iframe>\n<\/div><\/figure>\n\n\n\n<p><a href=\"https:\/\/www.srednja.hr\/faks\/filozofskom-stigla-odbijenica-ministarstva-oko-rodnih-studija-moraju-na-jos-jednu-recenziju\/\">https:\/\/www.srednja.hr\/faks\/filozofskom-stigla-odbijenica-ministarstva-oko-rodnih-studija-moraju-na-jos-jednu-recenziju\/<\/a><\/p>\n\n\n\n<p><a href=\"https:\/\/www.telegram.hr\/politika-kriminal\/fuchs-tvrdi-da-uopce-nije-odbio-rodne-studije-ali-peternel-je-svejedno-odusevljen-eto-vidite-da-vlast-to-moze\/\">https:\/\/www.telegram.hr\/politika-kriminal\/fuchs-tvrdi-da-uopce-nije-odbio-rodne-studije-ali-peternel-je-svejedno-odusevljen-eto-vidite-da-vlast-to-moze\/<\/a><\/p>\n\n\n\n<p><a href=\"https:\/\/www.24sata.hr\/news\/ministarstvo-za-24sata-rodni-studiji-nisu-dobili-odbijenicu-na-krivu-adresu-je-stigao-zahtjev-994082\">https:\/\/www.24sata.hr\/news\/ministarstvo-za-24sata-rodni-studiji-nisu-dobili-odbijenicu-na-krivu-adresu-je-stigao-zahtjev-994082<\/a><\/p>\n\n\n\n<p><a href=\"https:\/\/narod.hr\/hrvatska\/fuchs-potvrdio-narod-hr-donio-tocnu-informaciju-o-rodnim-studijima\">https:\/\/narod.hr\/hrvatska\/fuchs-potvrdio-narod-hr-donio-tocnu-informaciju-o-rodnim-studijima<\/a><\/p>\n\n\n\n<p><a href=\"https:\/\/narod.hr\/hrvatska\/evo-sto-je-ministarstvo-zapravo-odgovorilo-o-rodnim-studijima\">https:\/\/narod.hr\/hrvatska\/evo-sto-je-ministarstvo-zapravo-odgovorilo-o-rodnim-studijima<\/a><\/p>\n\n\n\n<figure class=\"wp-block-embed-wordpress wp-block-embed is-type-wp-embed is-provider-n-1\"><div class=\"wp-block-embed__wrapper\">\n<blockquote class=\"wp-embedded-content\" data-secret=\"8ilSerJJb0\"><a href=\"https:\/\/n1info.hr\/vijesti\/kroflin-rodni-studiji-su-samo-pocetak\/\">Kroflin: Rodni studiji su samo po\u010detak<\/a><\/blockquote><iframe loading=\"lazy\" class=\"wp-embedded-content\" sandbox=\"allow-scripts\" security=\"restricted\" style=\"position: absolute; clip: rect(1px, 1px, 1px, 1px);\" title=\"&#8220;Kroflin: Rodni studiji su samo po\u010detak&#8221; &#8212; N1\" src=\"https:\/\/n1info.hr\/vijesti\/kroflin-rodni-studiji-su-samo-pocetak\/embed\/#?secret=DALUBlGwMO#?secret=8ilSerJJb0\" data-secret=\"8ilSerJJb0\" width=\"600\" height=\"338\" frameborder=\"0\" marginwidth=\"0\" marginheight=\"0\" scrolling=\"no\"><\/iframe>\n<\/div><\/figure>\n\n\n\n<figure class=\"wp-block-embed-wordpress wp-block-embed is-type-wp-embed is-provider-nacional-hr\"><div class=\"wp-block-embed__wrapper\">\n<blockquote class=\"wp-embedded-content\" data-secret=\"7HBgC5NZ02\"><a href=\"https:\/\/www.nacional.hr\/opasan-presedan-kroflin-rodni-studiji-su-samo-pocetak\/\">OPASAN PRESEDAN! Kroflin: Rodni studiji su samo po\u010detak<\/a><\/blockquote><iframe loading=\"lazy\" class=\"wp-embedded-content\" sandbox=\"allow-scripts\" security=\"restricted\" style=\"position: absolute; clip: rect(1px, 1px, 1px, 1px);\" title=\"&#8220;OPASAN PRESEDAN! Kroflin: Rodni studiji su samo po\u010detak&#8221; &#8212; NACIONAL.HR\" src=\"https:\/\/www.nacional.hr\/opasan-presedan-kroflin-rodni-studiji-su-samo-pocetak\/embed\/#?secret=aDQNVOKIE9#?secret=7HBgC5NZ02\" data-secret=\"7HBgC5NZ02\" width=\"600\" height=\"338\" frameborder=\"0\" marginwidth=\"0\" marginheight=\"0\" scrolling=\"no\"><\/iframe>\n<\/div><\/figure>\n\n\n\n<p><a href=\"https:\/\/www.srednja.hr\/faks\/rektora-smo-trazili-komentar-na-histeriju-oko-rodnih-studija-sveuciliste-i-vodstvo-se-ne-prepiru-s-politicarima\/\">https:\/\/www.srednja.hr\/faks\/rektora-smo-trazili-komentar-na-histeriju-oko-rodnih-studija-sveuciliste-i-vodstvo-se-ne-prepiru-s-politicarima\/<\/a><\/p>\n\n\n\n<figure class=\"wp-block-embed-wordpress wp-block-embed is-type-wp-embed is-provider-n-1\"><div class=\"wp-block-embed__wrapper\">\n<blockquote class=\"wp-embedded-content\" data-secret=\"TX3sFcwcWQ\"><a href=\"https:\/\/n1info.hr\/vijesti\/franka-galic-rodni-studiji-diktatura\/\">Profesorica o Rodnim studijima: Kad smo podnosili zahtjev, nije bilo nikakve druge adrese<\/a><\/blockquote><iframe loading=\"lazy\" class=\"wp-embedded-content\" sandbox=\"allow-scripts\" security=\"restricted\" style=\"position: absolute; clip: rect(1px, 1px, 1px, 1px);\" title=\"&#8220;Profesorica o Rodnim studijima: Kad smo podnosili zahtjev, nije bilo nikakve druge adrese&#8221; &#8212; N1\" src=\"https:\/\/n1info.hr\/vijesti\/franka-galic-rodni-studiji-diktatura\/embed\/#?secret=jPEDs2Sych#?secret=TX3sFcwcWQ\" data-secret=\"TX3sFcwcWQ\" width=\"600\" height=\"338\" frameborder=\"0\" marginwidth=\"0\" marginheight=\"0\" scrolling=\"no\"><\/iframe>\n<\/div><\/figure>\n\n\n\n<p><a href=\"https:\/\/www.index.hr\/vijesti\/clanak\/profesorica-koja-zeli-oformiti-rodne-studije-nije-to-novost-koja-je-pala-s-marsa\/2581961.aspx\">https:\/\/www.index.hr\/vijesti\/clanak\/profesorica-koja-zeli-oformiti-rodne-studije-nije-to-novost-koja-je-pala-s-marsa\/2581961.aspx<\/a><\/p>\n\n\n\n<p><a href=\"https:\/\/n1info.hr\/vijesti\/sto-ce-biti-s-rodnim-studijima\/\">https:\/\/n1info.hr\/vijesti\/sto-ce-biti-s-rodnim-studijima\/<\/a><\/p>\n\n\n\n<p><a href=\"https:\/\/www.telegram.hr\/politika-kriminal\/jako-prigodno-zvuci-teza-da-je-politika-ideoloski-otkantala-rodne-studije-ali-ovoga-puta-prica-je-puno-banalnija-donosimo-sve-kljucne-cinjenice\/\">https:\/\/www.telegram.hr\/politika-kriminal\/jako-prigodno-zvuci-teza-da-je-politika-ideoloski-otkantala-rodne-studije-ali-ovoga-puta-prica-je-puno-banalnija-donosimo-sve-kljucne-cinjenice\/<\/a><\/p>\n\n\n\n<figure class=\"wp-block-embed-wordpress wp-block-embed is-type-wp-embed is-provider-narod-hr\"><div class=\"wp-block-embed__wrapper\">\n<blockquote class=\"wp-embedded-content\" data-secret=\"zFaMQlk5jR\"><a href=\"https:\/\/narod.hr\/hrvatska\/rodni-studiji-koju-proceduru-su-prosli-do-sada\">Rodni studiji: Koju proceduru su pro\u0161li do sada?<\/a><\/blockquote><iframe loading=\"lazy\" class=\"wp-embedded-content\" sandbox=\"allow-scripts\" security=\"restricted\" style=\"position: absolute; clip: rect(1px, 1px, 1px, 1px);\" title=\"&#8220;Rodni studiji: Koju proceduru su pro\u0161li do sada?&#8221; &#8212; narod.hr\" src=\"https:\/\/narod.hr\/hrvatska\/rodni-studiji-koju-proceduru-su-prosli-do-sada\/embed#?secret=SyarOFXxov#?secret=zFaMQlk5jR\" data-secret=\"zFaMQlk5jR\" width=\"600\" height=\"338\" frameborder=\"0\" marginwidth=\"0\" marginheight=\"0\" scrolling=\"no\"><\/iframe>\n<\/div><\/figure>\n\n\n\n<p><a href=\"https:\/\/www.vecernji.hr\/vijesti\/rodni-studiji-ne-negiraju-spol-to-je-samo-u-glavi-desnih-politicara-koji-pokazuju-bahatost-i-manjak-pameti-1784507\">https:\/\/www.vecernji.hr\/vijesti\/rodni-studiji-ne-negiraju-spol-to-je-samo-u-glavi-desnih-politicara-koji-pokazuju-bahatost-i-manjak-pameti-1784507<\/a><\/p>\n\n\n\n<figure class=\"wp-block-embed-wordpress wp-block-embed is-type-wp-embed is-provider-nacional-hr\"><div class=\"wp-block-embed__wrapper\">\n<blockquote class=\"wp-embedded-content\" data-secret=\"5QAoO9IehO\"><a href=\"https:\/\/www.nacional.hr\/forum-zena-sdp-a-konzervativci-i-desnicari-se-ne-moraju-bojati-da-ce-rod-zamijeniti-rodu\/\">FORUM \u017dENA SDP-A &#8216;Konzervativci i desni\u010dari se ne moraju bojati da \u0107e rod zamijeniti ro\u0111u&#8217;<\/a><\/blockquote><iframe loading=\"lazy\" class=\"wp-embedded-content\" sandbox=\"allow-scripts\" security=\"restricted\" style=\"position: absolute; clip: rect(1px, 1px, 1px, 1px);\" title=\"&#8220;FORUM \u017dENA SDP-A &#8216;Konzervativci i desni\u010dari se ne moraju bojati da \u0107e rod zamijeniti ro\u0111u&#8217;&#8221; &#8212; NACIONAL.HR\" src=\"https:\/\/www.nacional.hr\/forum-zena-sdp-a-konzervativci-i-desnicari-se-ne-moraju-bojati-da-ce-rod-zamijeniti-rodu\/embed\/#?secret=QPPDBkIDXj#?secret=5QAoO9IehO\" data-secret=\"5QAoO9IehO\" width=\"600\" height=\"338\" frameborder=\"0\" marginwidth=\"0\" marginheight=\"0\" scrolling=\"no\"><\/iframe>\n<\/div><\/figure>\n\n\n\n<p><a href=\"https:\/\/www.tportal.hr\/komentatori\/clanak\/nista-rod-samo-politicka-magla-kako-se-raskriknao-domovinski-pokret-foto-20240713\">https:\/\/www.tportal.hr\/komentatori\/clanak\/nista-rod-samo-politicka-magla-kako-se-raskriknao-domovinski-pokret-foto-20240713<\/a><\/p>\n\n\n\n<p><a href=\"https:\/\/www.jutarnji.hr\/vijesti\/hrvatska\/fuchs-je-rodne-studije-ugusio-plinom-za-uspavljivanje-plenkovicevksi-s-apaurinom-i-votkom-15481830\">https:\/\/www.jutarnji.hr\/vijesti\/hrvatska\/fuchs-je-rodne-studije-ugusio-plinom-za-uspavljivanje-plenkovicevksi-s-apaurinom-i-votkom-15481830<\/a><\/p>\n\n\n\n<p><a href=\"https:\/\/vijesti.hrt.hr\/hrvatska\/plenkovic-o-polemici-o-rodnim-studijima-smijesno-to-sve-skupa-izgleda-11658608\">https:\/\/vijesti.hrt.hr\/hrvatska\/plenkovic-o-polemici-o-rodnim-studijima-smijesno-to-sve-skupa-izgleda-11658608<\/a><\/p>\n\n\n\n<p><a href=\"https:\/\/www.srednja.hr\/faks\/na-filozofskom-u-rijeci-postoji-centar-koji-se-bavi-rodnim-studijima-i-feminizmom-pokrecu-novi-program\/\">https:\/\/www.srednja.hr\/faks\/na-filozofskom-u-rijeci-postoji-centar-koji-se-bavi-rodnim-studijima-i-feminizmom-pokrecu-novi-program\/<\/a><\/p>\n\n\n\n<p><a href=\"https:\/\/www.jutarnji.hr\/vijesti\/hrvatska\/cakardic-marija-selak-raspudic-gusi-krvavo-stecena-zenska-prava-a-nino-raspudic-je-intelektualno-lijen-i-nepismen-15482107\">https:\/\/www.jutarnji.hr\/vijesti\/hrvatska\/cakardic-marija-selak-raspudic-gusi-krvavo-stecena-zenska-prava-a-nino-raspudic-je-intelektualno-lijen-i-nepismen-15482107<\/a><\/p>\n\n\n\n<p><a href=\"https:\/\/www.portalnovosti.com\/red-i-rod\">https:\/\/www.portalnovosti.com\/red-i-rod<\/a><\/p>\n\n\n\n<p><a href=\"https:\/\/www.vecernji.hr\/vijesti\/rodni-studiji-znanstveno-utemeljeni-crkvi-su-prihvatljivi-predrasuda-prema-ff-u-1784518\">https:\/\/www.vecernji.hr\/vijesti\/rodni-studiji-znanstveno-utemeljeni-crkvi-su-prihvatljivi-predrasuda-prema-ff-u-1784518<\/a><\/p>\n\n\n\n<p><a href=\"https:\/\/www.telegram.hr\/politika-kriminal\/ovo-bi-moglo-razbjesniti-biskupe-i-dp-sva-hrvatska-sveucilista-obecala-da-ce-poducavati-o-rodnim-pitanjima-inace-ostaju-bez-ogromnog-novca\/\">https:\/\/www.telegram.hr\/politika-kriminal\/ovo-bi-moglo-razbjesniti-biskupe-i-dp-sva-hrvatska-sveucilista-obecala-da-ce-poducavati-o-rodnim-pitanjima-inace-ostaju-bez-ogromnog-novca\/<\/a><\/p>\n\n\n\n<figure class=\"wp-block-embed-wordpress wp-block-embed is-type-wp-embed is-provider-glas-koncila\"><div class=\"wp-block-embed__wrapper\">\n<blockquote class=\"wp-embedded-content\" data-secret=\"2F3lpkaomt\"><a href=\"https:\/\/www.glas-koncila.hr\/za-buduci-kaos-rodna-trazi-uhljebiste\/\">ZA BUDU\u0106I KAOS Rodna tra\u017ei uhljebi\u0161te<\/a><\/blockquote><iframe loading=\"lazy\" class=\"wp-embedded-content\" sandbox=\"allow-scripts\" security=\"restricted\" style=\"position: absolute; clip: rect(1px, 1px, 1px, 1px);\" title=\"&#8220;ZA BUDU\u0106I KAOS Rodna tra\u017ei uhljebi\u0161te&#8221; &#8212; Glas Koncila\" src=\"https:\/\/www.glas-koncila.hr\/za-buduci-kaos-rodna-trazi-uhljebiste\/embed\/#?secret=KnckGfyL9W#?secret=2F3lpkaomt\" data-secret=\"2F3lpkaomt\" width=\"600\" height=\"338\" frameborder=\"0\" marginwidth=\"0\" marginheight=\"0\" scrolling=\"no\"><\/iframe>\n<\/div><\/figure>\n\n\n\n<p><a href=\"https:\/\/vijesti.hrt.hr\/hrvatska\/lakusic-rodni-studiji-s-ovim-programom-su-ustvari-zenski-studiji-11662941\">https:\/\/vijesti.hrt.hr\/hrvatska\/lakusic-rodni-studiji-s-ovim-programom-su-ustvari-zenski-studiji-11662941<\/a><\/p>\n\n\n\n<p><a href=\"https:\/\/www.telegram.hr\/politika-kriminal\/rektoru-su-sveuciliste-i-vlada-dvije-spojene-posude-a-rodni-studiji-imaju-pogresan-naziv-gledajte-to-su-vam-zapravo-zenski-studiji\/\">https:\/\/www.telegram.hr\/politika-kriminal\/rektoru-su-sveuciliste-i-vlada-dvije-spojene-posude-a-rodni-studiji-imaju-pogresan-naziv-gledajte-to-su-vam-zapravo-zenski-studiji\/<\/a><\/p>\n\n\n\n<figure class=\"wp-block-embed-wordpress wp-block-embed is-type-wp-embed is-provider-bilten\"><div class=\"wp-block-embed__wrapper\">\n<blockquote class=\"wp-embedded-content\" data-secret=\"kDeK7nd2ok\"><a href=\"https:\/\/www.bilten.org\/?p=47242\">O rodu i narodu<\/a><\/blockquote><iframe loading=\"lazy\" class=\"wp-embedded-content\" sandbox=\"allow-scripts\" security=\"restricted\" style=\"position: absolute; clip: rect(1px, 1px, 1px, 1px);\" title=\"&#8220;O rodu i narodu&#8221; &#8212; Bilten\" src=\"https:\/\/www.bilten.org\/?p=47242&#038;embed=true#?secret=LQZAI9S5A6#?secret=kDeK7nd2ok\" data-secret=\"kDeK7nd2ok\" width=\"600\" height=\"338\" frameborder=\"0\" marginwidth=\"0\" marginheight=\"0\" scrolling=\"no\"><\/iframe>\n<\/div><\/figure>\n\n\n\n<p><a href=\"https:\/\/www.jutarnji.hr\/vijesti\/hrvatska\/studij-oko-kojeg-se-pokrenula-bura-ugusen-jer-je-zahtjev-poslan-na-krivu-adresu-pa-prihvatili-su-ga-nismo-ludi-15482824\">https:\/\/www.jutarnji.hr\/vijesti\/hrvatska\/studij-oko-kojeg-se-pokrenula-bura-ugusen-jer-je-zahtjev-poslan-na-krivu-adresu-pa-prihvatili-su-ga-nismo-ludi-15482824<\/a><\/p>\n\n\n\n<p><a href=\"https:\/\/www.portalnovosti.com\/branka-galic-cini-se-da-su-rodni-studiji-specijalan-slucaj\">https:\/\/www.portalnovosti.com\/branka-galic-cini-se-da-su-rodni-studiji-specijalan-slucaj<\/a><\/p>\n\n\n\n<figure class=\"wp-block-embed-wordpress wp-block-embed is-type-wp-embed is-provider-narod-hr\"><div class=\"wp-block-embed__wrapper\">\n<blockquote class=\"wp-embedded-content\" data-secret=\"HhCgkgPBC9\"><a href=\"https:\/\/narod.hr\/hrvatska\/mogu-li-se-i-gdje-zaposljavati-magistri-rodnih-studija-evo-sto-kaze-hzz\">Mogu li se i gdje zapo\u0161ljavati magistri &#8216;rodnih studija&#8217;? Evo \u0161to ka\u017ee HZZ<\/a><\/blockquote><iframe loading=\"lazy\" class=\"wp-embedded-content\" sandbox=\"allow-scripts\" security=\"restricted\" style=\"position: absolute; clip: rect(1px, 1px, 1px, 1px);\" title=\"&#8220;Mogu li se i gdje zapo\u0161ljavati magistri &#8216;rodnih studija&#8217;? Evo \u0161to ka\u017ee HZZ&#8221; &#8212; narod.hr\" src=\"https:\/\/narod.hr\/hrvatska\/mogu-li-se-i-gdje-zaposljavati-magistri-rodnih-studija-evo-sto-kaze-hzz\/embed#?secret=KxDPzRf7US#?secret=HhCgkgPBC9\" data-secret=\"HhCgkgPBC9\" width=\"600\" height=\"338\" frameborder=\"0\" marginwidth=\"0\" marginheight=\"0\" scrolling=\"no\"><\/iframe>\n<\/div><\/figure>\n\n\n\n<p><a href=\"https:\/\/voxfeminae.net\/pravednost\/tko-se-boji-rodnih-studija-jos\/\">https:\/\/voxfeminae.net\/pravednost\/tko-se-boji-rodnih-studija-jos\/<\/a><\/p>\n\n\n\n<p><a href=\"https:\/\/www.telegram.hr\/politika-kriminal\/ministar-demografije-najavio-prvu-konkretnu-mjeru-docekat-cemo-svakog-hrvata-povratnika-dobit-ce-brosuru-katolickog-sveucilista\/\">https:\/\/www.telegram.hr\/politika-kriminal\/ministar-demografije-najavio-prvu-konkretnu-mjeru-docekat-cemo-svakog-hrvata-povratnika-dobit-ce-brosuru-katolickog-sveucilista\/<\/a><\/p>\n\n\n\n<hr class=\"wp-block-separator\"\/>\n\n\n\n<p><\/p>\n","protected":false},"excerpt":{"rendered":"","protected":false},"author":2,"featured_media":41506,"comment_status":"open","ping_status":"open","sticky":false,"template":"","format":"standard","meta":{"_acf_changed":false,"jetpack_post_was_ever_published":false,"_jetpack_newsletter_access":"","_jetpack_dont_email_post_to_subs":false,"_jetpack_newsletter_tier_id":0,"_jetpack_memberships_contains_paywalled_content":false,"_jetpack_memberships_contains_paid_content":false,"footnotes":"","jetpack_publicize_message":"","jetpack_publicize_feature_enabled":true,"jetpack_social_post_already_shared":true,"jetpack_social_options":{"image_generator_settings":{"template":"highway","default_image_id":0,"font":"","enabled":false},"version":2}},"categories":[3,17],"tags":[],"class_list":["post-41572","post","type-post","status-publish","format-standard","has-post-thumbnail","hentry","category-novosti","category-rasprave"],"acf":{"facebook_opis":""},"jetpack_publicize_connections":[],"jetpack_featured_media_url":"https:\/\/i0.wp.com\/historiografija.hr\/wp-content\/uploads\/2024\/07\/Rodna_povijest-1.jpg?fit=765%2C325&ssl=1","jetpack_sharing_enabled":true,"jetpack-related-posts":[],"_links":{"self":[{"href":"https:\/\/historiografija.hr\/index.php?rest_route=\/wp\/v2\/posts\/41572","targetHints":{"allow":["GET"]}}],"collection":[{"href":"https:\/\/historiografija.hr\/index.php?rest_route=\/wp\/v2\/posts"}],"about":[{"href":"https:\/\/historiografija.hr\/index.php?rest_route=\/wp\/v2\/types\/post"}],"author":[{"embeddable":true,"href":"https:\/\/historiografija.hr\/index.php?rest_route=\/wp\/v2\/users\/2"}],"replies":[{"embeddable":true,"href":"https:\/\/historiografija.hr\/index.php?rest_route=%2Fwp%2Fv2%2Fcomments&post=41572"}],"version-history":[{"count":35,"href":"https:\/\/historiografija.hr\/index.php?rest_route=\/wp\/v2\/posts\/41572\/revisions"}],"predecessor-version":[{"id":41757,"href":"https:\/\/historiografija.hr\/index.php?rest_route=\/wp\/v2\/posts\/41572\/revisions\/41757"}],"wp:featuredmedia":[{"embeddable":true,"href":"https:\/\/historiografija.hr\/index.php?rest_route=\/wp\/v2\/media\/41506"}],"wp:attachment":[{"href":"https:\/\/historiografija.hr\/index.php?rest_route=%2Fwp%2Fv2%2Fmedia&parent=41572"}],"wp:term":[{"taxonomy":"category","embeddable":true,"href":"https:\/\/historiografija.hr\/index.php?rest_route=%2Fwp%2Fv2%2Fcategories&post=41572"},{"taxonomy":"post_tag","embeddable":true,"href":"https:\/\/historiografija.hr\/index.php?rest_route=%2Fwp%2Fv2%2Ftags&post=41572"}],"curies":[{"name":"wp","href":"https:\/\/api.w.org\/{rel}","templated":true}]}}